{"id":99085,"date":"2025-05-14T10:11:07","date_gmt":"2025-05-14T10:11:07","guid":{"rendered":"https:\/\/www.europesays.com\/fr\/99085\/"},"modified":"2025-05-14T10:11:07","modified_gmt":"2025-05-14T10:11:07","slug":"transferts-grenoble-actuel-deuxieme-de-pro-d2-veut-faire-revenir-ryno-pieterse-mais","status":"publish","type":"post","link":"https:\/\/www.europesays.com\/fr\/99085\/","title":{"rendered":"Transferts. Grenoble, actuel deuxi\u00e8me de Pro D2, veut faire revenir Ryno Pieterse mais\u2026"},"content":{"rendered":"<p>            Par<br \/>\n        <strong><br \/>\n            <a href=\"https:\/\/actu.fr\/auteur\/nicolas-dendri-actu-fr\" title=\"Consulter tous les articles de Nicolas Dendri\" target=\"_blank\" rel=\"noopener\">Nicolas Dendri<\/a><br \/>\n        <\/strong><\/p>\n<p>        Publi\u00e9 le<\/p>\n<p>            14 mai 2025 \u00e0 11h51        <\/p>\n<p>Apr\u00e8s les arriv\u00e9es de Raffaele Costa Storti, Romain Ruffenach ou encore Aur\u00e9lien Callandret, <a href=\"https:\/\/actu.fr\/grenoble\/\" target=\"_blank\" rel=\"noopener\">Grenoble<\/a> doit combler la perte de Pio Muarua en partance pour Clermont. Le troisi\u00e8me ligne fidjien quittera ses co\u00e9quipiers en fin de saison de <a href=\"https:\/\/actu.fr\/rugby\/pro-d2\" target=\"_blank\" rel=\"noopener\">Pro D2<\/a> comme l\u2019avait fait, plus t\u00f4t dans la saison, <strong>Ryno Pieterse<\/strong>.<\/p>\n<p>Ryno Pieterse lib\u00e9r\u00e9 de son contrat de joker<\/p>\n<p class=\" wall-content\">D\u00e9barqu\u00e9 d\u00e9but d\u00e9cembre en Is\u00e8re, le deuxi\u00e8me ou troisi\u00e8me ligne n\u2019aura disput\u00e9 que <strong>sept rencontres<\/strong> avec le FCG (5 titularisations). Il aura toutefois eu le temps de marquer les esprits avec <strong>trois essais inscrits,<\/strong> dont un doubl\u00e9 face \u00e0 Colomiers. Il disputait alors son avant-dernier match sous les couleurs grenobloises.<\/p>\n<p class=\" wall-content\">Le 14 f\u00e9vrier, lors de la r\u00e9ception de Aurillac au Stade des Alpes, Pieterse aura donc jou\u00e9 son dernier match avec Grenoble. Lib\u00e9r\u00e9 de son engagement de courte dur\u00e9e, le Sud-Africain a depuis tent\u00e9 de retrouver un club.<\/p>\n<p>Ryno Pieterse boude Grenoble ?\u00a0<\/p>\n<p class=\" wall-content\">Selon les informations d\u2019<a href=\"https:\/\/actu.fr\/rugby\/\" target=\"_blank\" rel=\"noopener\">Actu Rugby<\/a>, <strong>trois clubs<\/strong> sont en lice pour s\u2019attacher les services du joueur. Si aucun nom n\u2019a filtr\u00e9, il s\u2019agit de deux formations fran\u00e7aises et un club japonais. <strong>Grenoble en qu\u00eate de renforts<\/strong> pour ses avants a, selon nos informations, tent\u00e9 de reprendre contact avec son \u00e9ph\u00e9m\u00e8re troisi\u00e8me ligne qui, pour l\u2019heure, n\u2019a pas donn\u00e9 suite.<\/p>\n<p class=\" wall-content\">Selon plusieurs sources, Pieterse a \u00e9t\u00e9 \u00ab <strong>offens\u00e9<\/strong> \u00bb de ne pas recevoir une offre de prolongation. Il a donc commenc\u00e9 \u00e0 organiser sa vie ailleurs. \u00c0 moins que le FCG ne se montre convaincant pour le faire revenir. Une affaire \u00e0 suivre !<\/p>\n<p class=\" wall-content\">Suivez toute l\u2019actualit\u00e9 de vos villes et m\u00e9dias favoris en vous inscrivant \u00e0 <a href=\"https:\/\/moncompte.actu.fr\" title=\"D\u00e9couvez Mon Actu\" rel=\"nofollow noopener\" data-trk=\"{&quot;cta&quot;:{&quot;action&quot;:&quot;https:\\\/\\\/moncompte.actu.fr&quot;,&quot;category&quot;:&quot;mon compte&quot;,&quot;from&quot;:&quot;article footer&quot;,&quot;name&quot;:&quot;Mon actu&quot;,&quot;type&quot;:&quot;cta&quot;}}\" target=\"_blank\">Mon Actu<\/a>.<\/p>\n","protected":false},"excerpt":{"rendered":"Par Nicolas Dendri Publi\u00e9 le 14 mai 2025 \u00e0 11h51 Apr\u00e8s les arriv\u00e9es de Raffaele Costa Storti, Romain&hellip;\n","protected":false},"author":2,"featured_media":99086,"comment_status":"","ping_status":"","sticky":false,"template":"","format":"standard","meta":{"footnotes":""},"categories":[9566],"tags":[1111,11,2430,1777,674,1011,27,2731,12,3788,2308,25,479,60,477],"class_list":{"0":"post-99085","1":"post","2":"type-post","3":"status-publish","4":"format-standard","5":"has-post-thumbnail","7":"category-grenoble","8":"tag-actu","9":"tag-actualites","10":"tag-auvergne-rhone-alpes","11":"tag-eu","12":"tag-europe","13":"tag-fr","14":"tag-france","15":"tag-grenoble","16":"tag-news","17":"tag-pro","18":"tag-pro-d2","19":"tag-republique-francaise","20":"tag-rugby","21":"tag-sports","22":"tag-transferts-rugby"},"share_on_mastodon":{"url":"","error":""},"_links":{"self":[{"href":"https:\/\/www.europesays.com\/fr\/wp-json\/wp\/v2\/posts\/99085","targetHints":{"allow":["GET"]}}],"collection":[{"href":"https:\/\/www.europesays.com\/fr\/wp-json\/wp\/v2\/posts"}],"about":[{"href":"https:\/\/www.europesays.com\/fr\/wp-json\/wp\/v2\/types\/post"}],"author":[{"embeddable":true,"href":"https:\/\/www.europesays.com\/fr\/wp-json\/wp\/v2\/users\/2"}],"replies":[{"embeddable":true,"href":"https:\/\/www.europesays.com\/fr\/wp-json\/wp\/v2\/comments?post=99085"}],"version-history":[{"count":0,"href":"https:\/\/www.europesays.com\/fr\/wp-json\/wp\/v2\/posts\/99085\/revisions"}],"wp:featuredmedia":[{"embeddable":true,"href":"https:\/\/www.europesays.com\/fr\/wp-json\/wp\/v2\/media\/99086"}],"wp:attachment":[{"href":"https:\/\/www.europesays.com\/fr\/wp-json\/wp\/v2\/media?parent=99085"}],"wp:term":[{"taxonomy":"category","embeddable":true,"href":"https:\/\/www.europesays.com\/fr\/wp-json\/wp\/v2\/categories?post=99085"},{"taxonomy":"post_tag","embeddable":true,"href":"https:\/\/www.europesays.com\/fr\/wp-json\/wp\/v2\/tags?post=99085"}],"curies":[{"name":"wp","href":"https:\/\/api.w.org\/{rel}","templated":true}]}}