{"id":99087,"date":"2025-05-14T10:12:16","date_gmt":"2025-05-14T10:12:16","guid":{"rendered":"https:\/\/www.europesays.com\/fr\/99087\/"},"modified":"2025-05-14T10:12:16","modified_gmt":"2025-05-14T10:12:16","slug":"apres-une-action-en-justice-le-plus-haut-magistrat-de-france-devrait-sauver-sa-vue-mer-en-bretagne","status":"publish","type":"post","link":"https:\/\/www.europesays.com\/fr\/99087\/","title":{"rendered":"Apr\u00e8s une action en justice, le plus haut magistrat de France devrait sauver sa vue mer en Bretagne"},"content":{"rendered":"<tr wp_automatic_readability=\"6.8703703703704\">\n<td valign=\"middle\" align=\"center\" class=\"col-logo\" wp_automatic_readability=\"5\">\n    <img decoding=\"async\" src=\"https:\/\/www.europesays.com\/fr\/wp-content\/uploads\/2025\/04\/logo-of-monetise.svg\" alt=\"logo Ouest-France\" height=\"66\"\/><\/p>\n<p>Contenu r\u00e9serv\u00e9 aux abonn\u00e9s<\/p>\n<\/td>\n<td class=\"col-titre\">\n\t\t\tMercredi 14 mai 2025 10:10<br \/>\n\t\t\t<a class=\"icon-bulle sizeL count\" href=\"#ancreAvis\"><br \/>\n\t&#8230;<br \/>\n<\/a><\/td>\n<\/tr>\n<p>\t\t<a class=\"mavillebox2 elmt-photo\" href=\"https:\/\/maville.com\/photosmvi\/2025\/05\/14\/P35227121D6805875G.jpg\" title=\" Le plus haut magistrat de France, R\u00e9my Heitz, a intent\u00e9 une action en justice contre le permis de construire d\u00e9livr\u00e9 \u00e0 son voisin, \u00e0 Perros-Guirec (C\u00f4tes-d\u2019Armor).  \u00a9  Guillaume Saligot \/ Ouest-France  &lt;!--TAG-BLC credit--&gt;\" rel=\"galerie_actu noopener\" target=\"_blank\"><br \/>\n\t<img decoding=\"async\" src=\"https:\/\/www.europesays.com\/fr\/wp-content\/uploads\/2025\/05\/P35227121D6805875G_crop_640-330_.jpg\" alt=\"photo  le plus haut magistrat de france, r\u00e9my heitz, a intent\u00e9 une action en justice contre le permis de construire d\u00e9livr\u00e9 \u00e0 son voisin, \u00e0 perros-guirec (c\u00f4tes-d\u2019armor).  \u00a9  guillaume saligot \/ ouest-france \"\/><br \/>\n\t1<br \/>\n<\/a><\/p>\n<p class=\"elmt-legende\"> Le plus haut magistrat de France, R\u00e9my Heitz, a intent\u00e9 une action en justice contre le permis de construire d\u00e9livr\u00e9 \u00e0 son voisin, \u00e0 Perros-Guirec (C\u00f4tes-d\u2019Armor).  \u00a9  Guillaume Saligot \/ Ouest-France  <\/p>\n<p>\t\tR\u00e9my Heitz, procureur g\u00e9n\u00e9ral pr\u00e8s la Cour de cassation, attaquait en justice le permis de construire de son voisin, \u00e0 Perros-Guirec, dans les C\u00f4tes-d\u2019Armor. Apr\u00e8s l\u2019audience de ce mardi 13\u00a0mai 2025, le tribunal administratif de Rennes rendra sa d\u00e9cision dans un mois.<\/p>\n<p><b>Cet article est r\u00e9serv\u00e9 aux abonn\u00e9s<\/b><\/p>\n<p>Pour un acc\u00e8s imm\u00e9diat, abonnez-vous<\/p>\n<p><b>1\u00e8re semaine offerte<\/b><\/p>\n<p>\t\tOuest-France<\/p>\n<p>Retrouvez d&rsquo;autres actus sur la commune de :<\/p>\n<p>\t\t&#13;<\/p>\n","protected":false},"excerpt":{"rendered":"Contenu r\u00e9serv\u00e9 aux abonn\u00e9s Mercredi 14 mai 2025 10:10 &#8230; 1 Le plus haut magistrat de France, R\u00e9my&hellip;\n","protected":false},"author":2,"featured_media":99088,"comment_status":"","ping_status":"","sticky":false,"template":"","format":"standard","meta":{"footnotes":""},"categories":[2821],"tags":[631,1111,11,829,1777,674,1011,27,10771,303,21347,6127,12,584,25,9874,13373],"class_list":{"0":"post-99087","1":"post","2":"type-post","3":"status-publish","4":"format-standard","5":"has-post-thumbnail","7":"category-rennes","8":"tag-action","9":"tag-actu","10":"tag-actualites","11":"tag-bretagne","12":"tag-eu","13":"tag-europe","14":"tag-fr","15":"tag-france","16":"tag-haut","17":"tag-justice","18":"tag-magistrat","19":"tag-mer","20":"tag-news","21":"tag-rennes","22":"tag-republique-francaise","23":"tag-sauver","24":"tag-vue"},"share_on_mastodon":{"url":"https:\/\/pubeurope.com\/@fr\/114505655570112509","error":""},"_links":{"self":[{"href":"https:\/\/www.europesays.com\/fr\/wp-json\/wp\/v2\/posts\/99087","targetHints":{"allow":["GET"]}}],"collection":[{"href":"https:\/\/www.europesays.com\/fr\/wp-json\/wp\/v2\/posts"}],"about":[{"href":"https:\/\/www.europesays.com\/fr\/wp-json\/wp\/v2\/types\/post"}],"author":[{"embeddable":true,"href":"https:\/\/www.europesays.com\/fr\/wp-json\/wp\/v2\/users\/2"}],"replies":[{"embeddable":true,"href":"https:\/\/www.europesays.com\/fr\/wp-json\/wp\/v2\/comments?post=99087"}],"version-history":[{"count":0,"href":"https:\/\/www.europesays.com\/fr\/wp-json\/wp\/v2\/posts\/99087\/revisions"}],"wp:featuredmedia":[{"embeddable":true,"href":"https:\/\/www.europesays.com\/fr\/wp-json\/wp\/v2\/media\/99088"}],"wp:attachment":[{"href":"https:\/\/www.europesays.com\/fr\/wp-json\/wp\/v2\/media?parent=99087"}],"wp:term":[{"taxonomy":"category","embeddable":true,"href":"https:\/\/www.europesays.com\/fr\/wp-json\/wp\/v2\/categories?post=99087"},{"taxonomy":"post_tag","embeddable":true,"href":"https:\/\/www.europesays.com\/fr\/wp-json\/wp\/v2\/tags?post=99087"}],"curies":[{"name":"wp","href":"https:\/\/api.w.org\/{rel}","templated":true}]}}