{"id":99089,"date":"2025-05-14T10:13:09","date_gmt":"2025-05-14T10:13:09","guid":{"rendered":"https:\/\/www.europesays.com\/fr\/99089\/"},"modified":"2025-05-14T10:13:09","modified_gmt":"2025-05-14T10:13:09","slug":"trois-jeunes-venus-securiser-le-quartier-de-villejean-arretes-en-possession-darmes","status":"publish","type":"post","link":"https:\/\/www.europesays.com\/fr\/99089\/","title":{"rendered":"Trois jeunes venus \u00ab s\u00e9curiser \u00bb le quartier de Villejean arr\u00eat\u00e9s en possession d\u2019armes"},"content":{"rendered":"<p><strong>GUERRE DE TERRITOIRE &#8211; Les trois individus interpell\u00e9s vendredi dans le quartier de Villejean seront jug\u00e9s le 9\u00a0juillet<\/strong><\/p>\n<p>Un nouveau <a href=\"https:\/\/www.20minutes.fr\/dossier\/reglement-compte?at_medium=RSS%20feed&amp;at_campaign=ynews&amp;utm_source=yahoo&amp;utm_medium=rss&amp;utm_campaign=news_feed&amp;utm_content=in_article_link\" rel=\"nofollow noopener\" target=\"_blank\" data-ylk=\"slk:r\u00e8glement de compte;elm:context_link;itc:0;sec:content-canvas\" class=\"link \">r\u00e8glement de compte<\/a> sur fond de trafic de stup\u00e9fiants a-t-il \u00e9t\u00e9 \u00e9vit\u00e9 dans le quartier de Villejean \u00e0 Rennes\u00a0? Moins d\u2019une semaine <a href=\"https:\/\/www.20minutes.fr\/faits_divers\/faits-divers-rennes\/4152436-20250508-rennes-apres-fusillade-kalachnikov-retrouvee-trois-hommes-mis-examen?at_medium=RSS%20feed&amp;at_campaign=ynews&amp;utm_source=yahoo&amp;utm_medium=rss&amp;utm_campaign=news_feed&amp;utm_content=in_article_link\" rel=\"nofollow noopener\" target=\"_blank\" data-ylk=\"slk:apr\u00e8s la fusillade qui a fait trois bless\u00e9s le 3\u00a0mai;elm:context_link;itc:0;sec:content-canvas\" class=\"link \">apr\u00e8s la fusillade qui a fait trois bless\u00e9s le 3\u00a0mai<\/a>, trois individus ont \u00e9t\u00e9 interpell\u00e9s vendredi en possession d\u2019armes. C\u2019est le propri\u00e9taire de chambres normalement vacantes qui a alert\u00e9 les policiers, suspectant l\u2019occupation illicite de ses biens situ\u00e9s rue du Bourbonnais, un lieu de deal bien connu dans la capitale bretonne.<\/p>\n<p>En d\u00e9barquant sur place, les policiers ont interpell\u00e9 trois hommes \u00ab\u00a0qui n\u2019\u00e9taient pas des locataires\u00a0\u00bb, pr\u00e9cise le parquet de Rennes. \u00c2g\u00e9s de 20 \u00e0 30 ans, ils avaient en leur possession une arme de poing semi-automatique ainsi que <a href=\"https:\/\/www.20minutes.fr\/dossier\/stupefiant?at_medium=RSS%20feed&amp;at_campaign=ynews&amp;utm_source=yahoo&amp;utm_medium=rss&amp;utm_campaign=news_feed&amp;utm_content=in_article_link\" rel=\"nofollow noopener\" target=\"_blank\" data-ylk=\"slk:des produits stup\u00e9fiants;elm:context_link;itc:0;sec:content-canvas\" class=\"link \">des produits stup\u00e9fiants<\/a>. En fouillant le logement, les policiers ont \u00e9galement d\u00e9couvert plusieurs cartouches de 9 mm, une seconde arme de poing, un couteau et du num\u00e9raire.<\/p>\n<p>Venus de Nantes pour une mission de \u00ab\u00a0s\u00e9curit\u00e9\u00a0\u00bb<\/p>\n<p>En garde \u00e0 vue, deux des trois individus \u00ab\u00a0ont reconnu \u00eatre venus de Nantes pour assurer une mission de \u00ab\u00a0s\u00e9curit\u00e9\u00a0\u00bb sur le secteur de Villejean\u00a0\u00bb, un quartier en proie <a href=\"https:\/\/www.20minutes.fr\/faits_divers\/faits-divers-rennes\/4149231-20250417-rennes-tirs-kalachnikov-font-plusieurs-blesses-quartier-villejean?at_medium=RSS%20feed&amp;at_campaign=ynews&amp;utm_source=yahoo&amp;utm_medium=rss&amp;utm_campaign=news_feed&amp;utm_content=in_article_link\" rel=\"nofollow noopener\" target=\"_blank\" data-ylk=\"slk:\u00e0 une guerre de territoire entre trafiquants;elm:context_link;itc:0;sec:content-canvas\" class=\"link \">\u00e0 une guerre de territoire entre trafiquants<\/a> depuis plusieurs mois.<\/p>\n<p>Mis en examen pour d\u00e9tention d\u2019armes, de munitions et de produits stup\u00e9fiants et participation \u00e0 une association de malfaiteurs en vue de la pr\u00e9paration d\u2019un crime, ils seront jug\u00e9s en comparution \u00e0 d\u00e9lai diff\u00e9r\u00e9 le 9\u00a0juillet. En attendant leur proc\u00e8s, le plus \u00e2g\u00e9 des trois, qui \u00e9tait sorti de prison en d\u00e9cembre, a \u00e9t\u00e9 plac\u00e9 en (&#8230;)<\/p>\n<p><a href=\"https:\/\/www.20minutes.fr\/faits_divers\/4153375-20250514-rennes-trois-jeunes-venus-securiser-quartier-villejean-arretes-possession-armes?at_medium=RSS%20feed&amp;at_campaign=ynews&amp;utm_source=yahoo&amp;utm_medium=rss&amp;utm_campaign=news_feed&amp;utm_content=read_more_link&quot;\" rel=\"nofollow noopener\" target=\"_blank\" data-ylk=\"slk:Lire la suite sur 20minutes;elm:context_link;itc:0;sec:content-canvas\" class=\"link \">Lire la suite sur 20minutes<\/a><\/p>\n<p>\u00c0 lire aussi :<br \/><a href=\"https:\/\/www.20minutes.fr\/faits_divers\/faits-divers-rennes\/4152436-20250508-rennes-apres-fusillade-kalachnikov-retrouvee-trois-hommes-mis-examen?at_medium=RSS%20feed&amp;at_campaign=ynews&amp;utm_source=yahoo&amp;utm_medium=rss&amp;utm_campaign=news_feed&amp;utm_content=related_content_link\" rel=\"nofollow noopener\" target=\"_blank\" data-ylk=\"slk:Rennes\u00a0: Apr\u00e8s la fusillade, la kalachnikov retrouv\u00e9e et trois hommes mis en examen;elm:context_link;itc:0;sec:content-canvas\" class=\"link \">Rennes\u00a0: Apr\u00e8s la fusillade, la kalachnikov retrouv\u00e9e et trois hommes mis en examen<\/a><br \/><a href=\"https:\/\/www.20minutes.fr\/faits_divers\/faits-divers-rennes\/4149321-20250418-rennes-jeunes-criaient-temoin-fusillade-subway-elu-raconte-violence-scene?at_medium=RSS%20feed&amp;at_campaign=ynews&amp;utm_source=yahoo&amp;utm_medium=rss&amp;utm_campaign=news_feed&amp;utm_content=related_content_link\" rel=\"nofollow noopener\" target=\"_blank\" data-ylk=\"slk:Rennes\u00a0: \u00ab\u00a0Les jeunes criaient\u00a0\u00bb\u2026 T\u00e9moin de la fusillade dans un Subway, un \u00e9lu raconte la violence de la sc\u00e8ne;elm:context_link;itc:0;sec:content-canvas\" class=\"link \">Rennes\u00a0: \u00ab\u00a0Les jeunes criaient\u00a0\u00bb\u2026 T\u00e9moin de la fusillade dans un Subway, un \u00e9lu raconte la violence de la sc\u00e8ne<\/a><\/p>\n","protected":false},"excerpt":{"rendered":"GUERRE DE TERRITOIRE &#8211; Les trois individus interpell\u00e9s vendredi dans le quartier de Villejean seront jug\u00e9s le 9\u00a0juillet&hellip;\n","protected":false},"author":2,"featured_media":84404,"comment_status":"","ping_status":"","sticky":false,"template":"","format":"standard","meta":{"footnotes":""},"categories":[2821],"tags":[1111,11,829,1777,674,1011,27,21349,18250,12,21348,584,25,5375],"class_list":{"0":"post-99089","1":"post","2":"type-post","3":"status-publish","4":"format-standard","5":"has-post-thumbnail","7":"category-rennes","8":"tag-actu","9":"tag-actualites","10":"tag-bretagne","11":"tag-eu","12":"tag-europe","13":"tag-fr","14":"tag-france","15":"tag-le-proprietaire","16":"tag-le-quartier","17":"tag-news","18":"tag-produits-stupefiants","19":"tag-rennes","20":"tag-republique-francaise","21":"tag-villejean"},"share_on_mastodon":{"url":"https:\/\/pubeurope.com\/@fr\/114505659524352911","error":""},"_links":{"self":[{"href":"https:\/\/www.europesays.com\/fr\/wp-json\/wp\/v2\/posts\/99089","targetHints":{"allow":["GET"]}}],"collection":[{"href":"https:\/\/www.europesays.com\/fr\/wp-json\/wp\/v2\/posts"}],"about":[{"href":"https:\/\/www.europesays.com\/fr\/wp-json\/wp\/v2\/types\/post"}],"author":[{"embeddable":true,"href":"https:\/\/www.europesays.com\/fr\/wp-json\/wp\/v2\/users\/2"}],"replies":[{"embeddable":true,"href":"https:\/\/www.europesays.com\/fr\/wp-json\/wp\/v2\/comments?post=99089"}],"version-history":[{"count":0,"href":"https:\/\/www.europesays.com\/fr\/wp-json\/wp\/v2\/posts\/99089\/revisions"}],"wp:featuredmedia":[{"embeddable":true,"href":"https:\/\/www.europesays.com\/fr\/wp-json\/wp\/v2\/media\/84404"}],"wp:attachment":[{"href":"https:\/\/www.europesays.com\/fr\/wp-json\/wp\/v2\/media?parent=99089"}],"wp:term":[{"taxonomy":"category","embeddable":true,"href":"https:\/\/www.europesays.com\/fr\/wp-json\/wp\/v2\/categories?post=99089"},{"taxonomy":"post_tag","embeddable":true,"href":"https:\/\/www.europesays.com\/fr\/wp-json\/wp\/v2\/tags?post=99089"}],"curies":[{"name":"wp","href":"https:\/\/api.w.org\/{rel}","templated":true}]}}