{"id":99090,"date":"2025-05-14T10:14:10","date_gmt":"2025-05-14T10:14:10","guid":{"rendered":"https:\/\/www.europesays.com\/fr\/99090\/"},"modified":"2025-05-14T10:14:10","modified_gmt":"2025-05-14T10:14:10","slug":"strasbourg-le-theatre-sinvite-pour-la-premiere-fois-a-leglise-protestante-saint-matthieu","status":"publish","type":"post","link":"https:\/\/www.europesays.com\/fr\/99090\/","title":{"rendered":"Strasbourg. Le th\u00e9\u00e2tre s&rsquo;invite pour la premi\u00e8re fois \u00e0 l&rsquo;\u00e9glise protestante Saint-Matthieu"},"content":{"rendered":"<p>Le th\u00e9\u00e2tre, Alain Spielewoy, le nouveau pasteur de Saint-Matthieu et du Port-du-Rhin adore\u00a0! En tant que spectateur particuli\u00e8rement sensible \u00e0 \u00ab\u00a0cette forme de communication directe qui va droit au c\u0153ur\u00a0\u00bb, d\u2019abord\u00a0; mais il le d\u00e9fend aussi, d\u00e9sormais, en tant que membre du groupe de travail de la \u00ab\u00a0Mission th\u00e9\u00e2tre\u00a0\u00bb. R\u00e9cemment cr\u00e9\u00e9e au sein de l\u2019Union des \u00e9glises protestantes d\u2019Alsace et de Lorraine (Uepal) par la pasteure sp\u00e9cialiste du sujet Debora Mistretta, ladite mission nourrit d\u00e9j\u00e0 de beaux projets. Rencontres-d\u00e9bats, th\u00e9\u00e2tre forum, am\u00e9lioration du cadre liturgique\u2026 Autant de facettes que le groupe fra\u00eechement cr\u00e9\u00e9 entend d\u00e9velopper sous diverses formes \u00e0 partir de la rentr\u00e9e.<\/p>\n<p>  Rendez-vous le 24\u00a0mai<\/p>\n<p>D\u00e8s ce printemps et dans le m\u00eame esprit, <a href=\"https:\/\/www.dna.fr\/culture-loisirs\/2024\/05\/28\/theatre-a-l-eglise-la-marelle-revient-a-la-paroisse-protestante\" target=\"_blank\" rel=\"nofollow noopener\"> la paroisse accueille la renomm\u00e9e Compagnie suisse La Marelle, de Lausanne,<\/a> qui pr\u00e9sentera le samedi 24\u00a0mai \u00e0 20\u00a0h\u00a015 \u00e0 l\u2019\u00e9glise Saint-Matthieu \u2013 ainsi que les 20 et 21\u00a0mai \u00e0 Schiltigheim et Illkirch \u2014  Minuit pass\u00e9, Dr Schweitze r, de Jean Naguel. Une mani\u00e8re de c\u00e9l\u00e9brer le 150e anniversaire de <a href=\"https:\/\/www.dna.fr\/societe\/albert-schweitzer-futur-prix-nobel-de-la-paix-naissait-il-y-a-150-ans-a-kaysersberg\" target=\"_blank\" rel=\"nofollow noopener\">la naissance du c\u00e9l\u00e8bre \u00ab\u00a0m\u00e9decin humaniste, th\u00e9ologien philosophe et musicien<\/a> , tout en revisitant le personnage et en le repla\u00e7ant dans l\u2019\u00e9poque\u00a0\u00bb, estime Alain Spielewoy.<\/p>\n<p><a href=\"https:\/\/www.dna.fr\/societe\/2025\/04\/24\/sur-les-traces-d-albert-schweitzer-a-gunsbach\" target=\"_blank\" rel=\"nofollow noopener\">L\u2019action se tient \u00e0 Gunsbach<\/a> , en 1951. Entre ses conf\u00e9rences et ses concerts d\u2019orgue, Schweitzer s\u2019appr\u00eate \u00e0 repartir pour Lambar\u00e9n\u00e9. Mais le projet chancelle\u2026 \u00ab\u00a0La pi\u00e8ce entend relire l\u2019histoire avec mesure. On a fait d\u2019Albert Schweitzer un saint, ce qui \u00e9tait une erreur, puis le symbole m\u00eame de la colonisation, ce qui \u00e9tait une autre erreur\u00a0\u00bb, \u00e9crit Jean Naguel. \u00ab\u00a0On est pass\u00e9 d\u2019une forme d\u2019idol\u00e2trie et de fascination pour le personnage \u00e0 son contraire\u00a0\u00bb, analyse aussi Alain Spielewoy, heureux de pouvoir accueillir pour la premi\u00e8re fois \u00ab\u00a0un spectacle th\u00e9\u00e2tral professionnel dans une \u00e9glise reconfigur\u00e9e pour l\u2019occasion\u00a0\u00bb.<\/p>\n<p>  Arriv\u00e9 en septembre dernier<\/p>\n<p>Alain Spielewoy a rejoint la paroisse Saint-Matthieu Port-du-Rhin en septembre dernier, apr\u00e8s un an de vacance suite au d\u00e9part \u00e0 la retraite de Bettina Cottin. Il partage depuis son temps entre l\u2019\u00e9glise Saint-Matthieu, boulevard d\u2019Anvers, et la chapelle de la Rencontre, place de l\u2019Hippodrome. Entre le Conseil-des -XV et le Port-du-Rhin, comme entre l\u2019\u00e9glise et les deux quartiers, il esp\u00e8re cr\u00e9er des ponts et des liens, et voit dans le th\u00e9\u00e2tre un bon m\u00e9dia pour y parvenir.<\/p>\n<p>Directeur des ressources humaines de l\u2019Uepal pendant neuf ans, sous la pr\u00e9sidence de Christian Albecker, Alain Spielewoy avait, \u00e0 bient\u00f4t 59 ans, envie de \u00ab\u00a0retrouver la vie communautaire\u00a0\u00bb et d\u2019exercer son minist\u00e8re proche des paroissiens. Originaire de Kalhausen, pr\u00e8s de Sarreguemines, il a notamment \u00ab\u00a0\u00e9t\u00e9 tr\u00e8s marqu\u00e9 par [son] passage dans le Pays de Montb\u00e9liard\u00a0\u00bb. Il a offici\u00e9 comme pasteur du travail, au gr\u00e9 d\u2019une mission dans l\u2019industrie\u00a0; puis encha\u00een\u00e9 par une mission urbaine dans un quartier sensible. Ses pas l\u2019ont conduit ensuite dans le nord de l\u2019Alsace, durant huit ans, avant un passage par la paroisse des Coteaux, \u00e0 Mulhouse, o\u00f9 il est rest\u00e9 dix ans.<\/p>\n<p>  Des travaux \u00e0 venir<\/p>\n<p>Une d\u00e9cennie ou presque en tant que DRH plus tard, le voici \u00e0 Saint-Matthieu, o\u00f9 il peut \u00e0 nouveau cultiver sa fibre urbaine. Il y a trouv\u00e9 \u00ab\u00a0une communaut\u00e9 vivante et des personnes qui s\u2019engagent\u00a0\u00bb, salue-t-il. \u00ab\u00a0\u00c0 Saint-Matthieu, nous avons la chance de b\u00e9n\u00e9ficier d\u2019un centre paroissial \u00e9norme, avec un potentiel extraordinaire\u00a0! Par sa position g\u00e9ographique, c\u2019est une \u00e9glise de carrefour\u00a0\u00bb, insiste celui qui entend ouvrir plus encore les lieux aux associations du secteur. Un travail en direction des enfants et des jeunes est \u00e9galement men\u00e9.<\/p>\n<p>Pour d\u00e9velopper tout cela, \u00ab\u00a0il faudra aussi r\u00e9aliser quelques travaux\u00a0\u00bb, est-il conscient. Le soixanti\u00e8me anniversaire qui approche \u2013 l\u2019\u00e9glise Saint-Matthieu a ouvert ses portes en 1966 \u2013 sera ainsi l\u2019occasion de lancer \u00ab\u00a0un grand projet pour les dix ann\u00e9es qui viennent\u00a0\u00bb. En attendant, et comme un signal d\u2019un minist\u00e8re plac\u00e9 sous le signe de l\u2019ouverture, place au th\u00e9\u00e2tre\u00a0!<\/p>\n<p class=\"note\">\u00a0Minuit pass\u00e9, Dr Schweitzer , par la Compagnie la Marelle, sera donn\u00e9 le mardi 20\u00a0mai \u00e0 20\u00a0h \u00e0 l\u2019\u00e9glise de la\u00a0Trinit\u00e9, 68, rue du G\u00e9n\u00e9ral-de-Gaulle \u00e0 Schiltigheim\u00a0; le mercredi 21\u00a0mai \u00e0 20\u00a0h au foyer protestant 1A, Sous-les-Platanes \u00e0 Illkirch\u00a0; le samedi 24\u00a0mai \u00e0 20\u00a0h\u00a015 \u00e0 l\u2019\u00e9glise Saint-Matthieu, 97, boulevard d\u2019Anvers \u00e0 Strasbourg. Entr\u00e9e libre, plateau. Pas de r\u00e9servation. Dur\u00e9e\u00a0: 75 minutes.<\/p>\n","protected":false},"excerpt":{"rendered":"Le th\u00e9\u00e2tre, Alain Spielewoy, le nouveau pasteur de Saint-Matthieu et du Port-du-Rhin adore\u00a0! En tant que spectateur particuli\u00e8rement&hellip;\n","protected":false},"author":2,"featured_media":99091,"comment_status":"","ping_status":"","sticky":false,"template":"","format":"standard","meta":{"footnotes":""},"categories":[2820],"tags":[1111,11,1687,2880,1777,674,107,1011,27,775,12,5889,25,104,3140,640,2879,1631],"class_list":{"0":"post-99090","1":"post","2":"type-post","3":"status-publish","4":"format-standard","5":"has-post-thumbnail","7":"category-strasbourg","8":"tag-actu","9":"tag-actualites","10":"tag-culture-loisirs","11":"tag-edition-strasbourg","12":"tag-eu","13":"tag-europe","14":"tag-fil-info","15":"tag-fr","16":"tag-france","17":"tag-grand-est","18":"tag-news","19":"tag-religion-croyance","20":"tag-republique-francaise","21":"tag-societe","22":"tag-spectacle","23":"tag-strasbourg","24":"tag-strasbourg-ville","25":"tag-vie-associative"},"share_on_mastodon":{"url":"https:\/\/pubeurope.com\/@fr\/114505663366718008","error":""},"_links":{"self":[{"href":"https:\/\/www.europesays.com\/fr\/wp-json\/wp\/v2\/posts\/99090","targetHints":{"allow":["GET"]}}],"collection":[{"href":"https:\/\/www.europesays.com\/fr\/wp-json\/wp\/v2\/posts"}],"about":[{"href":"https:\/\/www.europesays.com\/fr\/wp-json\/wp\/v2\/types\/post"}],"author":[{"embeddable":true,"href":"https:\/\/www.europesays.com\/fr\/wp-json\/wp\/v2\/users\/2"}],"replies":[{"embeddable":true,"href":"https:\/\/www.europesays.com\/fr\/wp-json\/wp\/v2\/comments?post=99090"}],"version-history":[{"count":0,"href":"https:\/\/www.europesays.com\/fr\/wp-json\/wp\/v2\/posts\/99090\/revisions"}],"wp:featuredmedia":[{"embeddable":true,"href":"https:\/\/www.europesays.com\/fr\/wp-json\/wp\/v2\/media\/99091"}],"wp:attachment":[{"href":"https:\/\/www.europesays.com\/fr\/wp-json\/wp\/v2\/media?parent=99090"}],"wp:term":[{"taxonomy":"category","embeddable":true,"href":"https:\/\/www.europesays.com\/fr\/wp-json\/wp\/v2\/categories?post=99090"},{"taxonomy":"post_tag","embeddable":true,"href":"https:\/\/www.europesays.com\/fr\/wp-json\/wp\/v2\/tags?post=99090"}],"curies":[{"name":"wp","href":"https:\/\/api.w.org\/{rel}","templated":true}]}}