{"id":99096,"date":"2025-05-14T10:17:09","date_gmt":"2025-05-14T10:17:09","guid":{"rendered":"https:\/\/www.europesays.com\/fr\/99096\/"},"modified":"2025-05-14T10:17:09","modified_gmt":"2025-05-14T10:17:09","slug":"le-financement-de-la-future-ligne-4-du-tramway-dans-le-viseur-de-la-justice-administrative","status":"publish","type":"post","link":"https:\/\/www.europesays.com\/fr\/99096\/","title":{"rendered":"le financement de la future ligne 4 du tramway dans le viseur de la justice administrative"},"content":{"rendered":"<p>La juridiction a relev\u00e9 une insuffisance dans l\u2019\u00e9valuation financi\u00e8re de ce projet \u00e0 328 millions d\u2019euros. Sans contester son utilit\u00e9 publique, elle demande \u00e0 la M\u00e9tropole de pr\u00e9ciser les modalit\u00e9s de financement. Un d\u00e9lai d\u2019un an est accord\u00e9 pour r\u00e9gulariser la situation.<\/p>\n<p class=\"fig-paragraph\">Le projet de ligne 4 du<a href=\"http:\/\/www.lefigaro.fr\/nice\/nice-les-travaux-de-la-ligne-4-du-tramway-ont-debute-mais-auront-deux-ans-de-retard-20241209\" data-fig-type=\"NewsFlash\" data-gtm-custom-categorie=\"navigation\" data-gtm-custom-action=\"crossclick\" data-gtm-custom-label=\"Contextuel\" data-gtm-event=\"customEventSPE\" data-fig-domain=\"LEFIGARO\" target=\"_blank\" rel=\"noopener\">\u00a0tramway ni\u00e7ois<\/a>, port\u00e9 par la\u00a0<a href=\"http:\/\/www.lefigaro.fr\/nice\/metropole-de-nice-estrosi-retire-les-delegations-a-deux-maires-en-raison-de-leur-participation-a-un-meeting-de-ciotti-20250305\" data-fig-type=\"NewsFlash\" data-gtm-custom-categorie=\"navigation\" data-gtm-custom-action=\"crossclick\" data-gtm-custom-label=\"Contextuel\" data-gtm-event=\"customEventSPE\" data-fig-domain=\"LEFIGARO\" target=\"_blank\" rel=\"noopener\">M\u00e9tropole Nice-C\u00f4te<\/a>\u00a0d\u2019Azur, fait l\u2019objet d\u2019une demande de pr\u00e9cisions de la part de la justice administrative. Par un jugement rendu le 13 mai, cette derni\u00e8re a estim\u00e9 que l\u2019\u00e9valuation financi\u00e8re pr\u00e9sent\u00e9e lors de l\u2019enqu\u00eate publique ne pr\u00e9cisait pas quelles collectivit\u00e9s prendraient en charge les 328 millions d\u2019euros n\u00e9cessaires \u00e0 sa r\u00e9alisation. Elle accorde \u00e0 la M\u00e9tropole un d\u00e9lai de douze mois pour compl\u00e9ter ce volet du dossier.<\/p>\n<p class=\"fig-paragraph\">Longue de 7,1 kilom\u00e8tres, la future ligne 4 doit relier, \u00e0 l\u2019horizon 2030, le quartier de Saint-Augustin, \u00e0 l\u2019ouest de Nice, au centre-ville de Cagnes-sur-Mer, en passant par\u00a0<a href=\"http:\/\/www.lefigaro.fr\/nice\/le-projet-d-un-telepherique-entre-nice-et-saint-laurent-du-var-en-suspens-20250314\" data-fig-type=\"NewsFlash\" data-gtm-custom-categorie=\"navigation\" data-gtm-custom-action=\"crossclick\" data-gtm-custom-label=\"Contextuel\" data-gtm-event=\"customEventSPE\" data-fig-domain=\"LEFIGARO\" target=\"_blank\" rel=\"noopener\">Saint-Laurent-du-Var<\/a>. Le projet avait \u00e9t\u00e9 d\u00e9clar\u00e9 d\u2019utilit\u00e9 publique par un arr\u00eat\u00e9 pr\u00e9fectoral en octobre 2023. Cette d\u00e9claration avait \u00e9t\u00e9 contest\u00e9e par plusieurs riverains, qui ont ensuite saisi la justice.<\/p>\n<p>Un retour sous huit jours<\/p>\n<p class=\"fig-paragraph\">Dans sa d\u00e9cision, le tribunal ne remet pas en cause l\u2019int\u00e9r\u00eat g\u00e9n\u00e9ral de l\u2019op\u00e9ration, qu\u2019il juge justifi\u00e9 au regard du d\u00e9veloppement de l\u2019offre de transport public et de la desserte des principales communes de la m\u00e9tropole. Mais il estime que le dossier pr\u00e9sent\u00e9 au public manquait d\u2019\u00e9l\u00e9ments essentiels sur les conditions de financement, ce qui a pu nuire \u00e0 la bonne information de la population.<\/p>\n<p class=\"fig-paragraph\">La juridiction laisse la possibilit\u00e9 de r\u00e9gulariser cette lacune. La M\u00e9tropole devra r\u00e9aliser une analyse d\u00e9taill\u00e9e du financement et la transmettre au pr\u00e9fet des Alpes-Maritimes, qui pourra, sur cette base, confirmer la d\u00e9claration d\u2019utilit\u00e9 publique d\u00e9j\u00e0 prononc\u00e9e.<\/p>\n<p class=\"fig-paragraph\">Le pr\u00e9sident de la M\u00e9tropole,\u00a0<a href=\"http:\/\/www.lefigaro.fr\/nice\/manifestation-propalestinienne-a-nice-christian-estrosi-va-deposer-plainte-pour-apologie-du-terrorisme-20250512\" data-fig-type=\"NewsFlash\" data-gtm-custom-categorie=\"navigation\" data-gtm-custom-action=\"crossclick\" data-gtm-custom-label=\"Contextuel\" data-gtm-event=\"customEventSPE\" data-fig-domain=\"LEFIGARO\" target=\"_blank\" rel=\"noopener\">Christian Estrosi<\/a>, a aussit\u00f4t r\u00e9agi dans les colonnes de Nice-Matin\u00a0: \u00abSi certains veulent faire perdre du temps \u00e0 ce projet majeur dont l\u2019utilit\u00e9 publique est manifeste, nous enverrons les demandes de pr\u00e9cisions sous huit jours. Le d\u00e9lai d\u2019un an est un d\u00e9lai maximum.\u00bb<\/p>\n","protected":false},"excerpt":{"rendered":"La juridiction a relev\u00e9 une insuffisance dans l\u2019\u00e9valuation financi\u00e8re de ce projet \u00e0 328 millions d\u2019euros. Sans contester&hellip;\n","protected":false},"author":2,"featured_media":99097,"comment_status":"","ping_status":"","sticky":false,"template":"","format":"standard","meta":{"footnotes":""},"categories":[2819],"tags":[1111,11,2898,2829,2971,2972,2397,2973,2974,1777,674,2975,2354,1011,27,2969,2970,2987,2980,12,2401,2897,2976,2977,2978,2985,2986,2979,2981,2982,2983,2984,2991,2992,2993,2994,2996,2997,2998,2999,3000,3001,3002,2995,3003,3004,3005,3007,2268,882,25,2988,2989,2990,2968,4109,800,3006],"class_list":{"0":"post-99096","1":"post","2":"type-post","3":"status-publish","4":"format-standard","5":"has-post-thumbnail","7":"category-nice","8":"tag-actu","9":"tag-actualites","10":"tag-alpes-maritimes","11":"tag-baumettes","12":"tag-carabacel","13":"tag-caucade","14":"tag-christian-estrosi","15":"tag-cimiez","16":"tag-cremat","17":"tag-eu","18":"tag-europe","19":"tag-fabron","20":"tag-financements","21":"tag-fr","22":"tag-france","23":"tag-larenas","24":"tag-lariane","25":"tag-le-ray","26":"tag-lingostiere","27":"tag-news","28":"tag-nice","29":"tag-nice-cote-dazur","30":"tag-nice-gairaut","31":"tag-nice-gambetta","32":"tag-nice-jean-medecin","33":"tag-nice-le-piol","34":"tag-nice-le-port","35":"tag-nice-liberation","36":"tag-nice-magnan","37":"tag-nice-mantega-mont-boron","38":"tag-nice-pasteur","39":"tag-nice-pessicart","40":"tag-nice-rue-de-france","41":"tag-nice-saint-antoine","42":"tag-nice-saint-augustin","43":"tag-nice-saint-isidore","44":"tag-nice-saint-maurice","45":"tag-nice-saint-pancrace","46":"tag-nice-saint-philippe","47":"tag-nice-saint-pierre-de-feric","48":"tag-nice-saint-roch","49":"tag-nice-saint-roman-de-bellet","50":"tag-nice-saint-sylvestre","51":"tag-nice-sainte-marguerite","52":"tag-nice-thiers","53":"tag-nice-ventabrun","54":"tag-nice-vernier","55":"tag-nice-vinaigrier","56":"tag-ogc-nice","57":"tag-provence-alpes-cote-dazur","58":"tag-republique-francaise","59":"tag-rimiez","60":"tag-riquier","61":"tag-roquebilliere","62":"tag-sud-est","63":"tag-tramway","64":"tag-transports","65":"tag-vieux-nice"},"share_on_mastodon":{"url":"","error":"Validation failed: Text character limit of 500 exceeded"},"_links":{"self":[{"href":"https:\/\/www.europesays.com\/fr\/wp-json\/wp\/v2\/posts\/99096","targetHints":{"allow":["GET"]}}],"collection":[{"href":"https:\/\/www.europesays.com\/fr\/wp-json\/wp\/v2\/posts"}],"about":[{"href":"https:\/\/www.europesays.com\/fr\/wp-json\/wp\/v2\/types\/post"}],"author":[{"embeddable":true,"href":"https:\/\/www.europesays.com\/fr\/wp-json\/wp\/v2\/users\/2"}],"replies":[{"embeddable":true,"href":"https:\/\/www.europesays.com\/fr\/wp-json\/wp\/v2\/comments?post=99096"}],"version-history":[{"count":0,"href":"https:\/\/www.europesays.com\/fr\/wp-json\/wp\/v2\/posts\/99096\/revisions"}],"wp:featuredmedia":[{"embeddable":true,"href":"https:\/\/www.europesays.com\/fr\/wp-json\/wp\/v2\/media\/99097"}],"wp:attachment":[{"href":"https:\/\/www.europesays.com\/fr\/wp-json\/wp\/v2\/media?parent=99096"}],"wp:term":[{"taxonomy":"category","embeddable":true,"href":"https:\/\/www.europesays.com\/fr\/wp-json\/wp\/v2\/categories?post=99096"},{"taxonomy":"post_tag","embeddable":true,"href":"https:\/\/www.europesays.com\/fr\/wp-json\/wp\/v2\/tags?post=99096"}],"curies":[{"name":"wp","href":"https:\/\/api.w.org\/{rel}","templated":true}]}}