{"id":99098,"date":"2025-05-14T10:18:15","date_gmt":"2025-05-14T10:18:15","guid":{"rendered":"https:\/\/www.europesays.com\/fr\/99098\/"},"modified":"2025-05-14T10:18:15","modified_gmt":"2025-05-14T10:18:15","slug":"dessins-bijoux-fresques-la-luna-expose-ses-creations-collectives-a-nantes","status":"publish","type":"post","link":"https:\/\/www.europesays.com\/fr\/99098\/","title":{"rendered":"Dessins, bijoux, fresques\u2026 La Luna expose ses cr\u00e9ations collectives \u00e0 Nantes"},"content":{"rendered":"<p>Elles sont trois plasticiennes \u00e0 l\u2019origine de <a href=\"https:\/\/nantes.maville.com\/actu\/actudet_-nantes.-la-luna-lieu-solidaire-ou-prendre-confiance-et-rompre-l-isolement-_52716-5265528_actu.Htm\" target=\"_blank\" rel=\"noopener\">l\u2019association La Luna<\/a>, \u00e0 Nantes (Loire-Atlantique). Laure Coirier, Anne Racineux et Marie Rolland pr\u00e9sentent actuellement les travaux effectu\u00e9s depuis huit ans\u00a0dans une expo intitul\u00e9e \u00ab\u00a0Puhpowwee\u00a0\u00bb, terme am\u00e9rindien qui \u00e9voque <strong>\u00ab\u00a0le vivant, une force vitale qui fait chanter un monde rempli d\u2019\u00e9nergies invisibles et insuffle la vie\u00a0\u00bb.<\/strong><\/p>\n<p>L\u2019exposition s\u2019inscrit aussi dans la continuit\u00e9 des activit\u00e9s artistiques de la Luna qui intervient sur <strong>\u00ab\u00a0un temps long\u00a0\u00bb.<\/strong> Elle a \u00e9t\u00e9 con\u00e7ue pour devenir <strong>\u00ab\u00a0un voyage \u00e9cologique, une exploration po\u00e9tique, une r\u00eaverie sur la puissance et la diversit\u00e9 de tout ce qui est vivant\u00a0\u00bb,<\/strong> pr\u00e9sentent les trois plasticiennes. Des formes vari\u00e9es seront propos\u00e9es\u00a0: dessins, fresques, bijoux fleuris, actions urbaines, \u00eelots de convivialit\u00e9, signal\u00e9tiques po\u00e9tiques\u2026<\/p>\n<p>\u00ab\u00a0Un terrain d\u2019expression artistique et participative\u00a0\u00bb<\/p>\n<p>D\u00e8s sa \u00ab\u00a0naissance\u00a0\u00bb, en 1992, <strong>\u00ab\u00a0la Luna a choisi de s\u2019implanter aux Dervalli\u00e8res, quartier d\u2019habitat social, pour y d\u00e9velopper un lieu exp\u00e9rimental de pratiques artistiques interdisciplinaires en lien avec l\u2019histoire humaine et sociale de ce territoire devenu terrain d\u2019expression artistique et participative\u00a0\u00bb, <\/strong>expliquent Laure Coirier, Anne Racineux et Marie Rolland.<\/p>\n<p>En combinant <strong>\u00ab\u00a0les savoir-faire locaux\u00a0\u00bb,<\/strong> elles ont encadr\u00e9 des ateliers permanents de cr\u00e9ations artistiques, des actions collectives interquartiers, invent\u00e9 de nouveaux paysages urbains\u2026 Avec les participants, elles ont dessin\u00e9 des cartographies urbaines, imagin\u00e9 des espaces-temps de rencontre, construit de nouveaux espaces de vie, en non-stop pendant trente-trois\u00a0ans.<\/p>\n<p><strong>Jusqu\u2019au mardi 10\u00a0juin,<\/strong> \u00e0 l\u2019Atelier, au 1, rue de Ch\u00e2teaubriand, \u00e0\u00a0Nantes. Du mardi au samedi, de 13\u00a0h \u00e0 19\u00a0h\u00a0; le dimanche, de 11\u00a0h \u00e0 13\u00a0h\u00a030 et de 14\u00a0h \u00e0 18\u00a0h. Entr\u00e9e libre et gratuite. Contact\u00a0: collectif@laluna.asso.fr.<\/p>\n<p>\u00a0<\/p>\n","protected":false},"excerpt":{"rendered":"Elles sont trois plasticiennes \u00e0 l\u2019origine de l\u2019association La Luna, \u00e0 Nantes (Loire-Atlantique). Laure Coirier, Anne Racineux et&hellip;\n","protected":false},"author":2,"featured_media":99099,"comment_status":"","ping_status":"","sticky":false,"template":"","format":"standard","meta":{"footnotes":""},"categories":[2818],"tags":[1111,11,5417,21354,21353,21350,1777,674,8110,1011,27,21351,21352,766,12,2636,25],"class_list":{"0":"post-99098","1":"post","2":"type-post","3":"status-publish","4":"format-standard","5":"has-post-thumbnail","7":"category-nantes","8":"tag-actu","9":"tag-actualites","10":"tag-bijoux","11":"tag-collectives","12":"tag-creations","13":"tag-dessins","14":"tag-eu","15":"tag-europe","16":"tag-expose","17":"tag-fr","18":"tag-france","19":"tag-fresques","20":"tag-luna","21":"tag-nantes","22":"tag-news","23":"tag-pays-de-la-loire","24":"tag-republique-francaise"},"share_on_mastodon":{"url":"https:\/\/pubeurope.com\/@fr\/114505679338545408","error":""},"_links":{"self":[{"href":"https:\/\/www.europesays.com\/fr\/wp-json\/wp\/v2\/posts\/99098","targetHints":{"allow":["GET"]}}],"collection":[{"href":"https:\/\/www.europesays.com\/fr\/wp-json\/wp\/v2\/posts"}],"about":[{"href":"https:\/\/www.europesays.com\/fr\/wp-json\/wp\/v2\/types\/post"}],"author":[{"embeddable":true,"href":"https:\/\/www.europesays.com\/fr\/wp-json\/wp\/v2\/users\/2"}],"replies":[{"embeddable":true,"href":"https:\/\/www.europesays.com\/fr\/wp-json\/wp\/v2\/comments?post=99098"}],"version-history":[{"count":0,"href":"https:\/\/www.europesays.com\/fr\/wp-json\/wp\/v2\/posts\/99098\/revisions"}],"wp:featuredmedia":[{"embeddable":true,"href":"https:\/\/www.europesays.com\/fr\/wp-json\/wp\/v2\/media\/99099"}],"wp:attachment":[{"href":"https:\/\/www.europesays.com\/fr\/wp-json\/wp\/v2\/media?parent=99098"}],"wp:term":[{"taxonomy":"category","embeddable":true,"href":"https:\/\/www.europesays.com\/fr\/wp-json\/wp\/v2\/categories?post=99098"},{"taxonomy":"post_tag","embeddable":true,"href":"https:\/\/www.europesays.com\/fr\/wp-json\/wp\/v2\/tags?post=99098"}],"curies":[{"name":"wp","href":"https:\/\/api.w.org\/{rel}","templated":true}]}}