{"id":99107,"date":"2025-05-14T10:23:09","date_gmt":"2025-05-14T10:23:09","guid":{"rendered":"https:\/\/www.europesays.com\/fr\/99107\/"},"modified":"2025-05-14T10:23:09","modified_gmt":"2025-05-14T10:23:09","slug":"cest-officiel-lun-des-plus-grands-hotels-de-toulouse-a-change-de-nom-et-cest-largement-visible","status":"publish","type":"post","link":"https:\/\/www.europesays.com\/fr\/99107\/","title":{"rendered":"C&rsquo;est officiel, l&rsquo;un des plus grands h\u00f4tels de Toulouse a chang\u00e9 de nom, et c&rsquo;est largement visible"},"content":{"rendered":"<p>            Par<br \/>\n        <strong><br \/>\n            <a href=\"https:\/\/actu.fr\/auteur\/david-saint-sernin\" title=\"Consulter tous les articles de David Saint-Sernin\" rel=\"nofollow noopener\" target=\"_blank\">David Saint-Sernin<\/a><br \/>\n        <\/strong><\/p>\n<p>        Publi\u00e9 le<\/p>\n<p>            14 mai 2025 \u00e0 12h04        <\/p>\n<p>C\u2019est un changement bien visible \u00e0<a href=\"https:\/\/actu.fr\/toulouse\/\" rel=\"nofollow noopener\" target=\"_blank\"><strong> Toulouse<\/strong> <\/a>depuis quelques jours. Mardi 13\u00a0mai 2025, ceux qui ont circul\u00e9 sur <a href=\"https:\/\/actu.fr\/occitanie\/toulouse_31555\/toulouse-nouveaux-commerces-ramblas-animations-comment-les-allees-jean-jaures-vont-encore-changer_61896683.html\" rel=\"nofollow noopener\" target=\"_blank\">les all\u00e9es Jean-Jaur\u00e8s<\/a> n\u2019ont pas pu manquer un gros d\u00e9tail sur la fa\u00e7ade vitr\u00e9e d\u2019un des<strong> plus grands h\u00f4tels<\/strong> de la Ville rose.<\/p>\n<p>Pullman Toulouse est devenu FirstName<\/p>\n<p class=\" wall-content\"><a href=\"https:\/\/actu.fr\/occitanie\/toulouse_31555\/ravalement-de-facade-pour-l-hotel-le-plus-haut-de-toulouse-un-grand-changement-se-profile_61705436.html\" rel=\"nofollow noopener\" target=\"_blank\">L\u2019enseigne FirstName a, en effet, remplac\u00e9 l\u2019appellation Pullman Toulouse.<\/a> Cette <strong>nouvelle marque h\u00f4teli\u00e8re<\/strong>, lanc\u00e9e en 2022 en France par le groupe h\u00f4telier Alboran Hotels &amp; Hospitality, est donc officiellement install\u00e9e \u00e0 Toulouse apr\u00e8s Bordeaux.<\/p>\n<p class=\" wall-content\">Le groupe h\u00f4telier avait rachet\u00e9 les murs et les fonds de commerce de l\u2019h\u00f4tel Pullman et de la r\u00e9sidence h\u00f4teli\u00e8re Adagio Toulouse Centre Ramblas en octobre\u00a02022, en partenariat avec Cofinance.<\/p>\n<p>Un chantier de plusieurs mois achev\u00e9<\/p>\n<p class=\" wall-content\">S\u2019est ensuivi un chantier de plusieurs mois \u00e0 partir de l\u2019\u00e9t\u00e9 2024. \u00ab\u2009Alboran et Cofinance vont proc\u00e9der \u00e0 une r\u00e9novation compl\u00e8te du b\u00e2timent afin de repositionner ces \u00e9tablissements comme la r\u00e9f\u00e9rence pour la client\u00e8le Affaires et Loisirs de la destination Toulouse\u2009\u00bb, assurait alors CBRE, qui a accompagn\u00e9 la vente.<\/p>\n<p class=\" wall-content\">C\u2019est donc chose faite \u00e0 l\u2019ext\u00e9rieur, avec un gros <strong>ravalement de fa\u00e7ade<\/strong>, comme \u00e0 l\u2019int\u00e9rieur de l\u2019\u00e9tablissement.<\/p>\n<p>      <img   decoding=\"async\" loading=\"lazy\" src=\"https:\/\/www.europesays.com\/fr\/wp-content\/uploads\/2025\/05\/img-20250513-wa0002-960x640.jpg\" alt=\"L'enseigne FirstName a remplac\u00e9 l'appellation Pullman Toulouse. Cette nouvelle marque h\u00f4teli\u00e8re, lanc\u00e9e en 2022 en France par le groupe h\u00f4telier Alboran Hotels &amp; Hospitality, arrive \u00e0 Toulouse apr\u00e8s Bordeaux.\u00a0\" width=\"960\" height=\"640\"\/><br \/>\n    L\u2019enseigne FirstName a remplac\u00e9 l\u2019appellation Pullman Toulouse. Cette nouvelle marque h\u00f4teli\u00e8re, lanc\u00e9e en 2022 en France par le groupe h\u00f4telier Alboran Hotels &amp; Hospitality, arrive \u00e0 Toulouse apr\u00e8s Bordeaux. (\u00a9Nina Hossein\/Actu Toulouse)Vid\u00e9os : en ce moment sur ActuUn chantier technique<\/p>\n<p class=\" wall-content\">Ce chantier n\u2019est pas vraiment une r\u00e9volution sur le plan esth\u00e9tique. Les anciennes vitres de cet h\u00f4tel de luxe ont \u00e9t\u00e9 remplac\u00e9es par des nouvelles. Elles redonnent <strong>un aspect neuf<\/strong> \u00e0 cette fa\u00e7ade dont le style t\u00e9moigne bien, sur le plan architectural, de l\u2019\u00e9poque durant laquelle il a \u00e9t\u00e9 \u00e9rig\u00e9, c\u2019est-\u00e0-dire \u00e0 la<strong> fin des ann\u00e9es 80<\/strong>.<\/p>\n<p class=\" wall-content\">Un chantier qui a \u00e9t\u00e9 tr\u00e8s technique dans ses modalit\u00e9s.<\/p>\n<p>L\u2019h\u00f4tel FirstName Toulouse a ouvert le 2\u00a0mai<\/p>\n<p class=\" wall-content\">La partie h\u00f4tel du FirstName Toulouse est ouverte depuis le 2\u00a0mai 2025.<\/p>\n<p class=\" wall-content\">Les <strong>petits-d\u00e9jeuners<\/strong> sont servis dans le <strong>restaurant<\/strong> de l\u2019h\u00f4tel depuis ce mardi 13\u00a0mai. Quant au restaurant, il sera ouvert \u00e0 partir du 19\u00a0mai, annonce l\u2019\u00e9tablissement. Il sera ouvert aussi bien pour les <strong>d\u00e9jeuners<\/strong> que les <strong>d\u00eeners<\/strong>.<\/p>\n<p class=\" wall-content\">En outre, l\u2019\u00e9tablissement indique d\u00e9j\u00e0 qu\u2019il va organiser <strong>des animations<\/strong>\u2009: il va lancer les brunchs musicaux le 19 mai et proposera une premi\u00e8re soir\u00e9e DJ le 22 mai.<\/p>\n<p>    <a href=\"https:\/\/www.google.com\/maps\/embed?pb=!1m18!1m12!1m3!1d32680.362822773375!2d1.4236666615985796!3d43.61563412956157!2m3!1f0!2f0!3f0!3m2!1i1024!2i768!4f13.1!3m3!1m2!1s0x12aebc97fba58c05%3A0x8505414193da2290!2sPullman%20Toulouse%20Centre%20Ramblas!5e0!3m2!1sfr!2sfr!4v1747216158783!5m2!1sfr!2sfr\" title=\"Ouvrie le lien\" rel=\"nofollow noopener\" target=\"_blank\">Cliquez ici pour visualiser le contenu<\/a><\/p>\n<p class=\" wall-content\">Suivez toute l\u2019actualit\u00e9 de vos villes et m\u00e9dias favoris en vous inscrivant \u00e0 <a href=\"https:\/\/moncompte.actu.fr\" title=\"D\u00e9couvez Mon Actu\" rel=\"nofollow noopener\" data-trk=\"{&quot;cta&quot;:{&quot;action&quot;:&quot;https:\\\/\\\/moncompte.actu.fr&quot;,&quot;category&quot;:&quot;mon compte&quot;,&quot;from&quot;:&quot;article footer&quot;,&quot;name&quot;:&quot;Mon actu&quot;,&quot;type&quot;:&quot;cta&quot;}}\" target=\"_blank\">Mon Actu<\/a>.<\/p>\n<ul class=\"ac-article-tag wall-content\">\n<li><a href=\"https:\/\/actu.fr\/tag\/nouveaux-commerces\" data-trk=\"{&quot;cta&quot;:{&quot;action&quot;:&quot;Nouveaux commerces&quot;,&quot;category&quot;:&quot;tag&quot;,&quot;from&quot;:&quot;article footer&quot;,&quot;name&quot;:&quot;Nouveaux commerces&quot;,&quot;type&quot;:&quot;cta&quot;}}\" rel=\"nofollow noopener\" target=\"_blank\">#Nouveaux commerces<\/a><\/li>\n<li><a href=\"https:\/\/actu.fr\/tag\/nouveaux-commerces-a-toulouse\" data-trk=\"{&quot;cta&quot;:{&quot;action&quot;:&quot;Nouveaux commerces \\u00e0 Toulouse&quot;,&quot;category&quot;:&quot;tag&quot;,&quot;from&quot;:&quot;article footer&quot;,&quot;name&quot;:&quot;Nouveaux commerces \\u00e0 Toulouse&quot;,&quot;type&quot;:&quot;cta&quot;}}\" rel=\"nofollow noopener\" target=\"_blank\">#Nouveaux commerces \u00e0 Toulouse<\/a><\/li>\n<\/ul>\n","protected":false},"excerpt":{"rendered":"Par David Saint-Sernin Publi\u00e9 le 14 mai 2025 \u00e0 12h04 C\u2019est un changement bien visible \u00e0 Toulouse depuis&hellip;\n","protected":false},"author":2,"featured_media":99108,"comment_status":"","ping_status":"","sticky":false,"template":"","format":"standard","meta":{"footnotes":""},"categories":[2816],"tags":[1111,11,1777,674,1011,27,12,3147,2849,2680,25,104,2312],"class_list":{"0":"post-99107","1":"post","2":"type-post","3":"status-publish","4":"format-standard","5":"has-post-thumbnail","7":"category-toulouse","8":"tag-actu","9":"tag-actualites","10":"tag-eu","11":"tag-europe","12":"tag-fr","13":"tag-france","14":"tag-news","15":"tag-nouveaux-commerces","16":"tag-nouveaux-commerces-a-toulouse","17":"tag-occitanie","18":"tag-republique-francaise","19":"tag-societe","20":"tag-toulouse"},"share_on_mastodon":{"url":"https:\/\/pubeurope.com\/@fr\/114505698977533520","error":""},"_links":{"self":[{"href":"https:\/\/www.europesays.com\/fr\/wp-json\/wp\/v2\/posts\/99107","targetHints":{"allow":["GET"]}}],"collection":[{"href":"https:\/\/www.europesays.com\/fr\/wp-json\/wp\/v2\/posts"}],"about":[{"href":"https:\/\/www.europesays.com\/fr\/wp-json\/wp\/v2\/types\/post"}],"author":[{"embeddable":true,"href":"https:\/\/www.europesays.com\/fr\/wp-json\/wp\/v2\/users\/2"}],"replies":[{"embeddable":true,"href":"https:\/\/www.europesays.com\/fr\/wp-json\/wp\/v2\/comments?post=99107"}],"version-history":[{"count":0,"href":"https:\/\/www.europesays.com\/fr\/wp-json\/wp\/v2\/posts\/99107\/revisions"}],"wp:featuredmedia":[{"embeddable":true,"href":"https:\/\/www.europesays.com\/fr\/wp-json\/wp\/v2\/media\/99108"}],"wp:attachment":[{"href":"https:\/\/www.europesays.com\/fr\/wp-json\/wp\/v2\/media?parent=99107"}],"wp:term":[{"taxonomy":"category","embeddable":true,"href":"https:\/\/www.europesays.com\/fr\/wp-json\/wp\/v2\/categories?post=99107"},{"taxonomy":"post_tag","embeddable":true,"href":"https:\/\/www.europesays.com\/fr\/wp-json\/wp\/v2\/tags?post=99107"}],"curies":[{"name":"wp","href":"https:\/\/api.w.org\/{rel}","templated":true}]}}