{"id":9911,"date":"2025-04-08T10:03:10","date_gmt":"2025-04-08T10:03:10","guid":{"rendered":"https:\/\/www.europesays.com\/fr\/9911\/"},"modified":"2025-04-08T10:03:10","modified_gmt":"2025-04-08T10:03:10","slug":"ce-sera-un-accord-ou-un-grand-danger-liberation","status":"publish","type":"post","link":"https:\/\/www.europesays.com\/fr\/9911\/","title":{"rendered":"ce sera un accord ou \u00abun grand danger\u00bb \u2013 Lib\u00e9ration"},"content":{"rendered":"<p class=\"sc-cPiKLX AiZTS text-element\">Des pourparlers \u00abdirects\u00bb ont d\u00e9but\u00e9 entre Washington et T\u00e9h\u00e9ran, qui devraient se traduire par une r\u00e9union entre officiels am\u00e9ricains et iraniens d\u00e8s ce samedi, a annonc\u00e9 Donald Trump lundi 7 avril, en marge de son entretien avec le Premier Ministre isra\u00e9lien Benyamin N\u00e9tanyahou \u2013 dont c\u2019\u00e9tait d\u00e9j\u00e0 la deuxi\u00e8me visite \u00e0 Washington en \u00e0 peine plus de deux mois.<\/p>\n<p class=\"sc-cPiKLX AiZTS text-element\">Une telle entrevue serait du jamais vu en dix ans, <a href=\"https:\/\/www.liberation.fr\/planete\/2015\/07\/14\/un-accord-sur-le-nucleaire-iranien-a-ete-trouve_1347659\/\" target=\"_blank\" rel=\"noopener\">quand Barack Obama avait conclu l\u2019accord historique de 2015<\/a> sur le nucl\u00e9aire iranien <a href=\"https:\/\/www.liberation.fr\/planete\/2018\/05\/08\/accord-nucleaire-iranien-trump-se-retire-avec-fracas-et-force-sanctions_1648752\/\" target=\"_blank\" rel=\"noopener\">que son successeur d\u00e9noncerait trois ans plus tard.<\/a> \u00abNous avons des discussions directes avec l\u2019Iran, et elles ont commenc\u00e9. Elles se poursuivront samedi. Nous avons une tr\u00e8s grande r\u00e9union, et nous verrons ce qui peut se passer\u00bb, a d\u00e9clar\u00e9 Trump aux journalistes dans le Bureau ovale. Ce ravivage d\u2019une forme de diplomatie directe entre les deux pays intervient dans un contexte r\u00e9gional explosif, alors que les \u00e9changes de feu entre Isra\u00ebl et l\u2019Iran ont atteint un niveau de tension sans pr\u00e9c\u00e9dent, et que les conflits <\/p>\n","protected":false},"excerpt":{"rendered":"Des pourparlers \u00abdirects\u00bb ont d\u00e9but\u00e9 entre Washington et T\u00e9h\u00e9ran, qui devraient se traduire par une r\u00e9union entre officiels&hellip;\n","protected":false},"author":2,"featured_media":9912,"comment_status":"","ping_status":"","sticky":false,"template":"","format":"standard","meta":{"footnotes":""},"categories":[5],"tags":[11,952,75,73,1011,27,14,3019,4884,12,28],"class_list":{"0":"post-9911","1":"post","2":"type-post","3":"status-publish","4":"format-standard","5":"has-post-thumbnail","7":"category-international","8":"tag-actualites","9":"tag-benyamin-netanyahou","10":"tag-donald-trump","11":"tag-etats-unis","12":"tag-fr","13":"tag-france","14":"tag-international","15":"tag-iran","16":"tag-iran-etats-unis","17":"tag-news","18":"tag-world"},"share_on_mastodon":{"url":"https:\/\/pubeurope.com\/@fr\/114301776889482628","error":""},"_links":{"self":[{"href":"https:\/\/www.europesays.com\/fr\/wp-json\/wp\/v2\/posts\/9911","targetHints":{"allow":["GET"]}}],"collection":[{"href":"https:\/\/www.europesays.com\/fr\/wp-json\/wp\/v2\/posts"}],"about":[{"href":"https:\/\/www.europesays.com\/fr\/wp-json\/wp\/v2\/types\/post"}],"author":[{"embeddable":true,"href":"https:\/\/www.europesays.com\/fr\/wp-json\/wp\/v2\/users\/2"}],"replies":[{"embeddable":true,"href":"https:\/\/www.europesays.com\/fr\/wp-json\/wp\/v2\/comments?post=9911"}],"version-history":[{"count":0,"href":"https:\/\/www.europesays.com\/fr\/wp-json\/wp\/v2\/posts\/9911\/revisions"}],"wp:featuredmedia":[{"embeddable":true,"href":"https:\/\/www.europesays.com\/fr\/wp-json\/wp\/v2\/media\/9912"}],"wp:attachment":[{"href":"https:\/\/www.europesays.com\/fr\/wp-json\/wp\/v2\/media?parent=9911"}],"wp:term":[{"taxonomy":"category","embeddable":true,"href":"https:\/\/www.europesays.com\/fr\/wp-json\/wp\/v2\/categories?post=9911"},{"taxonomy":"post_tag","embeddable":true,"href":"https:\/\/www.europesays.com\/fr\/wp-json\/wp\/v2\/tags?post=9911"}],"curies":[{"name":"wp","href":"https:\/\/api.w.org\/{rel}","templated":true}]}}