{"id":99115,"date":"2025-05-14T10:27:10","date_gmt":"2025-05-14T10:27:10","guid":{"rendered":"https:\/\/www.europesays.com\/fr\/99115\/"},"modified":"2025-05-14T10:27:10","modified_gmt":"2025-05-14T10:27:10","slug":"un-homme-tue-par-balles-dans-le-centre-ville-les-auteurs-en-fuite","status":"publish","type":"post","link":"https:\/\/www.europesays.com\/fr\/99115\/","title":{"rendered":"un homme tu\u00e9 par balles dans le centre-ville, les auteurs en fuite"},"content":{"rendered":"<p class=\"article-p mdl\">Un homme d&rsquo;une vingtaine d&rsquo;ann\u00e9es a \u00e9t\u00e9 tu\u00e9 par balles et une deuxi\u00e8me personne a \u00e9t\u00e9 bless\u00e9e, ce mardi 13 mai dans la soir\u00e9e, dans un quartier d\u00e9favoris\u00e9 du centre-ville de Marseille. \u00ab\u00a0La victime \u00e9tait connue de la justice pour des petites infractions mais pas li\u00e9es au trafic de stup\u00e9fiants\u00a0\u00bb, a expliqu\u00e9 le parquet de Marseille. Une seconde personne a \u00e9t\u00e9 bless\u00e9e en haut de la jambe et hospitalis\u00e9e, mais ses jours ne sont pas en danger.<\/p>\n<p class=\"article-p mdl\">Les faits se sont produits vers 22 heures, ce mardi, dans le quartier de la Belle de Mai, dans le troisi\u00e8me arrondissement, l&rsquo;un des secteurs les plus paup\u00e9ris\u00e9s de\u00a0<a class=\"link\" href=\"https:\/\/www.rtl.fr\/actu\/justice-faits-divers\/marseille-le-ministre-de-l-interieur-annonce-21-arrestations-dans-le-haut-du-spectre-du-narcobanditisme-7900497689\" title=\"Marseille : le ministre de l&#039;Int\u00e9rieur annonce 21 arrestations dans &quot;le haut du spectre&quot; du narcobanditisme\" target=\"_blank\" rel=\"noopener\">la deuxi\u00e8me ville de France<\/a>. Les victimes ont \u00e9t\u00e9 <strong>vis\u00e9es par le passager d&rsquo;un scooter<\/strong>, qui a fait usage d&rsquo;une arme de poing.\u00a0<\/p>\n<p class=\"article-p mdl\"><strong>Les deux auteurs ont ensuite pris la fuite<\/strong> avec le scooter qui a plus tard \u00e9t\u00e9 retrouv\u00e9 par les policiers. Une enqu\u00eate a \u00e9t\u00e9 ouverte pour \u00ab\u00a0assassinat en bande organis\u00e9e\u00a0\u00bb, \u00ab\u00a0tentative d&rsquo;assassinat\u00a0\u00bb et \u00ab\u00a0association de malfaiteurs\u00a0\u00bb et confi\u00e9e \u00e0 la division de la criminalit\u00e9 organis\u00e9e et sp\u00e9cialis\u00e9e.\u00a0<\/p>\n<p>    La r\u00e9daction vous recommande<\/p>\n<p class=\"s-newsletter__title\">\n                L\u2019actualit\u00e9 par la r\u00e9daction de RTL dans votre bo\u00eete mail.\n            <\/p>\n<p class=\"s-newsletter__subtitle\">\n                Gr\u00e2ce \u00e0 votre compte RTL abonnez-vous \u00e0 la newsletter RTL info pour suivre toute l&rsquo;actualit\u00e9 au quotidien\n            <\/p>\n<p>\n                                    Lire la suite\n                                <\/p>\n","protected":false},"excerpt":{"rendered":"Un homme d&rsquo;une vingtaine d&rsquo;ann\u00e9es a \u00e9t\u00e9 tu\u00e9 par balles et une deuxi\u00e8me personne a \u00e9t\u00e9 bless\u00e9e, ce&hellip;\n","protected":false},"author":2,"featured_media":61743,"comment_status":"","ping_status":"","sticky":false,"template":"","format":"standard","meta":{"footnotes":""},"categories":[2814],"tags":[1111,11,1777,674,118,107,1011,27,3832,884,12,882,25],"class_list":{"0":"post-99115","1":"post","2":"type-post","3":"status-publish","4":"format-standard","5":"has-post-thumbnail","7":"category-marseille","8":"tag-actu","9":"tag-actualites","10":"tag-eu","11":"tag-europe","12":"tag-faits-divers","13":"tag-fil-info","14":"tag-fr","15":"tag-france","16":"tag-fusillade","17":"tag-marseille","18":"tag-news","19":"tag-provence-alpes-cote-dazur","20":"tag-republique-francaise"},"share_on_mastodon":{"url":"https:\/\/pubeurope.com\/@fr\/114505714482956795","error":""},"_links":{"self":[{"href":"https:\/\/www.europesays.com\/fr\/wp-json\/wp\/v2\/posts\/99115","targetHints":{"allow":["GET"]}}],"collection":[{"href":"https:\/\/www.europesays.com\/fr\/wp-json\/wp\/v2\/posts"}],"about":[{"href":"https:\/\/www.europesays.com\/fr\/wp-json\/wp\/v2\/types\/post"}],"author":[{"embeddable":true,"href":"https:\/\/www.europesays.com\/fr\/wp-json\/wp\/v2\/users\/2"}],"replies":[{"embeddable":true,"href":"https:\/\/www.europesays.com\/fr\/wp-json\/wp\/v2\/comments?post=99115"}],"version-history":[{"count":0,"href":"https:\/\/www.europesays.com\/fr\/wp-json\/wp\/v2\/posts\/99115\/revisions"}],"wp:featuredmedia":[{"embeddable":true,"href":"https:\/\/www.europesays.com\/fr\/wp-json\/wp\/v2\/media\/61743"}],"wp:attachment":[{"href":"https:\/\/www.europesays.com\/fr\/wp-json\/wp\/v2\/media?parent=99115"}],"wp:term":[{"taxonomy":"category","embeddable":true,"href":"https:\/\/www.europesays.com\/fr\/wp-json\/wp\/v2\/categories?post=99115"},{"taxonomy":"post_tag","embeddable":true,"href":"https:\/\/www.europesays.com\/fr\/wp-json\/wp\/v2\/tags?post=99115"}],"curies":[{"name":"wp","href":"https:\/\/api.w.org\/{rel}","templated":true}]}}