{"id":99120,"date":"2025-05-14T10:30:10","date_gmt":"2025-05-14T10:30:10","guid":{"rendered":"https:\/\/www.europesays.com\/fr\/99120\/"},"modified":"2025-05-14T10:30:10","modified_gmt":"2025-05-14T10:30:10","slug":"les-militaires-plus-visibles-en-ile-de-france","status":"publish","type":"post","link":"https:\/\/www.europesays.com\/fr\/99120\/","title":{"rendered":"Les militaires plus visibles en \u00cele-de-France"},"content":{"rendered":"<p><img decoding=\"async\" class=\"\" style=\"width:100%\" src=\"https:\/\/www.europesays.com\/fr\/wp-content\/uploads\/2025\/05\/op_ration_sentinelles_defense_gouv_fr1721118172332.jpg\" alt=\"Militaires de l'op\u00e9ration Sentinelle\"\/><\/p>\n<p>Militaires de l&rsquo;op\u00e9ration Sentinelle<\/p>\n<p>Cr\u00e9dit : Minist\u00e8re de la D\u00e9fense<\/p>\n<p lang=\"fr-FR\" style=\"margin-bottom: 0cm;\">Le mois dernier, le g\u00e9n\u00e9ral de corps d\u2019arm\u00e9e Lo\u00efc Mizon, gouverneur militaire de Paris (GMP) a annonc\u00e9 autoriser \u00ab\u00a0les militaires servant en \u00cele-de-France \u00e0 rev\u00eatir l\u2019uniforme quand le service les am\u00e8ne \u00e0 se d\u00e9placer\u00a0\u00bb. Cette mesure est valable tous les jours, de 7h \u00e0 22h. Une d\u00e9cision qui serait li\u00e9e en partie aux tensions g\u00e9opolitiques, mais aussi \u00e0 la menace terroriste. Les militaires en uniformes sont appel\u00e9s \u00e0 \u00ab\u00a0la plus grande vigilance\u00a0\u00bb. Il y a 10 ans, en 2015, la vague d&rsquo;attentat avait pouss\u00e9 l&rsquo;\u00c9tat-major a indiquer la discr\u00e9tion aux militaires fran\u00e7ais lors de d\u00e9placements en ville.<\/p>\n<p lang=\"fr-FR\" style=\"margin-bottom: 0cm;\">\u00a0<\/p>\n<p lang=\"fr-FR\" style=\"margin-bottom: 0cm;\">Nicolas Chacun<\/p>\n<p>!function(f,b,e,v,n,t,s){if(f.fbq)return;n=f.fbq=function(){n.callMethod?<br \/>\nn.callMethod.apply(n,arguments):n.queue.push(arguments)};if(!f._fbq)f._fbq=n;<br \/>\nn.push=n;n.loaded=!0;n.version=&rsquo;2.0&prime;;n.queue=[];t=b.createElement(e);t.async=!0;<br \/>\nt.src=v;s=b.getElementsByTagName(e)[0];s.parentNode.insertBefore(t,s)}(window,<br \/>\ndocument,&rsquo;script&rsquo;,&rsquo;https:\/\/connect.facebook.net\/en_US\/fbevents.js&rsquo;);<br \/>\nfbq(&lsquo;init&rsquo;, &lsquo;278974969201861&rsquo;); \/\/ Insert your pixel ID here.<br \/>\nfbq(&lsquo;track&rsquo;, &lsquo;PageView&rsquo;);<\/p>\n","protected":false},"excerpt":{"rendered":"Militaires de l&rsquo;op\u00e9ration Sentinelle Cr\u00e9dit : Minist\u00e8re de la D\u00e9fense Le mois dernier, le g\u00e9n\u00e9ral de corps d\u2019arm\u00e9e&hellip;\n","protected":false},"author":2,"featured_media":99121,"comment_status":"","ping_status":"","sticky":false,"template":"","format":"standard","meta":{"footnotes":""},"categories":[1592],"tags":[1111,11,1933,1936,1777,1939,674,1011,27,662,1934,12,1940,626,1935,25,1937,1941,1938],"class_list":{"0":"post-99120","1":"post","2":"type-post","3":"status-publish","4":"format-standard","5":"has-post-thumbnail","7":"category-ile-de-france","8":"tag-actu","9":"tag-actualites","10":"tag-actualites-locales","11":"tag-essonne","12":"tag-eu","13":"tag-eure-et-loir","14":"tag-europe","15":"tag-fr","16":"tag-france","17":"tag-ile-de-france","18":"tag-infos-locales","19":"tag-news","20":"tag-oise","21":"tag-paris","22":"tag-pres-de-chez-vous","23":"tag-republique-francaise","24":"tag-seine-et-marne","25":"tag-somme","26":"tag-yvelines"},"share_on_mastodon":{"url":"https:\/\/pubeurope.com\/@fr\/114505726853751573","error":""},"_links":{"self":[{"href":"https:\/\/www.europesays.com\/fr\/wp-json\/wp\/v2\/posts\/99120","targetHints":{"allow":["GET"]}}],"collection":[{"href":"https:\/\/www.europesays.com\/fr\/wp-json\/wp\/v2\/posts"}],"about":[{"href":"https:\/\/www.europesays.com\/fr\/wp-json\/wp\/v2\/types\/post"}],"author":[{"embeddable":true,"href":"https:\/\/www.europesays.com\/fr\/wp-json\/wp\/v2\/users\/2"}],"replies":[{"embeddable":true,"href":"https:\/\/www.europesays.com\/fr\/wp-json\/wp\/v2\/comments?post=99120"}],"version-history":[{"count":0,"href":"https:\/\/www.europesays.com\/fr\/wp-json\/wp\/v2\/posts\/99120\/revisions"}],"wp:featuredmedia":[{"embeddable":true,"href":"https:\/\/www.europesays.com\/fr\/wp-json\/wp\/v2\/media\/99121"}],"wp:attachment":[{"href":"https:\/\/www.europesays.com\/fr\/wp-json\/wp\/v2\/media?parent=99120"}],"wp:term":[{"taxonomy":"category","embeddable":true,"href":"https:\/\/www.europesays.com\/fr\/wp-json\/wp\/v2\/categories?post=99120"},{"taxonomy":"post_tag","embeddable":true,"href":"https:\/\/www.europesays.com\/fr\/wp-json\/wp\/v2\/tags?post=99120"}],"curies":[{"name":"wp","href":"https:\/\/api.w.org\/{rel}","templated":true}]}}