{"id":99122,"date":"2025-05-14T10:31:07","date_gmt":"2025-05-14T10:31:07","guid":{"rendered":"https:\/\/www.europesays.com\/fr\/99122\/"},"modified":"2025-05-14T10:31:07","modified_gmt":"2025-05-14T10:31:07","slug":"autoroutes-en-travaux-incident-en-prison-un-ex-maire-devant-la-justice-linfo-a-midi-en-ile-de-france","status":"publish","type":"post","link":"https:\/\/www.europesays.com\/fr\/99122\/","title":{"rendered":"Autoroutes en travaux, incident en prison, un ex-maire devant la justice&#8230; l&rsquo;info \u00e0 midi en \u00cele-de-France"},"content":{"rendered":"<p>            Par<br \/>\n        <strong><br \/>\n            <a href=\"https:\/\/actu.fr\/auteur\/journaliste-lm\" title=\"Consulter tous les articles de R\u00e9daction Meaux\" target=\"_blank\" rel=\"noopener\">R\u00e9daction Meaux<\/a><br \/>\n        <\/strong><\/p>\n<p>        Publi\u00e9 le<\/p>\n<p>            14 mai 2025 \u00e0 12h08        <\/p>\n<p>Que s\u2019est-il pass\u00e9 ce mercredi 14 mai 2025 en \u00cele-de-France\u2009? Voici l\u2019essentiel de l\u2019actualit\u00e9 \u00e0 midi\u2009: la circulation sera perturb\u00e9e en Ile-de-France avec la fermeture de deux autoroutes ces prochains jours ; des surveillants sont menac\u00e9s de mort \u00e0 la <a href=\"https:\/\/actu.fr\/tag\/prisons\" target=\"_blank\" rel=\"noopener\">prison<\/a>\u00a0de R\u00e9au,\u00a0l\u2019ancien maire de Carri\u00e8res-sous-Poissy doit r\u00e9pondre devant la justice pour une s\u00e9rie d\u2019atteintes aux march\u00e9s publics ; la Caisse primaire d\u2019assurance maladie du Val-d\u2019Oise lance une offensive contre les <a href=\"https:\/\/actu.fr\/tag\/escroquerie\" target=\"_blank\" rel=\"noopener\">escrocs<\/a>, et une femme s\u2019est suicid\u00e9e \u00e0 Rambouillet.<\/p>\n<p class=\" wall-content\">Voici les principales informations du mercredi 14 mai 2025 en <b><a data-auth=\"NotApplicable\" rel=\"noopener noreferrer\" href=\"https:\/\/actu.fr\/ile-de-france\/\" title=\"https:\/\/actu.fr\/ile-de-france\/\" data-linkindex=\"6\" target=\"_blank\">\u00cele-de-France<\/a>,<\/b>\u00a0\u00e0 midi. Cliquez sur les liens si vous voulez en savoir plus sur les sujets qui font l\u2019actualit\u00e9 dans les d\u00e9partements de la r\u00e9gion francilienne.<\/p>\n<p>Les cinq infos \u00e0 retenir ce mercredi 14 mai 2025, \u00e0 midi, en \u00cele-de-France<\/p>\n<p class=\" wall-content\"><b>Seine-Saint-Denis.\u00a0<a href=\"https:\/\/actu.fr\/ile-de-france\/aulnay-sous-bois_93005\/circulation-en-ile-de-france-les-autoroutes-a1-et-a3-seront-partiellement-fermees-durant-plusieurs-nuits_62619657.html\" target=\"_blank\" rel=\"noopener\">Circulation en \u00cele-de-France : les autoroutes A1 et A3 partiellement ferm\u00e9es six nuits d\u00e8s ce mercredi<\/a><\/b><\/p>\n<p class=\" wall-content\">Les autoroutes A1 et A3 seront ferm\u00e9es dans une partie de l\u2019\u00cele-de-France durant six nuits entre le 14 et 23 mai 2025. En cause, les travaux de la ligne 17 du Grand Paris Express.<\/p>\n<p class=\" wall-content\"><b>Seine-et-Marne.\u00a0<a href=\"https:\/\/actu.fr\/ile-de-france\/reau_77384\/seine-et-marne-un-incident-eclate-au-parloir-de-la-prison-de-reau-des-surveillants-menaces-de-mort_62633731.html\" target=\"_blank\" rel=\"noopener\">Un incident \u00e9clate au parloir de la prison de R\u00e9au, des surveillants menac\u00e9s de mort<\/a><\/b><\/p>\n<p class=\" wall-content\">Un homme qui visitait son fr\u00e8re d\u00e9tenu \u00e0 la prison de R\u00e9au a refus\u00e9 qu\u2019il retourne dans sa cellule apr\u00e8s la visite. Il a menac\u00e9 de mort les surveillants.<\/p>\n<p class=\" wall-content\"><b>Yvelines. <a href=\"https:\/\/actu.fr\/ile-de-france\/carrieres-sous-poissy_78123\/des-parasols-des-enseignes-lumineuses-cet-ancien-maire-des-yvelines-doit-rendre-des-comptes_62631976.html\" target=\"_blank\" rel=\"noopener\">Des parasols, des enseignes lumineuses\u2026 cet ancien maire des Yvelines doit rendre des comptes<\/a><\/b><\/p>\n<p class=\" wall-content\">L\u2019ancien maire de Carri\u00e8res-sous-Poissy (Yvelines) a \u00e9t\u00e9 jug\u00e9 pour une s\u00e9rie d\u2019atteintes aux march\u00e9s publics. Explications.<\/p>\n<p class=\" wall-content\"><b>Val d\u2019Oise. <a href=\"https:\/\/actu.fr\/societe\/fraude-aux-arrets-de-travail-la-caisse-primaire-dassurance-maladie-du-val-doise-contre-attaque_62632120.html\" target=\"_blank\" rel=\"noopener\">Fraude aux arr\u00eats de travail : la Caisse primaire d\u2019assurance maladie du Val-d\u2019Oise contre-attaque<\/a><\/b><\/p>\n<p class=\" wall-content\">Pour moins de 30 \u20ac, des escrocs d\u00e9livrent de faux arr\u00eats maladies. Pour lutter contre cette fraude, un nouveau formulaire Cerfa d\u2019avis d\u2019arr\u00eat de travail deviendra obligatoire.<\/p>\n<p class=\" wall-content\"><b>Yvelines.\u00a0<a href=\"https:\/\/actu.fr\/ile-de-france\/rambouillet_78517\/drame-a-la-gare-de-rambouillet-une-femme-se-suicide-sur-le-quai_62632871.html\" target=\"_blank\" rel=\"noopener\">Drame \u00e0 la gare de Rambouillet : une femme se suicide sur le quai<\/a><\/b><\/p>\n<p class=\" wall-content\">Une femme de 31 ans a mis fin \u00e0 ses jours en se jetant sur les rails, en gare de Rambouillet (Yvelines), dans l\u2019apr\u00e8s-midi du mardi 13 mai 2025.<\/p>\n<p>Suivez-nous pour en savoir plus !<\/p>\n<p class=\" wall-content\">Vous voulez plus d\u2019infos sur l\u2019\u00cele-de-France\u00a0? Vous pouvez nous retrouver sur\u00a0Actu\u00a0<b>\u00cele-de-France.<\/b><\/p>\n<p class=\" wall-content\">Pour nous suivre\u00a0<b>sur les r\u00e9seaux sociaux<\/b>, dans vos d\u00e9partements :\u00a0<\/p>\n<p class=\" wall-content\"><b>Paris<\/b>\u00a0:\u00a0retrouvez\u00a0Actu\u00a0Paris\u00a0sur\u00a0<a data-auth=\"NotApplicable\" rel=\"noopener noreferrer\" href=\"https:\/\/www.facebook.com\/actufr.paris\/\" title=\"https:\/\/www.facebook.com\/actufr.paris\/\" data-linkindex=\"17\" target=\"_blank\">Facebook<\/a>\u00a0et\u00a0<a data-auth=\"NotApplicable\" rel=\"noopener noreferrer\" href=\"https:\/\/twitter.com\/actufrparis\" title=\"https:\/\/twitter.com\/actufrparis\" data-linkindex=\"18\" target=\"_blank\">Twitter<\/a>\u00a0<b>;<\/b><br \/><b>Seine-et-Marne<\/b>\u00a0:\u00a0retrouvez\u00a0La R\u00e9publique de Seine-et-Marne\u00a0(sud) sur\u00a0<a data-auth=\"NotApplicable\" rel=\"noopener noreferrer\" href=\"https:\/\/www.facebook.com\/RepubliqueSeineMarne\/\" title=\"https:\/\/www.facebook.com\/RepubliqueSeineMarne\/\" data-linkindex=\"19\" target=\"_blank\">Facebook<\/a>\u00a0et\u00a0<a data-auth=\"NotApplicable\" rel=\"noopener noreferrer\" href=\"https:\/\/twitter.com\/LaRep77\" title=\"https:\/\/twitter.com\/LaRep77\" data-linkindex=\"20\" target=\"_blank\">Twitter<\/a>\u00a0;\u00a0\u00a0La Marne\u00a0(nord) sur\u00a0<a data-auth=\"NotApplicable\" rel=\"noopener noreferrer\" href=\"https:\/\/www.facebook.com\/journallarmarne\/?__tn__=%2Cd%2CP-R&amp;eid=ARDLZc91LaHbXzDwChLLLQJVMBLx_ABJremTC2-RG0CYvg0f4f8CLvbV5G1Lli4g_6QoXDcKkU1_LX1W\" title=\"https:\/\/www.facebook.com\/journallarmarne\/?__tn__=%2Cd%2CP-R&amp;eid=ARDLZc91LaHbXzDwChLLLQJVMBLx_ABJremTC2-RG0CYvg0f4f8CLvbV5G1Lli4g_6QoXDcKkU1_LX1W\" data-linkindex=\"21\" target=\"_blank\">Facebook<\/a>\u00a0et\u00a0<a data-auth=\"NotApplicable\" rel=\"noopener noreferrer\" href=\"https:\/\/twitter.com\/JournalLaMarne\" title=\"https:\/\/twitter.com\/JournalLaMarne\" data-linkindex=\"22\" target=\"_blank\">Twitter<\/a>\u00a0; et\u00a0Le Pays Briard\u00a0sur\u00a0<a data-auth=\"NotApplicable\" rel=\"noopener noreferrer\" href=\"https:\/\/www.facebook.com\/LePaysBriard\/?ref=bookmarks\" title=\"https:\/\/www.facebook.com\/LePaysBriard\/?ref=bookmarks\" data-linkindex=\"23\" target=\"_blank\">Facebook<\/a>\u00a0et\u00a0<a data-auth=\"NotApplicable\" rel=\"noopener noreferrer\" href=\"https:\/\/twitter.com\/LePaysBriard\" title=\"https:\/\/twitter.com\/LePaysBriard\" data-linkindex=\"24\" target=\"_blank\">Twitter<\/a>\u00a0<b>;<\/b><br \/><b>Yvelines<\/b>\u00a0:\u00a0retrouvez\u00a078Actu\u00a0sur\u00a0<a data-auth=\"NotApplicable\" rel=\"noopener noreferrer\" href=\"https:\/\/www.facebook.com\/78actu\/\" title=\"https:\/\/www.facebook.com\/78actu\/\" data-linkindex=\"25\" target=\"_blank\">Facebook<\/a>\u00a0et\u00a0<a data-auth=\"NotApplicable\" rel=\"noopener noreferrer\" href=\"https:\/\/twitter.com\/78actu\" title=\"https:\/\/twitter.com\/78actu\" data-linkindex=\"26\" target=\"_blank\">Twitter<\/a>\u00a0<b>;<\/b><br \/><b>Essonne<\/b>\u00a0:\u00a0retrouvez\u00a0Actu Essonne\u00a0sur\u00a0<a data-auth=\"NotApplicable\" rel=\"noopener noreferrer\" href=\"https:\/\/www.facebook.com\/actuessonne\/?ref=br_rs\" title=\"https:\/\/www.facebook.com\/actuessonne\/?ref=br_rs\" data-linkindex=\"27\" target=\"_blank\">Facebook<\/a>\u00a0et\u00a0<a data-auth=\"NotApplicable\" rel=\"noopener noreferrer\" href=\"https:\/\/twitter.com\/ActuEssonne\" title=\"https:\/\/twitter.com\/ActuEssonne\" data-linkindex=\"28\" target=\"_blank\">Twitter<\/a>\u00a0<b>;<\/b><br \/><b>Hauts-de-Seine<\/b>\u00a0:\u00a0retrouvez\u00a0\u00a0Actu\u00a0Hauts-de-Seine\u00a0sur\u00a0<a data-auth=\"NotApplicable\" rel=\"noopener noreferrer\" href=\"https:\/\/www.facebook.com\/actufr.hautsdeseine\/\" title=\"https:\/\/www.facebook.com\/actufr.hautsdeseine\/\" data-linkindex=\"29\" target=\"_blank\">Facebook<\/a>\u00a0et\u00a0<a data-auth=\"NotApplicable\" rel=\"noopener noreferrer\" href=\"https:\/\/twitter.com\/actufr92\" title=\"https:\/\/twitter.com\/actufr92\" data-linkindex=\"30\" target=\"_blank\">Twitter<\/a>\u00a0;\u00a0<br \/><b>Seine-Saint-Denis<\/b>\u00a0:\u00a0retrouvez\u00a0Actu\u00a0Seine-Saint-Denis\u00a0\u00a0sur\u00a0<a data-auth=\"NotApplicable\" rel=\"noopener noreferrer\" href=\"https:\/\/www.facebook.com\/actufr.seinesaintdenis\/\" title=\"https:\/\/www.facebook.com\/actufr.seinesaintdenis\/\" data-linkindex=\"31\" target=\"_blank\">Facebook<\/a>\u00a0et\u00a0<a data-auth=\"NotApplicable\" rel=\"noopener noreferrer\" href=\"https:\/\/twitter.com\/Actufr93\" title=\"https:\/\/twitter.com\/Actufr93\" data-linkindex=\"32\" target=\"_blank\">Twitter<\/a>\u00a0<b>;<\/b><br \/><b>Val-de-Marne<\/b>\u00a0:\u00a0retrouvez\u00a0Actu Val-de-Marne\u00a0\u00a0sur\u00a0<a data-auth=\"NotApplicable\" rel=\"noopener noreferrer\" href=\"https:\/\/www.facebook.com\/actu94.valdemarne\/\" title=\"https:\/\/www.facebook.com\/actu94.valdemarne\/\" data-linkindex=\"33\" target=\"_blank\">Facebook<\/a>\u00a0et\u00a0<a data-auth=\"NotApplicable\" rel=\"noopener noreferrer\" href=\"https:\/\/twitter.com\/actufr94\" title=\"https:\/\/twitter.com\/actufr94\" data-linkindex=\"34\" target=\"_blank\">Twitter<\/a><b>;<\/b><br \/><b>Val-d\u2019Oise<\/b>\u00a0: retrouvez La Gazette du Val-d\u2019Oise sur\u00a0<a data-auth=\"NotApplicable\" rel=\"noopener noreferrer\" href=\"https:\/\/www.facebook.com\/lagazetteduvaldoise\/\" title=\"https:\/\/www.facebook.com\/lagazetteduvaldoise\/\" data-linkindex=\"35\" target=\"_blank\">Facebook<\/a>\u00a0; L\u2019Echo, le r\u00e9gional sur\u00a0<a data-auth=\"NotApplicable\" rel=\"noopener noreferrer\" href=\"https:\/\/www.facebook.com\/echo.regional\" title=\"https:\/\/www.facebook.com\/echo.regional\" data-linkindex=\"36\" target=\"_blank\">Facebook<\/a>\u00a0et C\u00f4t\u00e9 Val d\u2019Oise sur\u00a0<a data-auth=\"NotApplicable\" rel=\"noopener noreferrer\" href=\"https:\/\/www.facebook.com\/Cotevaldoise\" title=\"https:\/\/www.facebook.com\/Cotevaldoise\" data-linkindex=\"37\" target=\"_blank\">Facebook<\/a>.\u00a0<\/p>\n<p class=\" wall-content\">Suivez toute l\u2019actualit\u00e9 de vos villes et m\u00e9dias favoris en vous inscrivant \u00e0 <a href=\"https:\/\/moncompte.actu.fr\" title=\"D\u00e9couvez Mon Actu\" rel=\"nofollow noopener\" data-trk=\"{&quot;cta&quot;:{&quot;action&quot;:&quot;https:\\\/\\\/moncompte.actu.fr&quot;,&quot;category&quot;:&quot;mon compte&quot;,&quot;from&quot;:&quot;article footer&quot;,&quot;name&quot;:&quot;Mon actu&quot;,&quot;type&quot;:&quot;cta&quot;}}\" target=\"_blank\">Mon Actu<\/a>.<\/p>\n<p>                    <script async src=\"https:\/\/platform.twitter.com\/widgets.js\" charset=\"utf-8\"><\/script><\/p>\n","protected":false},"excerpt":{"rendered":"Par R\u00e9daction Meaux Publi\u00e9 le 14 mai 2025 \u00e0 12h08 Que s\u2019est-il pass\u00e9 ce mercredi 14 mai 2025&hellip;\n","protected":false},"author":2,"featured_media":99123,"comment_status":"","ping_status":"","sticky":false,"template":"","format":"standard","meta":{"footnotes":""},"categories":[1592],"tags":[1111,11,3542,1777,674,1011,27,1006,662,12,626,899,25,104],"class_list":{"0":"post-99122","1":"post","2":"type-post","3":"status-publish","4":"format-standard","5":"has-post-thumbnail","7":"category-ile-de-france","8":"tag-actu","9":"tag-actualites","10":"tag-circulation","11":"tag-eu","12":"tag-europe","13":"tag-fr","14":"tag-france","15":"tag-fraude","16":"tag-ile-de-france","17":"tag-news","18":"tag-paris","19":"tag-prisons","20":"tag-republique-francaise","21":"tag-societe"},"share_on_mastodon":{"url":"https:\/\/pubeurope.com\/@fr\/114505730131066046","error":""},"_links":{"self":[{"href":"https:\/\/www.europesays.com\/fr\/wp-json\/wp\/v2\/posts\/99122","targetHints":{"allow":["GET"]}}],"collection":[{"href":"https:\/\/www.europesays.com\/fr\/wp-json\/wp\/v2\/posts"}],"about":[{"href":"https:\/\/www.europesays.com\/fr\/wp-json\/wp\/v2\/types\/post"}],"author":[{"embeddable":true,"href":"https:\/\/www.europesays.com\/fr\/wp-json\/wp\/v2\/users\/2"}],"replies":[{"embeddable":true,"href":"https:\/\/www.europesays.com\/fr\/wp-json\/wp\/v2\/comments?post=99122"}],"version-history":[{"count":0,"href":"https:\/\/www.europesays.com\/fr\/wp-json\/wp\/v2\/posts\/99122\/revisions"}],"wp:featuredmedia":[{"embeddable":true,"href":"https:\/\/www.europesays.com\/fr\/wp-json\/wp\/v2\/media\/99123"}],"wp:attachment":[{"href":"https:\/\/www.europesays.com\/fr\/wp-json\/wp\/v2\/media?parent=99122"}],"wp:term":[{"taxonomy":"category","embeddable":true,"href":"https:\/\/www.europesays.com\/fr\/wp-json\/wp\/v2\/categories?post=99122"},{"taxonomy":"post_tag","embeddable":true,"href":"https:\/\/www.europesays.com\/fr\/wp-json\/wp\/v2\/tags?post=99122"}],"curies":[{"name":"wp","href":"https:\/\/api.w.org\/{rel}","templated":true}]}}