{"id":99130,"date":"2025-05-14T10:35:09","date_gmt":"2025-05-14T10:35:09","guid":{"rendered":"https:\/\/www.europesays.com\/fr\/99130\/"},"modified":"2025-05-14T10:35:09","modified_gmt":"2025-05-14T10:35:09","slug":"paris-la-baignade-dans-la-seine-ouverte-des-le-5-juillet","status":"publish","type":"post","link":"https:\/\/www.europesays.com\/fr\/99130\/","title":{"rendered":"Paris\u00a0: la baignade dans la Seine ouverte d\u00e8s le 5\u00a0juillet"},"content":{"rendered":"<p class=\"paragraph text_align_left\">C\u2019\u00e9tait s\u00fbrement l\u2019h\u00e9ritage des Jeux olympiques le plus attendu. La baignade dans la Seine \u00e0 Paris sera bien ouverte au public cet \u00e9t\u00e9. Les premiers plongeons se feront \u00e0 partir du 5 juillet, a annonc\u00e9 Anne Hidalgo, la maire (PS) de la capitale, ce mercredi. Ils prendront fin le 31 ao\u00fbt. Un \u00e9v\u00e9nement, 100 ans apr\u00e8s l\u2019interdiction de la baignade dans le fleuve.<\/p>\n<p class=\"paragraph text_align_left\">Trois sites de baignade &#8211; au bras Marie (Paris Centre), au port de Grenelle (XVe) et \u00e0 Bercy (XIIe) &#8211;<a href=\"https:\/\/www.leparisien.fr\/paris-75\/baignade-dans-la-seine-a-paris-avant-le-grand-plongeon-le-chantier-a-commence-30-03-2025-2EDA4FUIV5BXFFXZUGS5DYM7HM.php\" target=\"_blank\" rel=\"noreferrer nofollow noopener\"> accueilleront les nageurs<\/a>. \u00ab Oui, je nagerai dans la Seine \u00bb, assure Anne Hidalgo, qui confirme qu\u2019elle se baignera \u00e0 nouveau le 5 juillet prochain. La maire de Paris pourrait aussi \u00eatre pr\u00e9sente et se mouiller d\u00e8s le 28 juin, jour d\u2019ouverture des sites de baignade dans le Val-de-Marne.<\/p>\n<p class=\"paragraph text_align_left\">\u00ab Selon un protocole d\u00e9termin\u00e9 avec les services de l\u2019\u00c9tat et de l\u2019Agence R\u00e9gionale de Sant\u00e9, les sites de baignade seront ferm\u00e9s les jours o\u00f9 les conditions ne permettront pas d\u2019assurer la s\u00e9curit\u00e9 des baigneurs : courant important, qualit\u00e9 de l\u2019eau insuffisante, pluies trop abondantes\u2026 Ces donn\u00e9es seront analys\u00e9es quotidiennement par la Ville de Paris et les visiteurs seront inform\u00e9s de l\u2019ouverture des sites de baignade chaque jour \u00bb, pr\u00e9voit la Ville de Paris.<\/p>\n<p>Plus de 1 000 places r\u00e9parties sur trois sites<\/p>\n<p class=\"paragraph text_align_left\">Les trois sites de baignade, gratuits, seront surveill\u00e9s par des ma\u00eetres nageurs. Mais contrairement \u00e0 la zone de la Villette, cette fois-ci, les nageurs ne seront pas dans un bassin ferm\u00e9 mais un \u00ab environnement peu am\u00e9nag\u00e9 \u00bb, assure la Ville.<\/p>\n<p class=\"paragraph text_align_left\">Dans le d\u00e9tail, chaque site aura ses propres horaires d\u2019ouverture. Ainsi, au Bras Marie, les 150 nageurs autoris\u00e9s en simultan\u00e9 disposeront, \u00e0 proximit\u00e9 de Paris-Plages, d\u2019une zone d\u2019environ 70 x 20 m\u00e8tres. Celui pr\u00e8s de Bercy (XIIe) pourra accueillir 700 personnes, dont 300 dans l\u2019eau. Cette fois, deux bassins seront install\u00e9s face \u00e0 la biblioth\u00e8que Nationale de France.<\/p>\n<p class=\"paragraph text_align_left\">Enfin, le site dit de Grenelle (XVe), juste en face de l\u2019\u00eele aux Cygnes, disposera d\u2019un bassin pour les enfants avec peu de profondeur. Des vestiaires et douches seront \u00e0 disposition des 200 personnes du site.<\/p>\n<p class=\"paragraph text_align_left\">La Ville rappellera aussi que la baignade est strictement interdite en dehors de ces trois zones.<\/p>\n","protected":false},"excerpt":{"rendered":"C\u2019\u00e9tait s\u00fbrement l\u2019h\u00e9ritage des Jeux olympiques le plus attendu. La baignade dans la Seine \u00e0 Paris sera bien&hellip;\n","protected":false},"author":2,"featured_media":99131,"comment_status":"","ping_status":"","sticky":false,"template":"","format":"standard","meta":{"footnotes":""},"categories":[1888],"tags":[11,1777,674,1011,27,1944,12,626,25],"class_list":{"0":"post-99130","1":"post","2":"type-post","3":"status-publish","4":"format-standard","5":"has-post-thumbnail","7":"category-paris","8":"tag-actualites","9":"tag-eu","10":"tag-europe","11":"tag-fr","12":"tag-france","13":"tag-ma-ville","14":"tag-news","15":"tag-paris","16":"tag-republique-francaise"},"share_on_mastodon":{"url":"https:\/\/pubeurope.com\/@fr\/114505745921014958","error":""},"_links":{"self":[{"href":"https:\/\/www.europesays.com\/fr\/wp-json\/wp\/v2\/posts\/99130","targetHints":{"allow":["GET"]}}],"collection":[{"href":"https:\/\/www.europesays.com\/fr\/wp-json\/wp\/v2\/posts"}],"about":[{"href":"https:\/\/www.europesays.com\/fr\/wp-json\/wp\/v2\/types\/post"}],"author":[{"embeddable":true,"href":"https:\/\/www.europesays.com\/fr\/wp-json\/wp\/v2\/users\/2"}],"replies":[{"embeddable":true,"href":"https:\/\/www.europesays.com\/fr\/wp-json\/wp\/v2\/comments?post=99130"}],"version-history":[{"count":0,"href":"https:\/\/www.europesays.com\/fr\/wp-json\/wp\/v2\/posts\/99130\/revisions"}],"wp:featuredmedia":[{"embeddable":true,"href":"https:\/\/www.europesays.com\/fr\/wp-json\/wp\/v2\/media\/99131"}],"wp:attachment":[{"href":"https:\/\/www.europesays.com\/fr\/wp-json\/wp\/v2\/media?parent=99130"}],"wp:term":[{"taxonomy":"category","embeddable":true,"href":"https:\/\/www.europesays.com\/fr\/wp-json\/wp\/v2\/categories?post=99130"},{"taxonomy":"post_tag","embeddable":true,"href":"https:\/\/www.europesays.com\/fr\/wp-json\/wp\/v2\/tags?post=99130"}],"curies":[{"name":"wp","href":"https:\/\/api.w.org\/{rel}","templated":true}]}}