{"id":99132,"date":"2025-05-14T10:36:12","date_gmt":"2025-05-14T10:36:12","guid":{"rendered":"https:\/\/www.europesays.com\/fr\/99132\/"},"modified":"2025-05-14T10:36:12","modified_gmt":"2025-05-14T10:36:12","slug":"paris-evoque-des-sanctions-devastatrices-pour-prendre-la-russie-a-la-gorge","status":"publish","type":"post","link":"https:\/\/www.europesays.com\/fr\/99132\/","title":{"rendered":"Paris \u00e9voque des sanctions \u00ab\u00a0d\u00e9vastatrices\u00a0\u00bb pour \u00ab\u00a0prendre la Russie \u00e0 la gorge\u00a0\u00bb"},"content":{"rendered":"<p>Etats-Unis et Europ\u00e9ens doivent \u00ab\u00a0se pr\u00e9parer \u00e0 brandir des sanctions d\u00e9vastatrices\u00a0\u00bb pour contraindre la Russie \u00e0 cesser sa <a href=\"https:\/\/www.laprovence.com\/article\/france-monde\/1729779620559615\/guerre-en-ukraine-poutine-propose-de-negocier-avec-l-ukraine-mais-ignore-la-proposition-de-cessez-le-feu\" target=\"_blank\" rel=\"noopener\">guerre en Ukraine<\/a>, a d\u00e9clar\u00e9 mercredi le chef de la diplomatie fran\u00e7aise Jean-No\u00ebl Barrot, en \u00e9voquant un projet de sanctions du s\u00e9nateur am\u00e9ricain Lindsey Graham.<\/p>\n<p>M. Barrot a indiqu\u00e9 sur la cha\u00eene de t\u00e9l\u00e9vision fran\u00e7aise BFMTV qu&rsquo;il rencontrerait jeudi en Turquie M. Graham, \u00ab\u00a0qui a con\u00e7u un paquet de sanctions extr\u00eamement puissantes, avec des droits de douane de 500% sur les importations de p\u00e9trole russe et de 500% sur les pays qui aujourd&rsquo;hui continuent d&rsquo;importer du p\u00e9trole russe\u00a0\u00bb.<\/p>\n<p>\u00ab\u00a0La Russie a trouv\u00e9 des voies de contournement face au blocus impos\u00e9 par l&rsquo;Europe et les Etats-Unis, aller fermer le robinet de cette mani\u00e8re-l\u00e0, c&rsquo;est une mani\u00e8re de prendre la Russie \u00e0 la gorge\u00a0\u00bb, a-t-il poursuivi. L&rsquo;Union europ\u00e9enne a adopt\u00e9 mercredi un 17e paquet de sanctions contre la Russie, ciblant des p\u00e9troliers \u00ab\u00a0fant\u00f4mes\u00a0\u00bb utilis\u00e9s pour contourner les sanctions d\u00e9j\u00e0 existantes.<\/p>\n<p>De nouvelles mesures \u00ab\u00a0qui pourraient asphyxier une bonne fois pour toute l&rsquo;\u00e9conomie russe\u00a0\u00bb<\/p>\n<p>Mais \u00ab\u00a0il va falloir aller plus loin, parce que ces sanctions massives n&rsquo;ont pas encore dissuad\u00e9 Vladimir Poutine de continuer sa guerre d&rsquo;agression contre l&rsquo;Ukraine\u00a0\u00bb, a insist\u00e9 M. Barrot, estimant qu&rsquo;il fallait travailler \u00e0 de nouvelles mesures \u00ab\u00a0qui pourraient asphyxier une bonne fois pour toute l&rsquo;\u00e9conomie russe\u00a0\u00bb.<\/p>\n<p>\u00ab\u00a0Je souhaite que l&rsquo;Europe puisse \u00e0 son tour brandir des sanctions sur les hydrocarbures\u00a0\u00bb, a ajout\u00e9 le ministre. Des pourparlers sur l&rsquo;Ukraine sont pr\u00e9vus jeudi en Turquie. Le pr\u00e9sident ukrainien Volodymyr Zelensky, qui s&rsquo;y rendra, a exhort\u00e9 son homologue russe Vladimir Poutine \u00e0 venir, sans r\u00e9ponse pour le moment.<\/p>\n","protected":false},"excerpt":{"rendered":"Etats-Unis et Europ\u00e9ens doivent \u00ab\u00a0se pr\u00e9parer \u00e0 brandir des sanctions d\u00e9vastatrices\u00a0\u00bb pour contraindre la Russie \u00e0 cesser sa&hellip;\n","protected":false},"author":2,"featured_media":99133,"comment_status":"","ping_status":"","sticky":false,"template":"","format":"standard","meta":{"footnotes":""},"categories":[1591],"tags":[17,11,154,21355,3394,1887,329,1146,12,626,1885,1886,132,7185,220],"class_list":{"0":"post-99132","1":"post","2":"type-post","3":"status-publish","4":"format-standard","5":"has-post-thumbnail","7":"category-russie","8":"tag-17","9":"tag-actualites","10":"tag-des","11":"tag-devastatrices","12":"tag-evoque","13":"tag-federation-de-russie","14":"tag-france-monde","15":"tag-guerre","16":"tag-news","17":"tag-paris","18":"tag-russia","19":"tag-russian-federation","20":"tag-russie","21":"tag-sanctions","22":"tag-ukraine"},"share_on_mastodon":{"url":"https:\/\/pubeurope.com\/@fr\/114505749880527540","error":""},"_links":{"self":[{"href":"https:\/\/www.europesays.com\/fr\/wp-json\/wp\/v2\/posts\/99132","targetHints":{"allow":["GET"]}}],"collection":[{"href":"https:\/\/www.europesays.com\/fr\/wp-json\/wp\/v2\/posts"}],"about":[{"href":"https:\/\/www.europesays.com\/fr\/wp-json\/wp\/v2\/types\/post"}],"author":[{"embeddable":true,"href":"https:\/\/www.europesays.com\/fr\/wp-json\/wp\/v2\/users\/2"}],"replies":[{"embeddable":true,"href":"https:\/\/www.europesays.com\/fr\/wp-json\/wp\/v2\/comments?post=99132"}],"version-history":[{"count":0,"href":"https:\/\/www.europesays.com\/fr\/wp-json\/wp\/v2\/posts\/99132\/revisions"}],"wp:featuredmedia":[{"embeddable":true,"href":"https:\/\/www.europesays.com\/fr\/wp-json\/wp\/v2\/media\/99133"}],"wp:attachment":[{"href":"https:\/\/www.europesays.com\/fr\/wp-json\/wp\/v2\/media?parent=99132"}],"wp:term":[{"taxonomy":"category","embeddable":true,"href":"https:\/\/www.europesays.com\/fr\/wp-json\/wp\/v2\/categories?post=99132"},{"taxonomy":"post_tag","embeddable":true,"href":"https:\/\/www.europesays.com\/fr\/wp-json\/wp\/v2\/tags?post=99132"}],"curies":[{"name":"wp","href":"https:\/\/api.w.org\/{rel}","templated":true}]}}