{"id":991325,"date":"2026-06-10T18:47:21","date_gmt":"2026-06-10T18:47:21","guid":{"rendered":"https:\/\/www.europesays.com\/fr\/991325\/"},"modified":"2026-06-10T18:47:21","modified_gmt":"2026-06-10T18:47:21","slug":"une-mobilisation-pour-denoncer-le-calvaire-administratif-des-personnes-etrangeres-a-nantes","status":"publish","type":"post","link":"https:\/\/www.europesays.com\/fr\/991325\/","title":{"rendered":"Une mobilisation pour d\u00e9noncer le calvaire administratif des personnes \u00e9trang\u00e8res\u00a0\u00e0 Nantes"},"content":{"rendered":"<p>La dignit\u00e9 n\u2019a pas de nationalit\u00e9, clame une manifestante<a href=\"https:\/\/nantes.maville.com\/info\/info-locale\/\" target=\"_self\" rel=\"nofollow noopener\"> devant la pr\u00e9fecture de Loire-Atlantique de Nantes<\/a>, mercredi 10\u00a0juin. Apr\u00e8s un appel \u00e0 manifestation national, plusieurs associations\u00a0(1) ont d\u00e9nonc\u00e9 le dysfonctionnement administratif des pr\u00e9fectures subi par les personnes \u00e9trang\u00e8res. Environ quatre-vingts personnes ont r\u00e9pondu pr\u00e9sent.<\/p>\n<p>\u00ab\u00a0On vit dans la peur\u00a0\u00bb<\/p>\n<p>Depuis plusieurs ann\u00e9es,<a href=\"https:\/\/nantes.maville.com\/actu\/actudet_--on-est-face-a-un-mur-des-assos-denoncent-les-demarches-compliquees-pour-les-personnes-etrangeres-_52716-7354643_actu.Htm\" target=\"_self\" rel=\"nofollow noopener\"> elles sont victimes de maltraitance administrative<\/a>, explique Michel, membre du Gasprom, qui accompagne des personnes \u00e9trang\u00e8res dans leurs d\u00e9marches administratives. C\u2019est impossible de trouver un rendez-vous, les retards dans la d\u00e9livrance ou le renouvellement des titres de s\u00e9jour sont massifs et la d\u00e9mat\u00e9rialisation des d\u00e9marches cr\u00e9e des blocages.<\/p>\n<p>Pourtant, la r\u00e9ponse des autorit\u00e9s est cruciale pour ces personnes. Sans titre de s\u00e9jour, on ne peut pas travailler et on se retrouve dans l\u2019impossibilit\u00e9 de nourrir nos familles. On vit dans la peur, ajoute Alfred, du collectif sans-papiers 44. Ils demandent notamment l\u2019ouverture d\u2019un guichet et d\u2019une ligne t\u00e9l\u00e9phonique pour aider les demandeurs.<\/p>\n<p>(1) Gasprom, LDH, RESF 44, JRS France, Amnesty international, Secours catholique, Gisti, Mrap, Collectif Sans papiers 44.<\/p>\n<p>\u00a0<\/p>\n","protected":false},"excerpt":{"rendered":"La dignit\u00e9 n\u2019a pas de nationalit\u00e9, clame une manifestante devant la pr\u00e9fecture de Loire-Atlantique de Nantes, mercredi 10\u00a0juin.&hellip;\n","protected":false},"author":2,"featured_media":991326,"comment_status":"","ping_status":"","sticky":false,"template":"","format":"standard","meta":{"footnotes":"","_share_on_mastodon":"0"},"categories":[2818],"tags":[1111,11,34492,21338,20489,29131,1777,674,1011,27,10234,766,12,2636,3744,25],"class_list":["post-991325","post","type-post","status-publish","format-standard","has-post-thumbnail","category-nantes","tag-actu","tag-actualites","tag-administratif","tag-calvaire","tag-denoncer","tag-etrangeres","tag-eu","tag-europe","tag-fr","tag-france","tag-mobilisation","tag-nantes","tag-news","tag-pays-de-la-loire","tag-personnes","tag-republique-francaise"],"share_on_mastodon":{"url":"https:\/\/pubeurope.com\/@fr\/116727306506164467","error":""},"_links":{"self":[{"href":"https:\/\/www.europesays.com\/fr\/wp-json\/wp\/v2\/posts\/991325","targetHints":{"allow":["GET"]}}],"collection":[{"href":"https:\/\/www.europesays.com\/fr\/wp-json\/wp\/v2\/posts"}],"about":[{"href":"https:\/\/www.europesays.com\/fr\/wp-json\/wp\/v2\/types\/post"}],"author":[{"embeddable":true,"href":"https:\/\/www.europesays.com\/fr\/wp-json\/wp\/v2\/users\/2"}],"replies":[{"embeddable":true,"href":"https:\/\/www.europesays.com\/fr\/wp-json\/wp\/v2\/comments?post=991325"}],"version-history":[{"count":0,"href":"https:\/\/www.europesays.com\/fr\/wp-json\/wp\/v2\/posts\/991325\/revisions"}],"wp:featuredmedia":[{"embeddable":true,"href":"https:\/\/www.europesays.com\/fr\/wp-json\/wp\/v2\/media\/991326"}],"wp:attachment":[{"href":"https:\/\/www.europesays.com\/fr\/wp-json\/wp\/v2\/media?parent=991325"}],"wp:term":[{"taxonomy":"category","embeddable":true,"href":"https:\/\/www.europesays.com\/fr\/wp-json\/wp\/v2\/categories?post=991325"},{"taxonomy":"post_tag","embeddable":true,"href":"https:\/\/www.europesays.com\/fr\/wp-json\/wp\/v2\/tags?post=991325"}],"curies":[{"name":"wp","href":"https:\/\/api.w.org\/{rel}","templated":true}]}}