{"id":991360,"date":"2026-06-10T19:08:17","date_gmt":"2026-06-10T19:08:17","guid":{"rendered":"https:\/\/www.europesays.com\/fr\/991360\/"},"modified":"2026-06-10T19:08:17","modified_gmt":"2026-06-10T19:08:17","slug":"carte-guerre-en-ukraine-frappe-sur-une-usine-darmement-russe-volodymyr-zelensky-au-g7-le","status":"publish","type":"post","link":"https:\/\/www.europesays.com\/fr\/991360\/","title":{"rendered":"CARTE. Guerre en Ukraine\u00a0: frappe sur une usine d\u2019armement russe, Volodymyr Zelensky au G7\u2026 Le"},"content":{"rendered":"<p>Ce mercredi 10\u00a0juin 2026, l\u2019Ukraine a affirm\u00e9 avoir frapp\u00e9 avec ses missiles de croisi\u00e8re une usine d\u2019armement russe. Emmanuel Macron a quant \u00e0 lui annonc\u00e9 la participation de Volodymyr Zelensky au prochain G7, pr\u00e9vu la semaine prochaine. De son c\u00f4t\u00e9, la Bulgarie a annonc\u00e9 qu\u2019elle allait cesser de puiser dans ses stocks publics pour fournir des armes \u00e0 l\u2019Ukraine. Voici ce qu\u2019il faut retenir <a href=\"https:\/\/www.ouest-france.fr\/europe\/ukraine\/\" target=\"_self\" rel=\"nofollow noopener\">de l\u2019actualit\u00e9 du 1\u00a0567e jour du conflit.<\/a><\/p>\n<\/p>\n<p>Une usine d\u2019armement russe frapp\u00e9e avec des missiles ukrainiens<\/p>\n<p>Le pr\u00e9sident Volodymyr Zelensky a affirm\u00e9 que des missiles de croisi\u00e8re de fabrication ukrainienne avaient frapp\u00e9 dans la nuit de mardi \u00e0 mercredi une usine d\u2019armement russe dans le centre de la Russie.<\/p>\n<p><strong>\u00ab\u00a0La nuit derni\u00e8re, des FP-5\u00a0Flamingo ukrainiens ont frapp\u00e9 une usine militaire \u00e0 Tcheboksary qui fournit \u00e0 l\u2019arm\u00e9e de l\u2019occupant des composants pour des drones et des missiles\u00a0\u00bb,<\/strong> a d\u00e9clar\u00e9 le pr\u00e9sident ukrainien.<\/p>\n<p>Il a publi\u00e9 une vid\u00e9o montrant un missile se dirigeant vers sa cible et des panaches de fum\u00e9e au-dessus d\u2019un b\u00e2timent. Tcheboksary est une ville russe situ\u00e9e \u00e0 quelque 1\u00a0000\u00a0km de la fronti\u00e8re, en Tchouvachie, rappelle l\u2019Agence France-Presse\u00a0(AFP).<\/p>\n<p>Kiev avait test\u00e9 en ao\u00fbt\u00a02025 son propre missile Flamingo d\u2019une port\u00e9e revendiqu\u00e9e de 3\u00a0000\u00a0km. Son utilisation reste relativement rare.<\/p>\n<p><strong>\u00ab\u00a0T\u00f4t ce matin, Tcheboksary a \u00e9t\u00e9 la cible d\u2019une attaque [\u2026] Nous travaillons \u00e0 d\u00e9terminer le nombre de victimes et l\u2019ampleur des d\u00e9g\u00e2ts caus\u00e9s aux infrastructures\u00a0\u00bb,<\/strong> a indiqu\u00e9 pour sa part Oleg Nykolaev, le gouverneur de Tchouvachie, r\u00e9gion situ\u00e9e \u00e0 600\u00a0km \u00e0 l\u2019est de Moscou.<\/p>\n<p>Kiev a \u00e9galement frapp\u00e9 une raffinerie de p\u00e9trole dans la r\u00e9gion de Samara, en Russie, ainsi qu\u2019un p\u00e9trolier russe en mer Noire, a indiqu\u00e9 l\u2019\u00e9tat-major ukrainien.<\/p>\n<p>L\u2019Ukraine produit certains missiles de type longue port\u00e9e\u00a0(Flamingo, Neptune) et re\u00e7oit de ses alli\u00e9s europ\u00e9ens des missiles de croisi\u00e8re Scalp fran\u00e7ais et Storm Shadow britanniques, mais en petites quantit\u00e9s. Les Am\u00e9ricains n\u2019ont jusqu\u2019ici pas livr\u00e9 les missiles Tomahawk que Volodymyr Zelensky esp\u00e9rait.<\/p>\n<p>Ces frappes de missiles sont les derni\u00e8res en date <a href=\"https:\/\/rennes.maville.com\/actu\/actudet_-guerre-en-ukraine-kiev-fait-trois-morts-en-crimee-annexee...-le-point-sur-la-nuit-_53511-7345373_actu.Htm\" target=\"_self\" rel=\"nofollow noopener\">d\u2019un nombre croissant d\u2019actions offensives men\u00e9es sur le territoire russe par Kiev.<\/a><\/p>\n<p>Zelensky participera au G7 pour \u00ab\u00a0recr\u00e9er de la convergence\u00a0\u00bb sur le soutien \u00e0 l\u2019Ukraine<\/p>\n<p>Le pr\u00e9sident ukrainien Volodymyr Zelensky participera mardi 16\u00a0juin <a href=\"https:\/\/rennes.maville.com\/actu\/actudet_-point-de-vue.-les-priorites-de-la-france-au-g7-_53511-7307711_actu.Htm\" target=\"_self\" rel=\"nofollow noopener\">\u00e0 une session du sommet du G7 \u00e0 Evian,<\/a> en France, a annonc\u00e9 mercredi Emmanuel Macron.<\/p>\n<p><strong>\u00ab\u00a0C\u2019est tr\u00e8s important pour nous parce qu\u2019il faut recr\u00e9er de la convergence au G7, en soutien \u00e0 l\u2019Ukraine sur les diff\u00e9rents aspects \u00e9videmment de la guerre\u00a0\u00bb<\/strong>, y compris sur la n\u00e9cessit\u00e9 de <strong>\u00ab\u00a0n\u00e9gociations\u00a0\u00bb,<\/strong> a dit le pr\u00e9sident fran\u00e7ais lors d\u2019un \u00e9change avec la soci\u00e9t\u00e9 civile \u00e0 l\u2019\u00c9lys\u00e9e, dans une allusion aux divergences entre les Europ\u00e9ens et Donald Trump sur ce dossier.<\/p>\n<p>La Bulgarie met fin aux livraisons d\u2019armes issues de ses stocks publics \u00e0 l\u2019Ukraine<\/p>\n<p>La Bulgarie ne fournira plus d\u2019armes issues de ses stocks militaires publics \u00e0 l\u2019Ukraine, a annonc\u00e9 mercredi le Premier ministre de ce pays membre de l\u2019Otan et de l\u2019Union europ\u00e9enne\u00a0(UE).<\/p>\n<p>\u00c0 la t\u00eate du gouvernement apr\u00e8s la victoire de son parti aux \u00e9lections l\u00e9gislatives du mois de mai, Roumen Radev, plaide pour un dialogue avec la Russie et critique l\u2019aide militaire accord\u00e9e \u00e0 Kiev.<\/p>\n<p><strong>Lire aussi\u00a0:<\/strong> <a href=\"https:\/\/rennes.maville.com\/actu\/actudet_-reportage.-je-veux-rendre-la-societe-meilleure-l-espoir-de-la-jeunesse-contre-la-corruption-en-bulgarie-_54135-7280848_actu.Htm\" target=\"_self\" rel=\"nofollow noopener\">REPORTAGE. \u00ab\u00a0Je veux rendre la soci\u00e9t\u00e9 meilleure\u00a0\u00bb\u00a0: l\u2019espoir de la jeunesse contre la corruption en Bulgarie<\/a><\/p>\n<p><strong>\u00ab\u00a0Le gouvernement met fin \u00e0 la fourniture d\u2019armes provenant de l\u2019arm\u00e9e bulgare \u00e0 l\u2019Ukraine\u00a0\u00bb,<\/strong> a-t-il d\u00e9clar\u00e9 \u00e0 la presse, dont l\u2019AFP. <strong>\u00ab\u00a0Nous avons d\u00e9j\u00e0 donn\u00e9 suffisamment, tandis que notre pays continue d\u2019enregistrer des pertes socio-\u00e9conomiques en raison de cette guerre sanglante\u00a0\u00bb,<\/strong> a-t-il ajout\u00e9. Il s\u2019est dit <strong>\u00ab\u00a0convaincu qu\u2019une solution pacifique ne pourra pas \u00eatre obtenue par des moyens militaires\u00a0\u00bb<\/strong>.<\/p>\n<p><strong>\u00ab\u00a0C\u2019est pourquoi nous appelons une nouvelle fois \u00e0 une approche globale et r\u00e9aliste de cette guerre et \u00e0 la recherche d\u2019une solution diplomatique\u00a0\u00bb,<\/strong> a-t-il poursuivi.<\/p>\n<p>La Bulgarie a fourni \u00e0 l\u2019Ukraine des armes issues de ses stocks militaires, notamment des syst\u00e8mes de d\u00e9fense a\u00e9rienne et des missiles sol-air, financ\u00e9s par le m\u00e9canisme europ\u00e9en de la Facilit\u00e9 europ\u00e9enne pour la paix.<\/p>\n<p>Les usines bulgares produisant des munitions compatibles avec des armes de l\u2019\u00e9poque sovi\u00e9tique utilis\u00e9es par l\u2019arm\u00e9e ukrainienne ont connu un essor depuis le d\u00e9but de la guerre, m\u00eame si leurs produits ne sont pas vendus directement \u00e0 l\u2019Ukraine mais \u00e0 des pays de l\u2019UE, qui les transf\u00e8rent ensuite.<\/p>\n<p>Le parti centriste de droite GERB, dirig\u00e9 par l\u2019ancien Premier ministre Bo\u00efko Borissov, a critiqu\u00e9 la d\u00e9cision de cesser l\u2019aide militaire \u00e0 l\u2019Ukraine, estimant qu\u2019elle \u00e9rode <strong>\u00ab\u00a0la confiance en la Bulgarie en tant qu\u2019alli\u00e9\u00a0\u00bb<\/strong>.<\/p>\n<p>\u00a0<\/p>\n","protected":false},"excerpt":{"rendered":"Ce mercredi 10\u00a0juin 2026, l\u2019Ukraine a affirm\u00e9 avoir frapp\u00e9 avec ses missiles de croisi\u00e8re une usine d\u2019armement russe.&hellip;\n","protected":false},"author":2,"featured_media":991361,"comment_status":"","ping_status":"","sticky":false,"template":"","format":"standard","meta":{"footnotes":"","_share_on_mastodon":"0"},"categories":[1590],"tags":[11,1924,11617,1777,674,11731,23564,1146,4432,12,8013,4937,220,2103,17406,6746],"class_list":["post-991360","post","type-post","status-publish","format-standard","has-post-thumbnail","category-ukraine","tag-actualites","tag-armement","tag-carte","tag-eu","tag-europe","tag-frappe","tag-g7","tag-guerre","tag-jour","tag-news","tag-russe","tag-saint-brieuc","tag-ukraine","tag-usine","tag-volodymyr","tag-zelensky"],"share_on_mastodon":{"url":"https:\/\/pubeurope.com\/@fr\/116727389132443493","error":""},"_links":{"self":[{"href":"https:\/\/www.europesays.com\/fr\/wp-json\/wp\/v2\/posts\/991360","targetHints":{"allow":["GET"]}}],"collection":[{"href":"https:\/\/www.europesays.com\/fr\/wp-json\/wp\/v2\/posts"}],"about":[{"href":"https:\/\/www.europesays.com\/fr\/wp-json\/wp\/v2\/types\/post"}],"author":[{"embeddable":true,"href":"https:\/\/www.europesays.com\/fr\/wp-json\/wp\/v2\/users\/2"}],"replies":[{"embeddable":true,"href":"https:\/\/www.europesays.com\/fr\/wp-json\/wp\/v2\/comments?post=991360"}],"version-history":[{"count":0,"href":"https:\/\/www.europesays.com\/fr\/wp-json\/wp\/v2\/posts\/991360\/revisions"}],"wp:featuredmedia":[{"embeddable":true,"href":"https:\/\/www.europesays.com\/fr\/wp-json\/wp\/v2\/media\/991361"}],"wp:attachment":[{"href":"https:\/\/www.europesays.com\/fr\/wp-json\/wp\/v2\/media?parent=991360"}],"wp:term":[{"taxonomy":"category","embeddable":true,"href":"https:\/\/www.europesays.com\/fr\/wp-json\/wp\/v2\/categories?post=991360"},{"taxonomy":"post_tag","embeddable":true,"href":"https:\/\/www.europesays.com\/fr\/wp-json\/wp\/v2\/tags?post=991360"}],"curies":[{"name":"wp","href":"https:\/\/api.w.org\/{rel}","templated":true}]}}