{"id":99140,"date":"2025-05-14T10:40:09","date_gmt":"2025-05-14T10:40:09","guid":{"rendered":"https:\/\/www.europesays.com\/fr\/99140\/"},"modified":"2025-05-14T10:40:09","modified_gmt":"2025-05-14T10:40:09","slug":"lallemagne-arrete-trois-ukrainiens-soupconnes-despionnage-dans-le-cadre-dun-projet-dexplosion-de-colis-14-05-2025-a-1047","status":"publish","type":"post","link":"https:\/\/www.europesays.com\/fr\/99140\/","title":{"rendered":"L&rsquo;Allemagne arr\u00eate trois Ukrainiens soup\u00e7onn\u00e9s d&rsquo;espionnage dans le cadre d&rsquo;un projet d&rsquo;explosion de colis &#8211; 14\/05\/2025 \u00e0 10:47"},"content":{"rendered":"<p>\n ((Traduction automatis\u00e9e par Reuters \u00e0 l&rsquo;aide de l&rsquo;apprentissage<br \/>\nautomatique et de l&rsquo;IA g\u00e9n\u00e9rative, veuillez vous r\u00e9f\u00e9rer \u00e0<br \/>\nl&rsquo;avertissement suivant: https:\/\/bit.ly\/rtrsauto))\n<\/p>\n<p>\n (Ajout de d\u00e9tails, contexte \u00e0 partir du paragraphe 3)\n<\/p>\n<p>\n L&rsquo;Allemagne a arr\u00eat\u00e9 trois<br \/>\nressortissants ukrainiens soup\u00e7onn\u00e9s d&rsquo;activit\u00e9 d&rsquo;agent \u00e9tranger<br \/>\nli\u00e9e \u00e0 l&rsquo;envoi de colis contenant des engins explosifs, ont<br \/>\nd\u00e9clar\u00e9 les procureurs mercredi.\n<\/p>\n<p>\n Les suspects sont soup\u00e7onn\u00e9s d&rsquo;avoir \u00e9t\u00e9 en contact avec des<br \/>\npersonnes travaillant pour des institutions de l&rsquo;\u00c9tat russe, ont<br \/>\nindiqu\u00e9 les procureurs f\u00e9d\u00e9raux dans un communiqu\u00e9.\n<\/p>\n<p>\n Deux des hommes, identifi\u00e9s conform\u00e9ment aux lois allemandes<br \/>\nsur la protection de la vie priv\u00e9e comme Vladyslav T. et Daniil<br \/>\nB., ont \u00e9t\u00e9 arr\u00eat\u00e9s au cours du week-end en Allemagne. Un autre,<br \/>\nidentifi\u00e9 comme Yevhen B., a \u00e9t\u00e9 arr\u00eat\u00e9 mardi en Suisse.\n<\/p>\n<p>\n \u00ab\u00a0Les accus\u00e9s sont fortement soup\u00e7onn\u00e9s d&rsquo;avoir agi en tant<br \/>\nqu&rsquo;agents \u00e0 des fins de sabotage\u00a0\u00bb, indique le communiqu\u00e9, qui<br \/>\nles accuse d&rsquo;avoir accept\u00e9 de commettre de graves incendies<br \/>\ncriminels et de se procurer des explosifs.\n<\/p>\n<p>\n En ao\u00fbt dernier, les autorit\u00e9s allemandes  ont averti les<br \/>\nentreprises   que des colis contenant des engins<br \/>\nincendiaires avaient pris feu en cours de route \u00e0 travers<br \/>\nl&rsquo;Europe.\n<\/p>\n<p>\n La soci\u00e9t\u00e9 de logistique DHL<br \/>\n <a href=\"https:\/\/www.boursorama.com\/cours\/1zDHL\/\" rel=\"nofollow noopener\" target=\"_blank\"><br \/>\n  DHLn.DE<br \/>\n <\/a><br \/>\n a pris des mesures<br \/>\npour prot\u00e9ger son r\u00e9seau \u00e0 la suite de plusieurs incendies dans<br \/>\nun entrep\u00f4t \u00e0 Leipzig.<\/p>\n","protected":false},"excerpt":{"rendered":"((Traduction automatis\u00e9e par Reuters \u00e0 l&rsquo;aide de l&rsquo;apprentissage automatique et de l&rsquo;IA g\u00e9n\u00e9rative, veuillez vous r\u00e9f\u00e9rer \u00e0 l&rsquo;avertissement&hellip;\n","protected":false},"author":2,"featured_media":9135,"comment_status":"","ping_status":"","sticky":false,"template":"","format":"standard","meta":{"footnotes":""},"categories":[1587],"tags":[400,11,672,398,408,1804,405,1805,1803,1777,674,1801,403,402,399,404,12,1802,401,406,407],"class_list":{"0":"post-99140","1":"post","2":"type-post","3":"status-publish","4":"format-standard","5":"has-post-thumbnail","7":"category-allemagne","8":"tag-action-cac-40","9":"tag-actualites","10":"tag-allemagne","11":"tag-bourse-de-paris","12":"tag-boursorama","13":"tag-bundesrepublik-deutschland","14":"tag-cotations","15":"tag-de","16":"tag-deutschland","17":"tag-eu","18":"tag-europe","19":"tag-germany","20":"tag-indices-devises","21":"tag-investir","22":"tag-investissement","23":"tag-marche-boursier","24":"tag-news","25":"tag-republique-federale-dallemagne","26":"tag-sicav","27":"tag-trackers","28":"tag-warrants"},"share_on_mastodon":{"url":"https:\/\/pubeurope.com\/@fr\/114505765710215517","error":""},"_links":{"self":[{"href":"https:\/\/www.europesays.com\/fr\/wp-json\/wp\/v2\/posts\/99140","targetHints":{"allow":["GET"]}}],"collection":[{"href":"https:\/\/www.europesays.com\/fr\/wp-json\/wp\/v2\/posts"}],"about":[{"href":"https:\/\/www.europesays.com\/fr\/wp-json\/wp\/v2\/types\/post"}],"author":[{"embeddable":true,"href":"https:\/\/www.europesays.com\/fr\/wp-json\/wp\/v2\/users\/2"}],"replies":[{"embeddable":true,"href":"https:\/\/www.europesays.com\/fr\/wp-json\/wp\/v2\/comments?post=99140"}],"version-history":[{"count":0,"href":"https:\/\/www.europesays.com\/fr\/wp-json\/wp\/v2\/posts\/99140\/revisions"}],"wp:featuredmedia":[{"embeddable":true,"href":"https:\/\/www.europesays.com\/fr\/wp-json\/wp\/v2\/media\/9135"}],"wp:attachment":[{"href":"https:\/\/www.europesays.com\/fr\/wp-json\/wp\/v2\/media?parent=99140"}],"wp:term":[{"taxonomy":"category","embeddable":true,"href":"https:\/\/www.europesays.com\/fr\/wp-json\/wp\/v2\/categories?post=99140"},{"taxonomy":"post_tag","embeddable":true,"href":"https:\/\/www.europesays.com\/fr\/wp-json\/wp\/v2\/tags?post=99140"}],"curies":[{"name":"wp","href":"https:\/\/api.w.org\/{rel}","templated":true}]}}