{"id":99145,"date":"2025-05-14T10:43:15","date_gmt":"2025-05-14T10:43:15","guid":{"rendered":"https:\/\/www.europesays.com\/fr\/99145\/"},"modified":"2025-05-14T10:43:15","modified_gmt":"2025-05-14T10:43:15","slug":"robes-qui-ne-respectent-pas-les-regles-et-stars-qui-font-leur-cinema-sur-le-tapis-rouge","status":"publish","type":"post","link":"https:\/\/www.europesays.com\/fr\/99145\/","title":{"rendered":"Robes qui ne respectent pas les r\u00e8gles et stars qui font leur cin\u00e9ma sur le tapis rouge"},"content":{"rendered":"<p><img fetchpriority=\"high\" decoding=\"async\" alt=\"Le jury du Festival au complet autour. de la pr\u00e9sidente Juliette Binoche, Carlos Reygadas, Payal Kapadia, Dieudo Hamadi, Jeremy Strong, Alba Rohrwacher, Le\u00efla Slimani, Halle Berry et Hong Sangsoo.\" class=\"mb-s@xs radius-0@xs radius-xxs@md c-img\" loading=\"eager\" width=\"640\" height=\"408\" src=\"https:\/\/www.europesays.com\/fr\/wp-content\/uploads\/2025\/05\/640x408_carlos-reygadas-payal-kapadia-dieudo-hamadi-jeremy-strong-juliette-binoche-alba-rohrwacher-l.jpeg; charset=utf-8\" \/>SGP\/Sipa USA\/SIPA\u2002\/\u00a0Sipa<\/p>\n<p>Le jury du Festival au complet autour. de la pr\u00e9sidente Juliette Binoche, Carlos Reygadas, Payal Kapadia, Dieudo Hamadi, Jeremy Strong, Alba Rohrwacher, Le\u00efla Slimani, Halle Berry et Hong Sangsoo.<\/p>\n<p><img decoding=\"async\" alt=\"Juliette Binoche est apparue telle une madone dans sa tenue blanche immacul\u00e9e. La com\u00e9dienne qui pr\u00e9side le Festival de Cannes cette ann\u00e9e avait \u00e9t\u00e9 r\u00e9compens\u00e9e du Prix d\u2019interpr\u00e9tation \u00e0 Cannes en\u00a02010 pour son r\u00f4le dans \u00ab\u00a0Copie Conforme\u00a0\u00bb d\u2019Abbas Kiarostami.\" class=\"mb-s@xs mx-auto@xs radius-0@xs radius-xxs@md c-img c-img--is-portrait\" loading=\"eager\" width=\"310\" src=\"https:\/\/www.europesays.com\/fr\/wp-content\/uploads\/2025\/05\/310x0_juliette-binoche-78th-cannes-film-festival-opening-red-carpet-part-2-palais-des-festivals-cann.jpeg; charset=utf-8\" \/>SGP\/Sipa USA\/SIPA\u2002\/\u00a0Sipa<\/p>\n<p>Juliette Binoche est apparue telle une madone dans sa tenue blanche immacul\u00e9e. La com\u00e9dienne qui pr\u00e9side le Festival de Cannes cette ann\u00e9e avait \u00e9t\u00e9 r\u00e9compens\u00e9e du Prix d\u2019interpr\u00e9tation \u00e0 Cannes en\u00a02010 pour son r\u00f4le dans \u00ab\u00a0Copie Conforme\u00a0\u00bb d\u2019Abbas Kiarostami.<\/p>\n<p><img decoding=\"async\" alt=\"Robert De\u00a0Niro a \u00e9t\u00e9 r\u00e9compens\u00e9 pour l\u2019ensemble de sa carri\u00e8re avec une Palme d\u2019or d\u2019honneur remise par Leonardo DiCaprio. Visiblement tr\u00e8s \u00e9mu par cet hommage, l\u2019acteur de \u00ab\u00a0Taxi Driver\u00a0\u00bb ou \u00ab\u00a0Casino\u00a0\u00bb a retrouv\u00e9 toute sa verve lors de son discours o\u00f9 il a largement vilipend\u00e9 les actions de Donald Trump dans le domaine de la culture et du cin\u00e9ma.\" class=\"mb-s@xs radius-0@xs radius-xxs@md c-img\" loading=\"eager\" width=\"640\" height=\"408\" src=\"https:\/\/www.europesays.com\/fr\/wp-content\/uploads\/2025\/05\/640x408_robert-de-niro-accepts-the-honorary-palme-d-or-leonardo-di-caprio-opening-ceremony-the-78th-.jpeg; charset=utf-8\" \/>SYSPEO\/SIPA\u2002\/\u00a0Sipa<\/p>\n<p>Robert De\u00a0Niro a \u00e9t\u00e9 r\u00e9compens\u00e9 pour l\u2019ensemble de sa carri\u00e8re avec une Palme d\u2019or d\u2019honneur remise par Leonardo DiCaprio. Visiblement tr\u00e8s \u00e9mu par cet hommage, l\u2019acteur de \u00ab\u00a0Taxi Driver\u00a0\u00bb ou \u00ab\u00a0Casino\u00a0\u00bb a retrouv\u00e9 toute sa verve lors de son discours o\u00f9 il a largement vilipend\u00e9 les actions de Donald Trump dans le domaine de la culture et du cin\u00e9ma.<\/p>\n<p><img decoding=\"async\" alt=\"Son apparition est plus rare qu\u2019une Palme d\u2019or qui fait des entr\u00e9es mais Myl\u00e8ne Farmer a \u00e9mu la salle (Juliette Armanet en a pleur\u00e9) avec son titre in\u00e9dit en hommage \u00e0 son ami le r\u00e9alisateur David Lynch disparu au mois de janvier.\" class=\"mb-s@xs mx-auto@xs radius-0@xs radius-xxs@md c-img c-img--is-portrait\" loading=\"eager\" width=\"310\" src=\"https:\/\/www.europesays.com\/fr\/wp-content\/uploads\/2025\/05\/310x0_mylene-farmer-singer-opening-ceremony-the-78th-international-cannes-film-festival-at-palais-de.jpeg; charset=utf-8\" \/>SYSPEO\/SIPA\u2002\/\u00a0SIPA<\/p>\n<p>Son apparition est plus rare qu\u2019une Palme d\u2019or qui fait des entr\u00e9es mais Myl\u00e8ne Farmer a \u00e9mu la salle (Juliette Armanet en a pleur\u00e9) avec son titre in\u00e9dit en hommage \u00e0 son ami le r\u00e9alisateur David Lynch disparu au mois de janvier.<\/p>\n<p><img decoding=\"async\" alt=\"Quentin Tarantino a officiellement ouvert le Festival en faisant le show comme \u00e0 son habitude, sur le tapis et sur la sc\u00e8ne du palais des Festivals.\" class=\"mb-s@xs radius-0@xs radius-xxs@md c-img\" loading=\"eager\" width=\"640\" height=\"408\" src=\"https:\/\/www.europesays.com\/fr\/wp-content\/uploads\/2025\/05\/640x408_quentin-tarantino-during-the-leave-one-day-premiere-and-opening-ceremony-78th-cannes-film-fe.jpeg; charset=utf-8\" \/>BOISIERE\/SIPA\u2002\/\u00a0Sipa<\/p>\n<p>Quentin Tarantino a officiellement ouvert le Festival en faisant le show comme \u00e0 son habitude, sur le tapis et sur la sc\u00e8ne du palais des Festivals.<\/p>\n<p><img decoding=\"async\" alt=\"Juliette Armanet \u00e9tait \u00e0 l\u2019affiche de \u00ab\u00a0Partir un jour\u00a0\u00bb, le film d\u2019Am\u00e9lie Bonnin qui faisait l\u2019ouverture du Festival le mardi 13\u00a0mai.\" class=\"mb-s@xs mx-auto@xs radius-0@xs radius-xxs@md c-img c-img--is-portrait\" loading=\"eager\" width=\"310\" src=\"https:\/\/www.europesays.com\/fr\/wp-content\/uploads\/2025\/05\/310x0_juliette-armanet-78th-cannes-film-festival-opening-dinner-photocall-palm-beach-cannes-france-1.jpeg; charset=utf-8\" \/>SGP\/Sipa USA\/SIPA\u2002\/\u00a0Sipa<\/p>\n<p>Juliette Armanet \u00e9tait \u00e0 l\u2019affiche de \u00ab\u00a0Partir un jour\u00a0\u00bb, le film d\u2019Am\u00e9lie Bonnin qui faisait l\u2019ouverture du Festival le mardi 13\u00a0mai.<\/p>\n<p><img decoding=\"async\" alt=\"Malgr\u00e9 le nouveau dress code cannois qui limite les tenues transparentes, Fr\u00e9d\u00e9rique Bel ne cachait pas grand-chose avec son \u00e9l\u00e9gante robe \u00e9chancr\u00e9e.\" class=\"mb-s@xs mx-auto@xs radius-0@xs radius-xxs@md c-img c-img--is-portrait\" loading=\"eager\" width=\"310\" src=\"https:\/\/www.europesays.com\/fr\/wp-content\/uploads\/2025\/05\/310x0_frederique-bel-78th-cannes-film-festival-opening-red-carpet-part-1-palais-des-festivals-cannes.jpeg; charset=utf-8\" \/>SGP\/Sipa USA\/SIPA\u2002\/\u00a0Sipa<\/p>\n<p>Malgr\u00e9 le nouveau dress code cannois qui limite les tenues transparentes, Fr\u00e9d\u00e9rique Bel ne cachait pas grand-chose avec son \u00e9l\u00e9gante robe \u00e9chancr\u00e9e.<\/p>\n<p><img decoding=\"async\" alt=\"Encore une qui n\u2019a pas not\u00e9 les nouvelles interdictions sur le tapis cannois avec cette longue tra\u00eene qui est normalement d\u00e9sormais proscrite. On pardonnera \u00e0 l\u2019ex-mannequin Heidi Klum car c\u2019\u00e9tait le premier jour du Festival.\" class=\"mb-s@xs radius-0@xs radius-xxs@md c-img\" loading=\"eager\" width=\"640\" height=\"408\" src=\"https:\/\/www.europesays.com\/fr\/wp-content\/uploads\/2025\/05\/640x408_mandatory-credit-photo-by-sgp-shutterstock-15298552t-heidi-klum-78th-cannes-film-festival-op.jpeg; charset=utf-8\" \/>SGP\/Shutterstock\/SIPA\u2002\/\u00a0Sipa<\/p>\n<p>Encore une qui n\u2019a pas not\u00e9 les nouvelles interdictions sur le tapis cannois avec cette longue tra\u00eene qui est normalement d\u00e9sormais proscrite. On pardonnera \u00e0 l\u2019ex-mannequin Heidi Klum car c\u2019\u00e9tait le premier jour du Festival.<\/p>\n<p><img decoding=\"async\" alt=\"L\u2019actrice espagnole Rossy De\u00a0Palma venait en habitu\u00e9e du Festival. Pour son look de tapis rouge, elle a tout mis\u00e9 sur les accessoires.&#10;\" class=\"mb-s@xs mx-auto@xs radius-0@xs radius-xxs@md c-img c-img--is-portrait\" loading=\"eager\" width=\"310\" src=\"https:\/\/www.europesays.com\/fr\/wp-content\/uploads\/2025\/05\/310x0_rossy-de-palma-78th-cannes-film-festival-opening-red-carpet-part-2-palais-des-festivals-cannes.jpeg; charset=utf-8\" \/>SGP\/Sipa USA\/SIPA\u2002\/\u00a0Sipa<\/p>\n<p>L\u2019actrice espagnole Rossy De\u00a0Palma venait en habitu\u00e9e du Festival. Pour son look de tapis rouge, elle a tout mis\u00e9 sur les accessoires.<\/p>\n<p><img decoding=\"async\" alt=\"Le Festival de Cannes, c\u2019est aussi un peu le Festival L\u2019Or\u00e9al qui y fait d\u00e9filer chaque ann\u00e9e ses \u00e9g\u00e9ries comme Eva Longoria, qu\u2019on a aper\u00e7ue avec au moins trois robes diff\u00e9rentes en ce premier jour.\" class=\"mb-s@xs mx-auto@xs radius-0@xs radius-xxs@md c-img c-img--is-portrait\" loading=\"eager\" width=\"310\" src=\"https:\/\/www.europesays.com\/fr\/wp-content\/uploads\/2025\/05\/310x0_cannes-celebrity-sightings-during-cannes-film-festival-78-arrivals-at-hotel-martinez-pictured-.jpeg; charset=utf-8\" \/>IPA\/SIPA\u2002\/\u00a0Sipa<\/p>\n<p>Le Festival de Cannes, c\u2019est aussi un peu le Festival L\u2019Or\u00e9al qui y fait d\u00e9filer chaque ann\u00e9e ses \u00e9g\u00e9ries comme Eva Longoria, qu\u2019on a aper\u00e7ue avec au moins trois robes diff\u00e9rentes en ce premier jour.<\/p>\n","protected":false},"excerpt":{"rendered":"SGP\/Sipa USA\/SIPA\u2002\/\u00a0Sipa Le jury du Festival au complet autour. de la pr\u00e9sidente Juliette Binoche, Carlos Reygadas, Payal Kapadia,&hellip;\n","protected":false},"author":2,"featured_media":99146,"comment_status":"","ping_status":"","sticky":false,"template":"","format":"standard","meta":{"footnotes":""},"categories":[2],"tags":[11,2898,7306,650,251,6196,5634,1011,27,5683,2132,16751,13995,12,883,882,25,17008,5896,990],"class_list":{"0":"post-99145","1":"post","2":"type-post","3":"status-publish","4":"format-standard","5":"has-post-thumbnail","7":"category-actualites","8":"tag-actualites","9":"tag-alpes-maritimes","10":"tag-cannes","11":"tag-cinema","12":"tag-culture","13":"tag-diaporamas","14":"tag-festival-de-cannes","15":"tag-fr","16":"tag-france","17":"tag-juliette-binoche","18":"tag-leonardo-dicaprio","19":"tag-look","20":"tag-mylene-farmer","21":"tag-news","22":"tag-paca","23":"tag-provence-alpes-cote-dazur","24":"tag-republique-francaise","25":"tag-robert-de-niro","26":"tag-tempo","27":"tag-tendance-mode"},"share_on_mastodon":{"url":"https:\/\/pubeurope.com\/@fr\/114505777786477587","error":""},"_links":{"self":[{"href":"https:\/\/www.europesays.com\/fr\/wp-json\/wp\/v2\/posts\/99145","targetHints":{"allow":["GET"]}}],"collection":[{"href":"https:\/\/www.europesays.com\/fr\/wp-json\/wp\/v2\/posts"}],"about":[{"href":"https:\/\/www.europesays.com\/fr\/wp-json\/wp\/v2\/types\/post"}],"author":[{"embeddable":true,"href":"https:\/\/www.europesays.com\/fr\/wp-json\/wp\/v2\/users\/2"}],"replies":[{"embeddable":true,"href":"https:\/\/www.europesays.com\/fr\/wp-json\/wp\/v2\/comments?post=99145"}],"version-history":[{"count":0,"href":"https:\/\/www.europesays.com\/fr\/wp-json\/wp\/v2\/posts\/99145\/revisions"}],"wp:featuredmedia":[{"embeddable":true,"href":"https:\/\/www.europesays.com\/fr\/wp-json\/wp\/v2\/media\/99146"}],"wp:attachment":[{"href":"https:\/\/www.europesays.com\/fr\/wp-json\/wp\/v2\/media?parent=99145"}],"wp:term":[{"taxonomy":"category","embeddable":true,"href":"https:\/\/www.europesays.com\/fr\/wp-json\/wp\/v2\/categories?post=99145"},{"taxonomy":"post_tag","embeddable":true,"href":"https:\/\/www.europesays.com\/fr\/wp-json\/wp\/v2\/tags?post=99145"}],"curies":[{"name":"wp","href":"https:\/\/api.w.org\/{rel}","templated":true}]}}