{"id":991580,"date":"2026-06-10T21:28:26","date_gmt":"2026-06-10T21:28:26","guid":{"rendered":"https:\/\/www.europesays.com\/fr\/991580\/"},"modified":"2026-06-10T21:28:26","modified_gmt":"2026-06-10T21:28:26","slug":"metropole-de-lyon-il-y-aura-aussi-des-concerts-au-menu-du-lyon-street-food-festival","status":"publish","type":"post","link":"https:\/\/www.europesays.com\/fr\/991580\/","title":{"rendered":"M\u00e9tropole de Lyon. Il y aura aussi des concerts au menu du Lyon Street food festival"},"content":{"rendered":"<p>Il n\u2019y a pas que de la street food au Lyon Street food festival. Depuis ses d\u00e9buts, les organisateurs de Nomad Kitchens sont attach\u00e9s \u00e0 un triptyque\u00a0: food, musique et culture. Ainsi, <a href=\"https:\/\/www.leprogres.fr\/economie\/2026\/06\/05\/lyon-street-food-festival-on-a-teste-les-creations-de-cinq-chefs-pour-vous-en-avant-premiere\" target=\"_blank\" rel=\"nofollow noopener\">outre quelque 400 ateliers gratuits<\/a> , les festivaliers pourront profiter \u00ab\u00a0gratuitement\u00a0\u00bb (c\u2019est inclus dans l\u2019entr\u00e9e) chaque jour et soir de spectacles et concerts.<\/p>\n<p>  Des places encore disponibles<\/p>\n<p>Au menu cette ann\u00e9e (avec chaque soir de jeunes talents r\u00e9gionaux du Ninkasi Music Lab)\u00a0: Julien Granel avec Maxime Cauvin, en soir\u00e9e d\u2019ouverture (le jeudi), Yuksek (le vendredi), le retour des Pony Pony Run Run suivis de l\u2019\u00e9lectro de Romane Santarelli (le samedi) et le Dj Guts en cl\u00f4ture (le dimanche), entre autres.<\/p>\n<p class=\"note\">Lyon Street Food festival, du jeudi\u00a011 au dimanche 14\u00a0juin au soir aux Grandes Locos. (La Mulati\u00e8re\/Oullins). Tarifs\u00a0: pass 1 jour\u00a0: 10\u00a0\u20ac, 4\u00a0J\u00a0: 20\u00a0\u20ac +\u00a0consommations (syst\u00e8me de carte \u00ab\u00a0cashless\u00a0\u00bb). Les concerts sont inclus dans l\u2019entr\u00e9e. Programme complet sur <a href=\"https:\/\/lyonstreetfoodfestival.com\" target=\"_blank\" rel=\"nofollow noopener\">https:\/\/lyonstreetfoodfestival.com<\/a><\/p>\n","protected":false},"excerpt":{"rendered":"Il n\u2019y a pas que de la street food au Lyon Street food festival. Depuis ses d\u00e9buts, les&hellip;\n","protected":false},"author":2,"featured_media":991581,"comment_status":"","ping_status":"","sticky":false,"template":"","format":"standard","meta":{"footnotes":"","_share_on_mastodon":"0"},"categories":[1889],"tags":[1111,11,2430,1687,3154,1777,674,1011,27,2428,12,15665,15666,25,2429,3140],"class_list":["post-991580","post","type-post","status-publish","format-standard","has-post-thumbnail","category-lyon","tag-actu","tag-actualites","tag-auvergne-rhone-alpes","tag-culture-loisirs","tag-edition-sud-lyonnais","tag-eu","tag-europe","tag-fr","tag-france","tag-lyon","tag-news","tag-oullins-pierre-benite","tag-oullins-ville","tag-republique-francaise","tag-rhone","tag-spectacle"],"share_on_mastodon":{"url":"https:\/\/pubeurope.com\/@fr\/116727939493770738","error":""},"_links":{"self":[{"href":"https:\/\/www.europesays.com\/fr\/wp-json\/wp\/v2\/posts\/991580","targetHints":{"allow":["GET"]}}],"collection":[{"href":"https:\/\/www.europesays.com\/fr\/wp-json\/wp\/v2\/posts"}],"about":[{"href":"https:\/\/www.europesays.com\/fr\/wp-json\/wp\/v2\/types\/post"}],"author":[{"embeddable":true,"href":"https:\/\/www.europesays.com\/fr\/wp-json\/wp\/v2\/users\/2"}],"replies":[{"embeddable":true,"href":"https:\/\/www.europesays.com\/fr\/wp-json\/wp\/v2\/comments?post=991580"}],"version-history":[{"count":0,"href":"https:\/\/www.europesays.com\/fr\/wp-json\/wp\/v2\/posts\/991580\/revisions"}],"wp:featuredmedia":[{"embeddable":true,"href":"https:\/\/www.europesays.com\/fr\/wp-json\/wp\/v2\/media\/991581"}],"wp:attachment":[{"href":"https:\/\/www.europesays.com\/fr\/wp-json\/wp\/v2\/media?parent=991580"}],"wp:term":[{"taxonomy":"category","embeddable":true,"href":"https:\/\/www.europesays.com\/fr\/wp-json\/wp\/v2\/categories?post=991580"},{"taxonomy":"post_tag","embeddable":true,"href":"https:\/\/www.europesays.com\/fr\/wp-json\/wp\/v2\/tags?post=991580"}],"curies":[{"name":"wp","href":"https:\/\/api.w.org\/{rel}","templated":true}]}}