{"id":99163,"date":"2025-05-14T10:53:10","date_gmt":"2025-05-14T10:53:10","guid":{"rendered":"https:\/\/www.europesays.com\/fr\/99163\/"},"modified":"2025-05-14T10:53:10","modified_gmt":"2025-05-14T10:53:10","slug":"trophee-centre-morbihan-les-equipes-2025-actualite","status":"publish","type":"post","link":"https:\/\/www.europesays.com\/fr\/99163\/","title":{"rendered":"Troph\u00e9e Centre Morbihan : Les \u00e9quipes 2025 &#8211; Actualit\u00e9"},"content":{"rendered":"<p style=\"text-align: justify;\">La 30e du Troph\u00e9e Centre Morbihan aura lieu les 31 mai et 1er juin prochains.\u00a0Trois \u00e9tapes, dont un contre-la-montre individuel, restent au programme de l&rsquo;\u00e9preuve bretonne (<strong><a href=\"https:\/\/www.directvelo.com\/actualite\/119251\/trophee-centre-morbihan-le-parcours-2025\" target=\"_blank\" rel=\"noopener\">voir ici<\/a><\/strong>).\u00a021 \u00e9quipes, dont 16 s\u00e9lections nationales, seront de la partie.<br \/>Le vainqueur succ\u00e9dera au palmar\u00e8s \u00e0 Axel Bouquet (<strong><a href=\"https:\/\/www.directvelo.com\/actualite\/119251\/trophee-centre-morbihan-le-parcours-2025\" target=\"_blank\" rel=\"noopener\">voir classement<\/a><\/strong>), d\u00e9sormais membre de la Conti d&rsquo;Ark\u00e9a-B&amp;B H\u00f4tels.<\/p>\n<p><strong>Les \u00e9quipes du Troph\u00e9e Centre Morbihan\u00a0:<br \/>S\u00e9lections nationales<\/strong><br \/>France<br \/>Afrique du Sud<br \/>Allemagne<br \/>Australie<br \/>Belgique<br \/>Colombie<br \/>Espagne<br \/>Espagne<br \/>Etats-Unis<br \/>Grande-Bretagne<br \/>Italie<br \/>Irlande<br \/>Pologne<br \/>Portugal<br \/>Roumanie<br \/>Turquie<\/p>\n<p><strong>S\u00e9lections r\u00e9gionales<br \/><\/strong>Nouvelle-Aquitaine<br \/>Pays de la Loire<\/p>\n<p><strong>Autres structures<br \/><\/strong>Groupama U19<br \/>Olympique Cycliste Locmin\u00e9<br \/>Equipe mixte CIC U Nantes\/Soudal Quick-Step<\/p>\n","protected":false},"excerpt":{"rendered":"La 30e du Troph\u00e9e Centre Morbihan aura lieu les 31 mai et 1er juin prochains.\u00a0Trois \u00e9tapes, dont un&hellip;\n","protected":false},"author":2,"featured_media":99164,"comment_status":"","ping_status":"","sticky":false,"template":"","format":"standard","meta":{"footnotes":""},"categories":[1411],"tags":[834,828,836,829,837,827,83,826,824,823,1154,207,814,817,815,816,822,821,832,211,839,1011,27,820,818,819,835,831,830,833,838,60,212,208,825],"class_list":{"0":"post-99163","1":"post","2":"type-post","3":"status-publish","4":"format-standard","5":"has-post-thumbnail","7":"category-cyclisme","8":"tag-attaque","9":"tag-belgique","10":"tag-braquet","11":"tag-bretagne","12":"tag-chute","13":"tag-competition","14":"tag-coupe-de-france","15":"tag-coureur","16":"tag-course-cyclisme","17":"tag-course-cycliste","18":"tag-cycling","19":"tag-cyclisme","20":"tag-direct","21":"tag-direct-velo","22":"tag-directvelo","23":"tag-directvelo-com","24":"tag-epreuve","25":"tag-epreuve-cycliste","26":"tag-federation-francaise-de-cyclisme","27":"tag-ffc","28":"tag-flandres","29":"tag-fr","30":"tag-france","31":"tag-live","32":"tag-live-course","33":"tag-live-epreuve","34":"tag-peloton","35":"tag-radio-peloton","36":"tag-radio-tour","37":"tag-ravitaillement","38":"tag-relance","39":"tag-sports","40":"tag-uci","41":"tag-velo","42":"tag-velos"},"share_on_mastodon":{"url":"https:\/\/pubeurope.com\/@fr\/114505816732932350","error":""},"_links":{"self":[{"href":"https:\/\/www.europesays.com\/fr\/wp-json\/wp\/v2\/posts\/99163","targetHints":{"allow":["GET"]}}],"collection":[{"href":"https:\/\/www.europesays.com\/fr\/wp-json\/wp\/v2\/posts"}],"about":[{"href":"https:\/\/www.europesays.com\/fr\/wp-json\/wp\/v2\/types\/post"}],"author":[{"embeddable":true,"href":"https:\/\/www.europesays.com\/fr\/wp-json\/wp\/v2\/users\/2"}],"replies":[{"embeddable":true,"href":"https:\/\/www.europesays.com\/fr\/wp-json\/wp\/v2\/comments?post=99163"}],"version-history":[{"count":0,"href":"https:\/\/www.europesays.com\/fr\/wp-json\/wp\/v2\/posts\/99163\/revisions"}],"wp:featuredmedia":[{"embeddable":true,"href":"https:\/\/www.europesays.com\/fr\/wp-json\/wp\/v2\/media\/99164"}],"wp:attachment":[{"href":"https:\/\/www.europesays.com\/fr\/wp-json\/wp\/v2\/media?parent=99163"}],"wp:term":[{"taxonomy":"category","embeddable":true,"href":"https:\/\/www.europesays.com\/fr\/wp-json\/wp\/v2\/categories?post=99163"},{"taxonomy":"post_tag","embeddable":true,"href":"https:\/\/www.europesays.com\/fr\/wp-json\/wp\/v2\/tags?post=99163"}],"curies":[{"name":"wp","href":"https:\/\/api.w.org\/{rel}","templated":true}]}}