{"id":99169,"date":"2025-05-14T10:56:07","date_gmt":"2025-05-14T10:56:07","guid":{"rendered":"https:\/\/www.europesays.com\/fr\/99169\/"},"modified":"2025-05-14T10:56:07","modified_gmt":"2025-05-14T10:56:07","slug":"a-aix-en-provence-deja-20-000-entrees-ont-ete-vendues-pour-lexposition-cezanne-au-jas-de-bouffan","status":"publish","type":"post","link":"https:\/\/www.europesays.com\/fr\/99169\/","title":{"rendered":"\u00c0 Aix-en-Provence, d\u00e9j\u00e0 \u00ab\u00a020 000 entr\u00e9es ont \u00e9t\u00e9 vendues\u00a0\u00bb pour l&rsquo;exposition \u00ab\u00a0Cezanne au Jas de Bouffan\u00a0\u00bb"},"content":{"rendered":"<p>L&rsquo;exposition <a href=\"https:\/\/www.laprovence.com\/article\/culture-loisirs\/2138011581098914\/cezanne-au-jas-de-bouffan-lexposition-evenement-de-cet-ete\" target=\"_blank\" rel=\"noopener\">\u00ab\u00a0Cezanne au Jas de Bouffan<\/a>\u00a0\u00bb ouvrira ses portes les 28\u00a0juin prochain, au mus\u00e9e Granet, jusqu&rsquo;au 12\u00a0octobre. Pr\u00e8s de 10\u00a0% des billets ont d\u00e9j\u00e0 \u00e9t\u00e9 vendus, selon l&rsquo;<a href=\"https:\/\/www.laprovence.com\/article\/region\/42963771018329\/michel-fraisset-de-loffice-de-tourisme-daix-il-y-a-un-manque-de-connaissance-de-ce-qu-est-la-cuisine-provencale\" target=\"_blank\" rel=\"noopener\">office de tourisme du Pays d&rsquo;Aix, <\/a>qui assure la billetterie de l&rsquo;exposition. \u00ab\u00a020 000 entr\u00e9es ont \u00e9t\u00e9 vendues, comptabilise Michel Fraisset, le directeur. Nous tablons sur 270\u00a0000 visiteurs sur toute la dur\u00e9e de l&rsquo;exposition.\u00a0\u00bb Pour le directeur de l&rsquo;office de tourisme, \u00ab\u00a0les campagnes de communication ont port\u00e9 leurs fruits\u00a0\u00bb.<\/p>\n","protected":false},"excerpt":{"rendered":"L&rsquo;exposition \u00ab\u00a0Cezanne au Jas de Bouffan\u00a0\u00bb ouvrira ses portes les 28\u00a0juin prochain, au mus\u00e9e Granet, jusqu&rsquo;au 12\u00a0octobre. Pr\u00e8s&hellip;\n","protected":false},"author":2,"featured_media":99170,"comment_status":"","ping_status":"","sticky":false,"template":"","format":"standard","meta":{"footnotes":""},"categories":[1358],"tags":[6541,4307,17,7404,1348,1384,1385,251,1442,1386,58,59,21356,2883,1011,27,2537],"class_list":{"0":"post-99169","1":"post","2":"type-post","3":"status-publish","4":"format-standard","5":"has-post-thumbnail","7":"category-arts-et-design","8":"tag-6541","9":"tag-4307","10":"tag-17","11":"tag-aix-en-provence","12":"tag-arts","13":"tag-arts-and-design","14":"tag-arts-et-design","15":"tag-culture","16":"tag-deja","17":"tag-design","18":"tag-divertissement","19":"tag-entertainment","20":"tag-entrees","21":"tag-ete","22":"tag-fr","23":"tag-france","24":"tag-ont"},"share_on_mastodon":{"url":"https:\/\/pubeurope.com\/@fr\/114505828567918174","error":""},"_links":{"self":[{"href":"https:\/\/www.europesays.com\/fr\/wp-json\/wp\/v2\/posts\/99169","targetHints":{"allow":["GET"]}}],"collection":[{"href":"https:\/\/www.europesays.com\/fr\/wp-json\/wp\/v2\/posts"}],"about":[{"href":"https:\/\/www.europesays.com\/fr\/wp-json\/wp\/v2\/types\/post"}],"author":[{"embeddable":true,"href":"https:\/\/www.europesays.com\/fr\/wp-json\/wp\/v2\/users\/2"}],"replies":[{"embeddable":true,"href":"https:\/\/www.europesays.com\/fr\/wp-json\/wp\/v2\/comments?post=99169"}],"version-history":[{"count":0,"href":"https:\/\/www.europesays.com\/fr\/wp-json\/wp\/v2\/posts\/99169\/revisions"}],"wp:featuredmedia":[{"embeddable":true,"href":"https:\/\/www.europesays.com\/fr\/wp-json\/wp\/v2\/media\/99170"}],"wp:attachment":[{"href":"https:\/\/www.europesays.com\/fr\/wp-json\/wp\/v2\/media?parent=99169"}],"wp:term":[{"taxonomy":"category","embeddable":true,"href":"https:\/\/www.europesays.com\/fr\/wp-json\/wp\/v2\/categories?post=99169"},{"taxonomy":"post_tag","embeddable":true,"href":"https:\/\/www.europesays.com\/fr\/wp-json\/wp\/v2\/tags?post=99169"}],"curies":[{"name":"wp","href":"https:\/\/api.w.org\/{rel}","templated":true}]}}