{"id":99171,"date":"2025-05-14T10:57:12","date_gmt":"2025-05-14T10:57:12","guid":{"rendered":"https:\/\/www.europesays.com\/fr\/99171\/"},"modified":"2025-05-14T10:57:12","modified_gmt":"2025-05-14T10:57:12","slug":"pour-inciter-les-jeunes-enfants-a-lire-lagglomeration-de-concarneau-distribue-un-livre-gratuitement-dans-ses-mediatheques","status":"publish","type":"post","link":"https:\/\/www.europesays.com\/fr\/99171\/","title":{"rendered":"Pour inciter les jeunes enfants \u00e0 lire, l\u2019agglom\u00e9ration de Concarneau distribue un livre gratuitement dans ses m\u00e9diath\u00e8ques"},"content":{"rendered":"<p>Initier et inciter les moins de trois ans \u00e0 lire. C\u2019est tout l\u2019objectif du label Premi\u00e8res Pages. Une op\u00e9ration lanc\u00e9e par le minist\u00e8re de la Culture et \u00e0 laquelle participe Concarneau Cornouaille Agglom\u00e9ration (CCA) <a href=\"https:\/\/www.letelegramme.fr\/finistere\/concarneau-29900\/les-mediatheques-de-cca-offrent-un-livre-aux-bebes-2020-3869424.php\" target=\"_blank\" rel=\"noopener\">pour la quatri\u00e8me ann\u00e9e<\/a>. CCA va distribuer aux enfants n\u00e9s ou adopt\u00e9s en 2023 sur le territoire, le livre \u00ab\u00a0Tapeti Tapeta\u00a0\u00bb de Corinne Dreyfus. \u00ab\u00a0On aimerait donner 320 exemplaires\u00a0\u00bb, vise Camille Le Lann, directrice des m\u00e9diath\u00e8ques de CCA. Le livre pourra \u00eatre r\u00e9cup\u00e9r\u00e9 dans l\u2019une des biblioth\u00e8ques communautaires, ou \u00e0 l\u2019H\u00f4tel d\u2019Agglom\u00e9ration.<\/p>\n<p>Inviter les parents \u00e0 lire avec leur enfant<\/p>\n<p>Autour du livre \u00ab\u00a0Tapeti Tapeta\u00a0\u00bb de Corinne Dreyfuss, une exposition itin\u00e9rante &#8211; intitul\u00e9e \u00ab\u00a0Dans mes livres, il y a\u00a0\u00bb &#8211; est organis\u00e9e dans les relais petite enfance (RPE) de Concarneau et Tr\u00e9gunc. Elle sera ouverte au public \u00e0 la m\u00e9diath\u00e8que d\u2019Elliant, du 27 mai au 7 juin. \u00ab\u00a0Cette exposition permet de faire d\u00e9couvrir les livres, l\u2019histoire, l\u2019illustration sous un autre angle que simplement tourner des pages\u00a0\u00bb, explique Charline Rivoal, \u00e9ducatrice au RPE de Concarneau. Des jeux ludiques et interactifs sont propos\u00e9s\u00a0: trier des balles de couleur, trouver et montrer un objet li\u00e9 au livre, des jeux de m\u00e9moire\u2026 \u00ab\u00a0Le but est aussi d\u2019inciter les parents \u00e0 faire lire et lire avec leurs enfants\u00a0\u00bb, ajoute Marie-No\u00eblle Guyader, directrice de la MPE de Concarneau.<\/p>\n<p>Le mercredi 4 juin, \u00e0 10\u00a0h\u00a030, un atelier autour du dessin est organis\u00e9 \u00e0 la m\u00e9diath\u00e8que d\u2019Elliant, anim\u00e9 par l\u2019illustratrice Corinne Dreyfuss.<\/p>\n<p>\u00ab\u00a0Une baisse de la fr\u00e9quentation\u00a0\u00bb des jeunes enfants dans les m\u00e9diath\u00e8ques<\/p>\n<p>Le label Premi\u00e8res Pages vise \u00e0 initier les jeunes enfants \u00e0 la lecture, \u00e0 d\u00e9velopper leur \u00e9veil et leur vocabulaire. \u00ab\u00a0On constate \u00e0 la fois des r\u00e9sultats alarmants en termes de lecture apr\u00e8s le confinement, mais aussi une baisse de la fr\u00e9quentation des jeunes enfants dans nos m\u00e9diath\u00e8ques\u00a0\u00bb, relate Camille Le Lann. Chiffr\u00e9e \u00e0 5\u00a0000 \u20ac, cette op\u00e9ration est subventionn\u00e9e \u00e0 50\u00a0% par le minist\u00e8re de la Culture.<\/p>\n<p>Pratique<\/p>\n<p class=\"note\">Atelier autour du dessin anim\u00e9 par l\u2019illustratrice Corinne Dreyfuss, mercredi 4 juin, 10\u00a0h\u00a030, m\u00e9diath\u00e8que d\u2019Elliant. Gratuit, sur inscription au 02\u00a098\u00a050\u00a098\u00a050. 3 \u00e0 6 ans. Informations\u00a0: <a href=\"https:\/\/cca29.afi-sa.net\/cms\/articleview\/id\/4059\" target=\"_blank\" rel=\"noopener\">www.mediatheques.cca.bzh<\/a><\/p>\n","protected":false},"excerpt":{"rendered":"Initier et inciter les moins de trois ans \u00e0 lire. C\u2019est tout l\u2019objectif du label Premi\u00e8res Pages. Une&hellip;\n","protected":false},"author":2,"featured_media":99172,"comment_status":"","ping_status":"","sticky":false,"template":"","format":"standard","meta":{"footnotes":""},"categories":[1357],"tags":[1379,3322,58,21357,59,1011,27,4075,1380,16582,18723,10585,21358,21359,21360,19529],"class_list":{"0":"post-99171","1":"post","2":"type-post","3":"status-publish","4":"format-standard","5":"has-post-thumbnail","7":"category-livres","8":"tag-books","9":"tag-concarneau","10":"tag-divertissement","11":"tag-elliant","12":"tag-entertainment","13":"tag-fr","14":"tag-france","15":"tag-jeunesse","16":"tag-livres","17":"tag-mediatheque","18":"tag-nevez","19":"tag-petite-enfance","20":"tag-rosporden","21":"tag-saint-yvi","22":"tag-tourch","23":"tag-tregunc"},"share_on_mastodon":{"url":"https:\/\/pubeurope.com\/@fr\/114505832456108566","error":""},"_links":{"self":[{"href":"https:\/\/www.europesays.com\/fr\/wp-json\/wp\/v2\/posts\/99171","targetHints":{"allow":["GET"]}}],"collection":[{"href":"https:\/\/www.europesays.com\/fr\/wp-json\/wp\/v2\/posts"}],"about":[{"href":"https:\/\/www.europesays.com\/fr\/wp-json\/wp\/v2\/types\/post"}],"author":[{"embeddable":true,"href":"https:\/\/www.europesays.com\/fr\/wp-json\/wp\/v2\/users\/2"}],"replies":[{"embeddable":true,"href":"https:\/\/www.europesays.com\/fr\/wp-json\/wp\/v2\/comments?post=99171"}],"version-history":[{"count":0,"href":"https:\/\/www.europesays.com\/fr\/wp-json\/wp\/v2\/posts\/99171\/revisions"}],"wp:featuredmedia":[{"embeddable":true,"href":"https:\/\/www.europesays.com\/fr\/wp-json\/wp\/v2\/media\/99172"}],"wp:attachment":[{"href":"https:\/\/www.europesays.com\/fr\/wp-json\/wp\/v2\/media?parent=99171"}],"wp:term":[{"taxonomy":"category","embeddable":true,"href":"https:\/\/www.europesays.com\/fr\/wp-json\/wp\/v2\/categories?post=99171"},{"taxonomy":"post_tag","embeddable":true,"href":"https:\/\/www.europesays.com\/fr\/wp-json\/wp\/v2\/tags?post=99171"}],"curies":[{"name":"wp","href":"https:\/\/api.w.org\/{rel}","templated":true}]}}