{"id":991722,"date":"2026-06-10T22:53:32","date_gmt":"2026-06-10T22:53:32","guid":{"rendered":"https:\/\/www.europesays.com\/fr\/991722\/"},"modified":"2026-06-10T22:53:32","modified_gmt":"2026-06-10T22:53:32","slug":"alpine-en-pole-provisoire-les-peugeot-et-la-ferrari-tenante-du-titre-eliminees","status":"publish","type":"post","link":"https:\/\/www.europesays.com\/fr\/991722\/","title":{"rendered":"Alpine en pole provisoire, les Peugeot et la Ferrari tenante du titre \u00e9limin\u00e9es !"},"content":{"rendered":"<p>Il n&rsquo;y aura pas de r\u00e9ponse d\u00e9finitive, mais c&rsquo;\u00e9tait la premi\u00e8re heure de v\u00e9rit\u00e9 de ces 24 Heures du Mans 2026. Mercredi soir, les essais qualificatifs ont eu lieu pour d\u00e9terminer les participants \u00e0 l&rsquo;Hyperpole, qui se d\u00e9roulera en deux temps jeudi soir. L&rsquo;objectif pour chaque cat\u00e9gorie \u00e9tait de conserver les 15 plus rapides.\u00a0<\/p>\n<p>Dans la cat\u00e9gorie Hypercar, cela signifie que seuls trois concurrents \u00e9taient menac\u00e9s d&rsquo;une \u00e9limination d\u00e8s cette premi\u00e8re journ\u00e9e. R\u00e9glementairement, il faut aussi pr\u00e9ciser que tous les pilotes sont amen\u00e9s \u00e0 participer \u00e0 l&rsquo;ensemble du format qualificatif. Autrement dit, il est obligatoire de choisir un pilote diff\u00e9rent pour cette s\u00e9ance du mercredi puis pour l&rsquo;Hyperpole 1 et l&rsquo;Hyperpole 2.\u00a0<\/p>\n<p>Doriane Pin s&rsquo;illustre<br \/>\n   <img decoding=\"async\" draggable=\"false\" src=\"https:\/\/www.europesays.com\/fr\/wp-content\/uploads\/2026\/06\/30-duqueine-team-oreca-07-gibs.jpg\" alt=\"Doriane Pin a \u00e9t\u00e9 la plus rapide du LMP2. \" width=\"1200\" height=\"800\" loading=\"lazy\"\/> <\/p>\n<p class=\"title\">Doriane Pin a \u00e9t\u00e9 la plus rapide du LMP2.<\/p>\n<p class=\"photographer\">Photo de: Marc Fleury<\/p>\n<p>Apr\u00e8s\u00a0<a href=\"https:\/\/fr.motorsport.com\/wec\/news\/cadillac-domine-premiers-essais-libres-24h-mans-2026\/10828825\/\" data-custom-text=\"1\" rel=\"nofollow noopener\" target=\"_blank\">les trois premi\u00e8res heures d&rsquo;essais libres<\/a>, les conditions sont rest\u00e9es stables sur le circuit du Mans, avec toujours un ciel nuageux et 19\u00b0C dans l&rsquo;air. La premi\u00e8re partie des essais qualificatifs r\u00e9unissait les concurrents LMP2 et LMGT3 pendant une demi-heure, les trente minutes suivantes \u00e9tant exclusivement r\u00e9serv\u00e9es aux Hypercars.\u00a0<\/p>\n<p>En LMP2, c&rsquo;est Doriane Pin qui s&rsquo;est fait remarquer en signant la pole position provisoire au volant de l&rsquo;Oreca 07 n\u00b030 de Duqueine Team, avec un tour en 3&rsquo;34&Prime;662.\u00a0 \u00ab\u00a0La voiture est magique sur ce circuit, dans les esses, \u00e0 Indianapolis&#8230; C&rsquo;est g\u00e9nial, je me r\u00e9gale, je suis tr\u00e8s contente des progr\u00e8s r\u00e9alis\u00e9s\u00a0\u00bb, s&rsquo;est r\u00e9jouit la Fran\u00e7aise \u00e0 sa descente de voiture.<\/p>\n<p>Du c\u00f4t\u00e9 du LMGT3, c&rsquo;est Peter Dempsey qui a \u00e9t\u00e9 le plus rapide, en 3&rsquo;55&Prime;744 \u00e0 bord de la Corvette n\u00b034 de Racing Team Turkey by TF.<\/p>\n<p>Essais qualificatifs (LMP2 &#8211; LMGT3)<br \/>\nToutes les statistiques<\/p>\n<p>Alpine rigole, Peugeot d\u00e9\u00e7oit<br \/>\n   <img decoding=\"async\" draggable=\"false\" src=\"https:\/\/www.europesays.com\/fr\/wp-content\/uploads\/2026\/06\/94-peugeot-totalenergies-peuge.jpg\" alt=\"Aucune Peugeot en Hyperpole cette ann\u00e9e...\" width=\"1200\" height=\"800\" loading=\"lazy\"\/> <\/p>\n<p class=\"title\">Aucune Peugeot en Hyperpole cette ann\u00e9e&#8230;<\/p>\n<p class=\"photographer\">Photo de: Rainier Ehrhardt<\/p>\n<p>Apr\u00e8s quelques h\u00e9sitations, Alpine est parvenu \u00e0 r\u00e9parer la n\u00b036 accident\u00e9e en fin d&rsquo;essais libres pour permettre \u00e0 <a href=\"https:\/\/fr.motorsport.com\/driver\/frederic-makowiecki\/84318\/\" target=\"_blank\" rel=\"noopener nofollow\">Fr\u00e9d\u00e9ric Makowiecki<\/a> de prendre part aux essais qualificatifs. Chaque constructeur a d\u00e9sign\u00e9 un pilote par voiture, avec l&rsquo;espoir de ne pas se retrouver dans la zone des trois \u00e9limin\u00e9s.\u00a0<\/p>\n<p>\u00c0 la mi-s\u00e9ance, et au moment de repasser par les stands pour chausser des pneus neufs, ce sont les deux Aston Martin Valkyrie qui s&rsquo;\u00e9taient hiss\u00e9es aux deux premi\u00e8res places, confi\u00e9es \u00e0 <a href=\"https:\/\/fr.motorsport.com\/driver\/tom-gamble\/823790\/\" target=\"_blank\" rel=\"noopener nofollow\">Tom Gamble<\/a>, l&rsquo;homme le plus rapide de la Journ\u00e9e Test dimanche dernier et cette fois chronom\u00e9tr\u00e9 en 3&rsquo;24&Prime;163 sur la n\u00b0007, et \u00e0 <a href=\"https:\/\/fr.motorsport.com\/driver\/alex-riberas\/94855\/\" target=\"_blank\" rel=\"noopener nofollow\">Alex\u00a0Riberas<\/a>.\u00a0<\/p>\n<p>La tension est mont\u00e9e dans les dix derni\u00e8res minutes, et l&rsquo;on a vu Phil Hanson se faire une belle frayeur \u00e0 l&rsquo;approche du Tertre-Rouge au volant de la <a href=\"https:\/\/fr.motorsport.com\/team\/ferrari\/615\/\" target=\"_blank\" rel=\"noopener nofollow\">Ferrari<\/a> n\u00b083. Le chrono de r\u00e9f\u00e9rence est tour \u00e0 tour tomb\u00e9 dans l&rsquo;escarcelle de Cadillac, d&rsquo;Aston Martin, d&rsquo;Alpine puis de BMW&#8230; avant que <a href=\"https:\/\/fr.motorsport.com\/driver\/ferdinand-habsburg\/291042\/\" target=\"_blank\" rel=\"noopener nofollow\">Ferdinand Habsburg<\/a> ne rafle la mise en 3&rsquo;23&Prime;135 pour placer Alpine en t\u00eate avec 13 milli\u00e8mes d&rsquo;avance sur la premi\u00e8re Cadillac.\u00a0<\/p>\n<p>Alors que le top 10 se tient en moins d&rsquo;une seconde, le couperet est tomb\u00e9 pour les trois \u00e9limin\u00e9s du soir, et c&rsquo;est la soupe \u00e0 la grimace chez Peugeot, puisque les deux 9X8 ont \u00e9t\u00e9 incapables de se hisser dans le top 15. Mais c&rsquo;est \u00e9galement d\u00e9j\u00e0 termin\u00e9 pour l&rsquo;\u00e9quipage tenant du titre puisque la Ferrari jaune frapp\u00e9e du n\u00b083 ne participera pas \u00e0 l&rsquo;Hyperpole jeudi !<\/p>\n<p>Essais qualificatifs &#8211; Hypercar<br \/>\nToutes les statistiques<\/p>\n<p>            Votre avis nous int\u00e9resse !<\/p>\n<p class=\"mt-auto\">Qu&rsquo;aimeriez-vous voir sur Motorsport.com ?<\/p>\n<p>            <a href=\"#\" class=\"ms-link text-link font-bold\">R\u00e9pondez \u00e0 notre enqu\u00eate en 5 minutes.<\/a><\/p>\n<p class=\"mt-1 text-body\">&#8211; L&rsquo;\u00e9quipe Motorsport.com<\/p>\n","protected":false},"excerpt":{"rendered":"Il n&rsquo;y aura pas de r\u00e9ponse d\u00e9finitive, mais c&rsquo;\u00e9tait la premi\u00e8re heure de v\u00e9rit\u00e9 de ces 24 Heures&hellip;\n","protected":false},"author":2,"featured_media":991723,"comment_status":"","ping_status":"","sticky":false,"template":"","format":"standard","meta":{"footnotes":"","_share_on_mastodon":"0"},"categories":[2],"tags":[10312,11,104137,102832,1011,27,104138,12,25,12993],"class_list":["post-991722","post","type-post","status-publish","format-standard","has-post-thumbnail","category-actualites","tag-24-heures-du-mans","tag-actualites","tag-alpine-en-pole-provisoire","tag-circuit-de-la-sarthe","tag-fr","tag-france","tag-les-peugeot-et-la-ferrari-tenante-du-titre-u00e9liminu00e9es","tag-news","tag-republique-francaise","tag-wec"],"share_on_mastodon":{"url":"https:\/\/pubeurope.com\/@fr\/116728273870182272","error":""},"_links":{"self":[{"href":"https:\/\/www.europesays.com\/fr\/wp-json\/wp\/v2\/posts\/991722","targetHints":{"allow":["GET"]}}],"collection":[{"href":"https:\/\/www.europesays.com\/fr\/wp-json\/wp\/v2\/posts"}],"about":[{"href":"https:\/\/www.europesays.com\/fr\/wp-json\/wp\/v2\/types\/post"}],"author":[{"embeddable":true,"href":"https:\/\/www.europesays.com\/fr\/wp-json\/wp\/v2\/users\/2"}],"replies":[{"embeddable":true,"href":"https:\/\/www.europesays.com\/fr\/wp-json\/wp\/v2\/comments?post=991722"}],"version-history":[{"count":0,"href":"https:\/\/www.europesays.com\/fr\/wp-json\/wp\/v2\/posts\/991722\/revisions"}],"wp:featuredmedia":[{"embeddable":true,"href":"https:\/\/www.europesays.com\/fr\/wp-json\/wp\/v2\/media\/991723"}],"wp:attachment":[{"href":"https:\/\/www.europesays.com\/fr\/wp-json\/wp\/v2\/media?parent=991722"}],"wp:term":[{"taxonomy":"category","embeddable":true,"href":"https:\/\/www.europesays.com\/fr\/wp-json\/wp\/v2\/categories?post=991722"},{"taxonomy":"post_tag","embeddable":true,"href":"https:\/\/www.europesays.com\/fr\/wp-json\/wp\/v2\/tags?post=991722"}],"curies":[{"name":"wp","href":"https:\/\/api.w.org\/{rel}","templated":true}]}}