{"id":99173,"date":"2025-05-14T10:58:09","date_gmt":"2025-05-14T10:58:09","guid":{"rendered":"https:\/\/www.europesays.com\/fr\/99173\/"},"modified":"2025-05-14T10:58:09","modified_gmt":"2025-05-14T10:58:09","slug":"pas-mal-mais-lea-salame-dissequee-par-cyril-hanouna-et-ca-lui-fait-une-belle-jambe","status":"publish","type":"post","link":"https:\/\/www.europesays.com\/fr\/99173\/","title":{"rendered":"\u00ab\u00a0Pas mal mais\u2026\u00a0\u00bb : L\u00e9a Salam\u00e9 diss\u00e9qu\u00e9e par Cyril Hanouna et \u00e7a lui fait une belle jambe"},"content":{"rendered":"<p class=\"bo-p\">L\u00e9a Salam\u00e9 \u00e9tait aux commandes d&rsquo;un nouveau num\u00e9ro<br \/>\nde l&rsquo;\u00e9mission <a href=\"https:\/\/www.telestar.fr\/tag\/quelle-epoque\" target=\"_blank\" rel=\"noopener\">Quelle \u00e9poque !<\/a> le<br \/>\nsamedi 3 mai 2025 sur France 2. Ce jour-l\u00e0, la pr\u00e9sentatrice avait<br \/>\nnotamment convi\u00e9 <a href=\"https:\/\/www.closermag.fr\/people\/louis-sarkozy-humilie-sur-france-2-madame-salame-a-il-coupe-court-au-debat-3542854\" target=\"_blank\" rel=\"noopener\"><br \/>\nLouis Sarkozy<\/a> sur son plateau. Au cours du programme,<br \/>\nl&rsquo;humoriste Paul de Saint-Sernin a gentiment tacl\u00e9 le fils de<br \/>\n<a href=\"https:\/\/www.closermag.fr\/tv_tele_realite\/nicolas-bedos-et-louis-sarkozy-lea-salame-en-remet-une-couche-avec-un-grand-sourire-dans-quelle-epoque-3543633\" target=\"_blank\" rel=\"noopener\"><br \/>\nNicolas Sarkozy<\/a>. \u00ab\u00a0<strong>Louis, tu sais que ton p\u00e8re,<br \/>\nc\u2019est un voleur ? Voil\u00e0, c\u2019est tout<\/strong>\u00ab\u00a0, a-t-il ainsi<br \/>\nd\u00e9clar\u00e9, avec humour.<\/p>\n<p class=\"bo-p\">\u00ab\u00a0<strong>Vous avez le droit de<br \/>\nsourire<\/strong>\u00ab\u00a0, a par la suite pr\u00e9cis\u00e9 L\u00e9a Salam\u00e9 en<br \/>\ns&rsquo;adressant \u00e0 son invit\u00e9. \u00ab\u00a0Mais pas l&rsquo;obligation\u00a0\u00bb, lui a<br \/>\nalors r\u00e9pondu Louis Sarkozy. Cette s\u00e9quence a finalement suscit\u00e9 de<br \/>\nnombreuses r\u00e9actions sur les r\u00e9seau sociaux. Lundi 5 mai 2025,<br \/>\nCyril Hanouna est justement revenu sur la plaisanterie de Paul de<br \/>\nSaint-Sernin dans On marche sur la t\u00eate sur Europe 1.<\/p>\n<p>Cyril Hanouna : \u00ab\u00a0L\u00e9a Salam\u00e9 elle est sympathique mais elle est<br \/>\nencore en Ligue 1\u00a0\u00bb<\/p>\n<p class=\"bo-p\">\u00ab\u00a0Louis Sarkozy, c\u2019est un ami<br \/>\net\u00a0Nicolas Sarkozy\u00a0aussi donc j\u2019ai \u00e9t\u00e9<br \/>\nforc\u00e9ment un peu choqu\u00e9 et \u00e9nerv\u00e9 par cette s\u00e9quence. Paul de Saint<br \/>\nSernin, je le connais bien,\u00a0<strong>ce n\u2019est pas un<br \/>\ngar\u00e7on m\u00e9chant.<\/strong>\u00a0Le connaissant un peu, parce<br \/>\nqu\u2019il \u00e9tait sur Canal+ et je le croisais souvent, je suis s\u00fbr qu\u2019il<br \/>\na envoy\u00e9 un mot \u00e0 Louis Sarkozy\u00a0\u00bb, a tout d&rsquo;abord d\u00e9clar\u00e9<br \/>\nl&rsquo;ancien pr\u00e9sentateur de Touche pas \u00e0 mon poste.<\/p>\n<p class=\"bo-p\">\u00ab\u00a0Je vais vous dire ce qui me d\u00e9range, et c\u2019est<br \/>\nl\u00e0 qu\u2019on voit que L\u00e9a Salam\u00e9 elle est sympathique mais elle est<br \/>\nencore en Ligue 1 elle n\u2019est pas encore en Ligue des champions. Un<br \/>\nMichel Drucker\u00a0<strong>il aurait enrob\u00e9 le truc, il<br \/>\naurait d\u00e9samorc\u00e9.<\/strong>\u00a0Il n\u2019aurait pas sorti<br \/>\ncette vanne : &lsquo;Vous avez le droit de sourire&rsquo;.\u00a0L\u00e9a<br \/>\nSalam\u00e9\u00a0elle a encore un peu de travail pour \u00eatre avec<br \/>\nnous en Ligue des champions. Elle est encore en Ligue 1, elle est<br \/>\ntroisi\u00e8me, elle va bient\u00f4t jouer la Ligue Europa\u00a0\u00bb, a \u00e9galement<br \/>\nsoulign\u00e9 Cyril Hanouna.<\/p>\n<p>Cyril Hanouna : \u00ab\u00a0Quand je vois<br \/>\ndes\u00a0Marc-Olivier Fogiel qui faisaient des talk,<br \/>\nfranchement&#8230;\u00a0\u00bb<\/p>\n<p class=\"bo-p\">\u00ab\u00a0Paul de Saint Sernin,\u00a0<strong>il<br \/>\nfait son taf, c\u2019est un sniper<\/strong>\u00a0mais derri\u00e8re<br \/>\nle r\u00f4le de l\u2019animateur, c\u2019est quoi ? Moi je suis animateur<br \/>\nl\u00e0-dessus mais je ne suis pas\u00a0Michel<br \/>\nDrucker\u00a0moi je lui aurais dit : &lsquo;Paul, elle est nulle<br \/>\nta vanne, excusez-le Louis Sarkozy&rsquo;. Mais chacun fait comme il<br \/>\nveut\u00a0\u00bb, a par ailleurs pr\u00e9cis\u00e9 l&rsquo;animateur.<\/p>\n<p class=\"bo-p\">\u00ab\u00a0L\u00e9a Salam\u00e9, elle avait Christophe Dechavanne \u00e0<br \/>\nses c\u00f4t\u00e9s qui l\u2019aurait fait je pense.<br \/>\n(\u2026)\u00a0<strong>C\u2019est \u00e0 l\u2019animateur de tenir son<br \/>\nplateau.\u00a0<\/strong>(\u2026) Elle se d\u00e9brouille tr\u00e8s bien<br \/>\nmais elle a encore un petit peu de boulot, c\u2019est ce que je retiens<br \/>\nde cette s\u00e9quence. (&#8230;)\u00a0Moi je suis sid\u00e9r\u00e9 par le<br \/>\nniveau de ce talk. Quand je vois des\u00a0Marc-Olivier<br \/>\nFogiel\u00a0qui faisaient des talk, franchement&#8230;\u00a0\u00bb,<br \/>\na finalement conclu Cyril Hanouna.<\/p>\n","protected":false},"excerpt":{"rendered":"L\u00e9a Salam\u00e9 \u00e9tait aux commandes d&rsquo;un nouveau num\u00e9ro de l&rsquo;\u00e9mission Quelle \u00e9poque ! le samedi 3 mai 2025&hellip;\n","protected":false},"author":2,"featured_media":99174,"comment_status":"","ping_status":"","sticky":false,"template":"","format":"standard","meta":{"footnotes":""},"categories":[1356],"tags":[548,1083,58,59,1011,27,252,1364],"class_list":{"0":"post-99173","1":"post","2":"type-post","3":"status-publish","4":"format-standard","5":"has-post-thumbnail","7":"category-television","8":"tag-article-simple","9":"tag-cyril-hanouna","10":"tag-divertissement","11":"tag-entertainment","12":"tag-fr","13":"tag-france","14":"tag-television","15":"tag-tv"},"share_on_mastodon":{"url":"https:\/\/pubeurope.com\/@fr\/114505836629150756","error":""},"_links":{"self":[{"href":"https:\/\/www.europesays.com\/fr\/wp-json\/wp\/v2\/posts\/99173","targetHints":{"allow":["GET"]}}],"collection":[{"href":"https:\/\/www.europesays.com\/fr\/wp-json\/wp\/v2\/posts"}],"about":[{"href":"https:\/\/www.europesays.com\/fr\/wp-json\/wp\/v2\/types\/post"}],"author":[{"embeddable":true,"href":"https:\/\/www.europesays.com\/fr\/wp-json\/wp\/v2\/users\/2"}],"replies":[{"embeddable":true,"href":"https:\/\/www.europesays.com\/fr\/wp-json\/wp\/v2\/comments?post=99173"}],"version-history":[{"count":0,"href":"https:\/\/www.europesays.com\/fr\/wp-json\/wp\/v2\/posts\/99173\/revisions"}],"wp:featuredmedia":[{"embeddable":true,"href":"https:\/\/www.europesays.com\/fr\/wp-json\/wp\/v2\/media\/99174"}],"wp:attachment":[{"href":"https:\/\/www.europesays.com\/fr\/wp-json\/wp\/v2\/media?parent=99173"}],"wp:term":[{"taxonomy":"category","embeddable":true,"href":"https:\/\/www.europesays.com\/fr\/wp-json\/wp\/v2\/categories?post=99173"},{"taxonomy":"post_tag","embeddable":true,"href":"https:\/\/www.europesays.com\/fr\/wp-json\/wp\/v2\/tags?post=99173"}],"curies":[{"name":"wp","href":"https:\/\/api.w.org\/{rel}","templated":true}]}}