{"id":99189,"date":"2025-05-14T11:06:08","date_gmt":"2025-05-14T11:06:08","guid":{"rendered":"https:\/\/www.europesays.com\/fr\/99189\/"},"modified":"2025-05-14T11:06:08","modified_gmt":"2025-05-14T11:06:08","slug":"leventuel-deploiement-davions-francais-avec-des-armes-nucleaires-en-europe-ne-renforcera-pas-la-securite-previent-le-kremlin","status":"publish","type":"post","link":"https:\/\/www.europesays.com\/fr\/99189\/","title":{"rendered":"L&rsquo;\u00e9ventuel d\u00e9ploiement d&rsquo;avions fran\u00e7ais avec des armes nucl\u00e9aires en Europe ne renforcera pas la \u00abs\u00e9curit\u00e9\u00bb, pr\u00e9vient le Kremlin"},"content":{"rendered":"<p>\u00abLe d\u00e9ploiement d\u2019armes nucl\u00e9aires sur le continent europ\u00e9en, ce n\u2019est pas ce qui apportera de la s\u00e9curit\u00e9, de la pr\u00e9visibilit\u00e9 et de la stabilit\u00e9 au continent europ\u00e9en\u00bb, a d\u00e9clar\u00e9 Dmitri Peskov, le porte-parole du Kremlin.<\/p>\n<p class=\"fig-paragraph\">Le porte-parole du\u00a0<a href=\"http:\/\/www.lefigaro.fr\/international\/un-porte-voix-de-la-propagande-du-kremlin-le-slovaque-robert-fico-seul-dirigeant-de-l-ue-au-defile-du-9-mai-a-moscou-20250508\" data-fig-type=\"Article\" data-gtm-custom-categorie=\"navigation\" data-gtm-custom-action=\"crossclick\" data-gtm-custom-label=\"Contextuel\" data-gtm-event=\"customEventSPE\" data-fig-domain=\"LEFIGARO\" rel=\"nofollow noopener\" target=\"_blank\">Kremlin\u00a0<\/a>a affirm\u00e9 ce mercredi que l&rsquo;\u00e9ventuel d\u00e9ploiement en Europe d&rsquo;avions fran\u00e7ais dot\u00e9s d&rsquo;armes nucl\u00e9aires, \u00e9voqu\u00e9 la veille par le pr\u00e9sident Emmanuel Macron, n&rsquo;apportera pas \u00abde s\u00e9curit\u00e9\u00bb au continent europ\u00e9en.<\/p>\n<p class=\"fig-paragraph\">\u00abLe d\u00e9ploiement d&rsquo;armes nucl\u00e9aires sur le continent europ\u00e9en, ce n&rsquo;est pas ce qui apportera de la s\u00e9curit\u00e9, de la pr\u00e9visibilit\u00e9 et de la stabilit\u00e9 au continent europ\u00e9en\u00bb, a d\u00e9clar\u00e9 Dmitri Peskov, estimant que des \u00abefforts importants\u00bb de Moscou, de\u00a0<a href=\"http:\/\/www.lefigaro.fr\/flash-eco\/washington-approuve-une-vente-d-helicopteres-militaires-aux-emirats-arabes-unis-pour-plus-d-1-milliard-de-dollars-20250513\" data-fig-type=\"NewsFlash\" data-gtm-custom-categorie=\"navigation\" data-gtm-custom-action=\"crossclick\" data-gtm-custom-label=\"Contextuel\" data-gtm-event=\"customEventSPE\" data-fig-domain=\"LEFIGARO\" rel=\"nofollow noopener\" target=\"_blank\">Washington\u00a0<\/a>et des pays europ\u00e9ens dot\u00e9s de l&rsquo;arme nucl\u00e9aire \u00e9taient n\u00e9cessaires \u00abpour former une architecture de s\u00e9curit\u00e9 strat\u00e9gique en Europe\u00bb.<\/p>\n<p class=\"fig-paragraph\">Plus d\u2019informations \u00e0 venir\u2026<\/p>\n","protected":false},"excerpt":{"rendered":"\u00abLe d\u00e9ploiement d\u2019armes nucl\u00e9aires sur le continent europ\u00e9en, ce n\u2019est pas ce qui apportera de la s\u00e9curit\u00e9, de&hellip;\n","protected":false},"author":2,"featured_media":99190,"comment_status":"","ping_status":"","sticky":false,"template":"","format":"standard","meta":{"footnotes":""},"categories":[5],"tags":[259,11,260,1011,27,131,14,4998,261,12,5654,262,132,28],"class_list":{"0":"post-99189","1":"post","2":"type-post","3":"status-publish","4":"format-standard","5":"has-post-thumbnail","7":"category-international","8":"tag-actualite-internationale","9":"tag-actualites","10":"tag-affaires-etrangeres","11":"tag-fr","12":"tag-france","13":"tag-guerre-en-ukraine","14":"tag-international","15":"tag-kremlin","16":"tag-ministere-des-affaires-etrangeres","17":"tag-news","18":"tag-nucleaire","19":"tag-politique-etrangere","20":"tag-russie","21":"tag-world"},"share_on_mastodon":{"url":"https:\/\/pubeurope.com\/@fr\/114505867827548329","error":""},"_links":{"self":[{"href":"https:\/\/www.europesays.com\/fr\/wp-json\/wp\/v2\/posts\/99189","targetHints":{"allow":["GET"]}}],"collection":[{"href":"https:\/\/www.europesays.com\/fr\/wp-json\/wp\/v2\/posts"}],"about":[{"href":"https:\/\/www.europesays.com\/fr\/wp-json\/wp\/v2\/types\/post"}],"author":[{"embeddable":true,"href":"https:\/\/www.europesays.com\/fr\/wp-json\/wp\/v2\/users\/2"}],"replies":[{"embeddable":true,"href":"https:\/\/www.europesays.com\/fr\/wp-json\/wp\/v2\/comments?post=99189"}],"version-history":[{"count":0,"href":"https:\/\/www.europesays.com\/fr\/wp-json\/wp\/v2\/posts\/99189\/revisions"}],"wp:featuredmedia":[{"embeddable":true,"href":"https:\/\/www.europesays.com\/fr\/wp-json\/wp\/v2\/media\/99190"}],"wp:attachment":[{"href":"https:\/\/www.europesays.com\/fr\/wp-json\/wp\/v2\/media?parent=99189"}],"wp:term":[{"taxonomy":"category","embeddable":true,"href":"https:\/\/www.europesays.com\/fr\/wp-json\/wp\/v2\/categories?post=99189"},{"taxonomy":"post_tag","embeddable":true,"href":"https:\/\/www.europesays.com\/fr\/wp-json\/wp\/v2\/tags?post=99189"}],"curies":[{"name":"wp","href":"https:\/\/api.w.org\/{rel}","templated":true}]}}