{"id":99197,"date":"2025-05-14T11:10:08","date_gmt":"2025-05-14T11:10:08","guid":{"rendered":"https:\/\/www.europesays.com\/fr\/99197\/"},"modified":"2025-05-14T11:10:08","modified_gmt":"2025-05-14T11:10:08","slug":"voyage-et-cultures-michelin-lance-un-guide-special-saint-etienne","status":"publish","type":"post","link":"https:\/\/www.europesays.com\/fr\/99197\/","title":{"rendered":"Voyage et cultures : Michelin lance un guide sp\u00e9cial Saint-\u00c9tienne !"},"content":{"rendered":"<p>Un nouveau guide Michelin \u00ab\u00a0Saint-\u00c9tienne capitale du design\u00a0\u00bb vient de sortir en librairie, avec 130 adresses pr\u00e9sent\u00e9es sur l&rsquo;ensemble de la M\u00e9tropole.<\/p>\n<p>Des p\u00e9pites \u00e0 d\u00e9couvrir ou red\u00e9couvrir.\u00a0<\/p>\n<p>Saint-\u00c9tienne a d\u00e9sormais son propre guide Michelin ! Un ouvrage d&rsquo;une centaine de pages pour retrouver 130 adresses \u00e0 ne pas rater.<\/p>\n<p>On y d\u00e9couvre des restaurants, des boutiques, des lieux culturels et historiques, mais aussi des itin\u00e9raires, des plans et des conseils pour organiser des s\u00e9jours.<\/p>\n<p>Parmi les sites embl\u00e9matiques mis en avant, figurent, entre autres, <b>Le Corbusier<\/b> \u00e0 Firminy, le <b>zoo de Saint-Martin-la-Plaine<\/b>, les <b>Gorges de la Loire<\/b> ou encore le Parc naturel r\u00e9gional du <b>Pilat<\/b>.<\/p>\n<p>Un guide tir\u00e9 \u00e0 5.000 exemplaires<\/p>\n<p>Le guide concerne donc toute l&rsquo;agglom\u00e9ration. Mais <b>Saint-\u00c9tienne<\/b> garde une place pr\u00e9pond\u00e9rante dans cet ouvrage. Une ville choisie pour son histoire d&rsquo;hier, d&rsquo;aujourd&rsquo;hui et de demain.<\/p>\n<p>\u00ab\u00a0\u00c7a me semble \u00eatre tr\u00e8s significatif, note Jean-Baptiste Pass\u00e9, directeur g\u00e9n\u00e9ral des guides Michelin. Du <b>mus\u00e9e d&rsquo;art et d&rsquo;industrie<\/b> \u00e0 la <b>Cit\u00e9 du Design<\/b>, c&rsquo;est une perp\u00e9tuelle r\u00e9invention, tr\u00e8s perceptible dans la ville\u00a0\u00bb.\u00a0<\/p>\n<p>\u00ab\u00a0L&rsquo;un des \u00e9l\u00e9ments de succ\u00e8s de ce guide, c&rsquo;est qu&rsquo;\u00e0 sa lecture, on comprend la complexit\u00e9 et la s\u00e9dimentation qui ont conduit Saint-\u00c9tienne \u00e0 devenir la capitale du design, ajoute-t-il. Ce qui motive et justifie cette \u00e9dition, c&rsquo;est que ce n&rsquo;est pas une posture, c&rsquo;est une r\u00e9alit\u00e9 du territoire d\u00e9fendue par des acteurs locaux, des PME, des artisans, des artistes. C&rsquo;est ce terreau-l\u00e0 qu&rsquo;on a voulu mettre en avant\u00a0\u00bb.<\/p>\n<p>Saint-\u00c9tienne int\u00e8gre donc la vingtaine de villes en France qui dispose d\u00e9j\u00e0 de ce guide Michelin. Une \u00e9dition st\u00e9phanoise <b>tir\u00e9e \u00e0 5.000 exemplaires<\/b> et d&rsquo;ores et d\u00e9j\u00e0 disponible en librairie pour <b>10,95 euros<\/b>.<\/p>\n<p><img loading=\"lazy\" decoding=\"async\" src=\"https:\/\/www.europesays.com\/fr\/wp-content\/uploads\/2025\/05\/1747221008_307_img\" width=\"350\" height=\"200\" border=\"0\" title=\"Un feu d'artifice pour les 90 ans du stade Geoffroy-Guichard\"\/><\/p>\n<p>\u25baFootball<\/p>\n<p style=\"font-size: 22px;\"><b>Saint-\u00c9tienne : le Chaudron dans le Top 3 des meilleurs stades de Ligue 1<\/b><\/p>\n<p>Le stade Geoffroy-Guichard \u00e0 Saint-\u00c9tienne figure&#8230;<\/p>\n<p><\/p>\n","protected":false},"excerpt":{"rendered":"Un nouveau guide Michelin \u00ab\u00a0Saint-\u00c9tienne capitale du design\u00a0\u00bb vient de sortir en librairie, avec 130 adresses pr\u00e9sent\u00e9es sur&hellip;\n","protected":false},"author":2,"featured_media":99198,"comment_status":"","ping_status":"","sticky":false,"template":"","format":"standard","meta":{"footnotes":""},"categories":[9653],"tags":[1111,11,2430,251,1777,674,1011,27,4463,15479,12,25,9920,4001,602,586],"class_list":{"0":"post-99197","1":"post","2":"type-post","3":"status-publish","4":"format-standard","5":"has-post-thumbnail","7":"category-saint-etienne","8":"tag-actu","9":"tag-actualites","10":"tag-auvergne-rhone-alpes","11":"tag-culture","12":"tag-eu","13":"tag-europe","14":"tag-fr","15":"tag-france","16":"tag-guide","17":"tag-michelin","18":"tag-news","19":"tag-republique-francaise","20":"tag-saint-tienne","21":"tag-saint-etienne","22":"tag-tourisme","23":"tag-voyage"},"share_on_mastodon":{"url":"https:\/\/pubeurope.com\/@fr\/114505884001943359","error":""},"_links":{"self":[{"href":"https:\/\/www.europesays.com\/fr\/wp-json\/wp\/v2\/posts\/99197","targetHints":{"allow":["GET"]}}],"collection":[{"href":"https:\/\/www.europesays.com\/fr\/wp-json\/wp\/v2\/posts"}],"about":[{"href":"https:\/\/www.europesays.com\/fr\/wp-json\/wp\/v2\/types\/post"}],"author":[{"embeddable":true,"href":"https:\/\/www.europesays.com\/fr\/wp-json\/wp\/v2\/users\/2"}],"replies":[{"embeddable":true,"href":"https:\/\/www.europesays.com\/fr\/wp-json\/wp\/v2\/comments?post=99197"}],"version-history":[{"count":0,"href":"https:\/\/www.europesays.com\/fr\/wp-json\/wp\/v2\/posts\/99197\/revisions"}],"wp:featuredmedia":[{"embeddable":true,"href":"https:\/\/www.europesays.com\/fr\/wp-json\/wp\/v2\/media\/99198"}],"wp:attachment":[{"href":"https:\/\/www.europesays.com\/fr\/wp-json\/wp\/v2\/media?parent=99197"}],"wp:term":[{"taxonomy":"category","embeddable":true,"href":"https:\/\/www.europesays.com\/fr\/wp-json\/wp\/v2\/categories?post=99197"},{"taxonomy":"post_tag","embeddable":true,"href":"https:\/\/www.europesays.com\/fr\/wp-json\/wp\/v2\/tags?post=99197"}],"curies":[{"name":"wp","href":"https:\/\/api.w.org\/{rel}","templated":true}]}}