{"id":99199,"date":"2025-05-14T11:11:10","date_gmt":"2025-05-14T11:11:10","guid":{"rendered":"https:\/\/www.europesays.com\/fr\/99199\/"},"modified":"2025-05-14T11:11:10","modified_gmt":"2025-05-14T11:11:10","slug":"le-coup-de-gueule-des-gaullistes-de-nancy","status":"publish","type":"post","link":"https:\/\/www.europesays.com\/fr\/99199\/","title":{"rendered":"le coup de gueule des gaullistes de Nancy"},"content":{"rendered":"<p>Les R\u00e9publicains version 2025, des h\u00e9ritiers du gaullisme\u00a0? Il en doute s\u00e9v\u00e8rement\u2026<\/p>\n<p><a href=\"https:\/\/www.estrepublicain.fr\/societe\/2024\/11\/11\/de-nouveaux-statuts-pour-l-association-demain-de-gaulle\" target=\"_blank\" rel=\"nofollow noopener\">Pr\u00e9sident de Demain de Gaulle,<\/a> association qui g\u00e8re notamment les destin\u00e9es de la Maison de Gaulle install\u00e9e \u00e0 Nancy, <a href=\"https:\/\/www.estrepublicain.fr\/societe\/2024\/09\/15\/de-gaulle-a-nancy-en-septembre-1944-pour-reaffirmer-la-legitimite-nationale\" target=\"_blank\" rel=\"nofollow noopener\">Jean-Max Gettmann<\/a> ne cache pas sa d\u00e9ception qu\u2019\u00e0 l\u2019\u00e9lection du nouveau pr\u00e9sident des R\u00e9publicains, qui se tient ces 17 et 18\u00a0mai partout en France.<\/p>\n<p><a href=\"https:\/\/www.estrepublicain.fr\/p\/bruno-retailleau\" target=\"_blank\" rel=\"nofollow noopener\">Bruno Retailleau<\/a> ou <a href=\"https:\/\/www.estrepublicain.fr\/p\/laurent-wauquiez\" target=\"_blank\" rel=\"nofollow noopener\">Laurent Wauquiez<\/a>\u00a0? La bataille est tr\u00e8s serr\u00e9e entre les deux personnalit\u00e9s de droite. Bataille \u00e0 laquelle les gaullistes nanc\u00e9iens ne se sentent pas du tout associ\u00e9e. Et ils ont d\u00e9cid\u00e9 de le faire savoir.<\/p>\n<p>  \u00ab\u00a0Tous font r\u00e9f\u00e9rence \u00e0 de Gaulle\u00a0\u00bb<\/p>\n<p>\u00ab\u00a0\u00c0 quelques jours d\u2019un week-end \u00e9lectoral important dans ce qui fut ma famille politique, je pensais, presque na\u00efvement, qu\u2019un sujet de r\u00e9flexion autour de Charles Pasqua pouvait faire l\u2019unanimit\u00e9 ou presque chez les LR\u00a0\u00bb, confie Jean-Max Gettmann \u00e0 L\u2019Est R\u00e9publicain.<\/p>\n<p>Il ne d\u00e9col\u00e8re pas\u00a0: \u00ab\u00a0En effet, la Maison Charles-de-Gaulle de Lorraine re\u00e7oit, <a href=\"https:\/\/www.estrepublicain.fr\/pour-sortir\/loisirs\/Rencontre-conference\/Conferences\/Lorraine\/Meurthe-et-moselle\/Nancy\/2025\/05\/17\/Charles-pasqua-dans-l-ombre-de-la-republique\" target=\"_blank\" rel=\"nofollow noopener\">ce samedi 17\u00a0mai<\/a> \u00a0\u00e0 10\u00a0h, <a href=\"https:\/\/www.republicain-lorrain.fr\/culture-loisirs\/2025\/01\/22\/pierre-manenti-pierre-messmer-et-charles-pasqua-avaient-un-lien-d-estime\" target=\"_blank\" rel=\"nofollow noopener\">Pierre Manenti,<\/a> historien du gaullisme, venu tout droit de la Fondation Charles-de-Gaulle, dans le cadre de ses Petits-d\u00e9jeuners du G\u00e9n\u00e9ral, pour pr\u00e9senter son dernier livre, Charles Pasqua, dans l\u2019ombre de la R\u00e9publique. Consacr\u00e9 \u00e0 la m\u00e9moire autant qu\u2018\u00e0 l\u2019\u00e9tude de la politique gaulliste depuis 30 ans, je pensais que notre action culturelle tourn\u00e9e vers l\u2019histoire pouvait \u00eatre d\u2019une quelconque utilit\u00e9 pour les acteurs politiques actuels, puisque tous font r\u00e9f\u00e9rence quotidiennement \u00e0 de Gaulle, de l\u2019extr\u00eame droite \u00e0 l\u2019extr\u00eame gauche, sauf peut-\u00eatre pour les LR, du moins tr\u00e8s localement\u2026\u00a0\u00bb<\/p>\n<p>  \u00ab\u00a0Le bonheur du RN\u00a0\u00bb<\/p>\n<p><a href=\"https:\/\/www.estrepublicain.fr\/edition-de-nancy-ville\/2015\/11\/27\/jean-max-gettmann-president-de-l-association-demain-de-gaulle-a-recu-a-la-maison-de-gaulle-le\" target=\"_blank\" rel=\"nofollow noopener\">Jean-Max Gettmann<\/a> explique\u00a0: \u00ab\u00a0En fait, depuis une semaine, les efforts se multiplient pour que l\u2019invitation lanc\u00e9e pour cette matin\u00e9e consacr\u00e9e \u00e0 l\u2019un des grands personnages du gaullisme parvienne aux militants LR. Efforts rest\u00e9s vains \u00e0 ce jour sans m\u00eame le moindre retour de politesse \u00e0 l\u2019exception des jeunes LR. Comment analyser\u00a0? M\u00e9pris pour le regard historique port\u00e9 malgr\u00e9 la qualit\u00e9 du moment, ou volont\u00e9 clairement affirm\u00e9e de tuer le pass\u00e9 pour un avenir incertain\u00a0?\u00a0\u00bb<\/p>\n<p>Le pr\u00e9sident ironise\u00a0: \u00ab\u00a0Je ne voudrais pas \u00eatre insultant au point d\u2019imaginer une stricte maladresse qui fait depuis trop longtemps le bonheur du Rassemblement national\u00a0!\u00a0\u00bb<\/p>\n<p>\u00ab\u00a0La France s\u2019enlise, sa nation pleure, et de l\u00e0-haut le Grand Charles, \u00e0 n\u2019en pas douter, fulmine\u00a0!\u00a0\u00bb<\/p>\n","protected":false},"excerpt":{"rendered":"Les R\u00e9publicains version 2025, des h\u00e9ritiers du gaullisme\u00a0? Il en doute s\u00e9v\u00e8rement\u2026 Pr\u00e9sident de Demain de Gaulle, association&hellip;\n","protected":false},"author":2,"featured_media":99200,"comment_status":"","ping_status":"","sticky":false,"template":"","format":"standard","meta":{"footnotes":""},"categories":[9635],"tags":[1111,11,1704,1777,674,1011,27,775,937,6319,1702,1703,12,316,25,104],"class_list":{"0":"post-99199","1":"post","2":"type-post","3":"status-publish","4":"format-standard","5":"has-post-thumbnail","7":"category-nancy","8":"tag-actu","9":"tag-actualites","10":"tag-edition-nancy-et-agglomeration","11":"tag-eu","12":"tag-europe","13":"tag-fr","14":"tag-france","15":"tag-grand-est","16":"tag-histoire","17":"tag-les-republicains","18":"tag-nancy","19":"tag-nancy-ville-54b","20":"tag-news","21":"tag-politique","22":"tag-republique-francaise","23":"tag-societe"},"share_on_mastodon":{"url":"https:\/\/pubeurope.com\/@fr\/114505887455136032","error":""},"_links":{"self":[{"href":"https:\/\/www.europesays.com\/fr\/wp-json\/wp\/v2\/posts\/99199","targetHints":{"allow":["GET"]}}],"collection":[{"href":"https:\/\/www.europesays.com\/fr\/wp-json\/wp\/v2\/posts"}],"about":[{"href":"https:\/\/www.europesays.com\/fr\/wp-json\/wp\/v2\/types\/post"}],"author":[{"embeddable":true,"href":"https:\/\/www.europesays.com\/fr\/wp-json\/wp\/v2\/users\/2"}],"replies":[{"embeddable":true,"href":"https:\/\/www.europesays.com\/fr\/wp-json\/wp\/v2\/comments?post=99199"}],"version-history":[{"count":0,"href":"https:\/\/www.europesays.com\/fr\/wp-json\/wp\/v2\/posts\/99199\/revisions"}],"wp:featuredmedia":[{"embeddable":true,"href":"https:\/\/www.europesays.com\/fr\/wp-json\/wp\/v2\/media\/99200"}],"wp:attachment":[{"href":"https:\/\/www.europesays.com\/fr\/wp-json\/wp\/v2\/media?parent=99199"}],"wp:term":[{"taxonomy":"category","embeddable":true,"href":"https:\/\/www.europesays.com\/fr\/wp-json\/wp\/v2\/categories?post=99199"},{"taxonomy":"post_tag","embeddable":true,"href":"https:\/\/www.europesays.com\/fr\/wp-json\/wp\/v2\/tags?post=99199"}],"curies":[{"name":"wp","href":"https:\/\/api.w.org\/{rel}","templated":true}]}}