{"id":99207,"date":"2025-05-14T11:15:07","date_gmt":"2025-05-14T11:15:07","guid":{"rendered":"https:\/\/www.europesays.com\/fr\/99207\/"},"modified":"2025-05-14T11:15:07","modified_gmt":"2025-05-14T11:15:07","slug":"combien-de-food-trucks-et-danimations-au-festival-des-4-roues","status":"publish","type":"post","link":"https:\/\/www.europesays.com\/fr\/99207\/","title":{"rendered":"combien de food trucks et d&rsquo;animations au Festival des \u00ab\u00a04 Roues\u00a0\u00bb\u00a0?"},"content":{"rendered":"<p>            Par<br \/>\n        <strong><br \/>\n            <a href=\"https:\/\/actu.fr\/auteur\/metropoop\" title=\"Consulter tous les articles de R\u00e9daction M\u00e9tropolitain\" rel=\"nofollow noopener\" target=\"_blank\">R\u00e9daction M\u00e9tropolitain<\/a><br \/>\n        <\/strong><\/p>\n<p>        Publi\u00e9 le<\/p>\n<p>            14 mai 2025 \u00e0 12h42        <\/p>\n<p>Le <strong>Festival Food Truck \u00ab\u00a0Les 4 Roues\u00a0\u00bb<\/strong> organis\u00e9 par l\u2019association Arts &amp; Groove, \u00e0 <strong>Fabr\u00e8gues,<\/strong> \u00e0 l\u2019ouest de Montpellier et qui c\u00e9l\u00e8bre le printemps revient dimanche 18 mai 2025, de 10h \u00e0 18h, sur le site champ\u00eatre du Plan, en centre-ville. L\u2019entr\u00e9e sera gratuite et la carte bleue accept\u00e9e.<\/p>\n<p class=\" wall-content\">Une dizaine de food-trucks vous pr\u00e9senteront toutes leurs<strong> sp\u00e9cialit\u00e9s gastronomiques<\/strong> : sp\u00e9cialit\u00e9s s\u00e9n\u00e9galaises, vietnamiennes, antillaises, espagnoles, italiennes et malgache, avec des burgers maison, cr\u00eapes et autres douceurs sucr\u00e9es.<\/p>\n<p>    <a href=\"https:\/\/www.google.com\/maps\/embed?pb=!1m18!1m12!1m3!1d3077.876435045689!2d3.7766512056208703!3d43.549569695115!2m3!1f0!2f0!3f0!3m2!1i1024!2i768!4f13.1!3m3!1m2!1s0x12b6b2f4e0b93507%3A0x4a99a277f8a51ee0!2sMairie!5e0!3m2!1sfr!2sfr!4v1746618966167!5m2!1sfr!2sfr\" title=\"Ouvrie le lien\" rel=\"nofollow noopener\" target=\"_blank\">Cliquez ici pour visualiser le contenu<\/a><\/p>\n<p class=\" wall-content\">S\u00e9lectionn\u00e9s rigoureusement, ces camions proposeront des offres cr\u00e9atives, \u00e9clectiques et gastronomiques, r\u00e9alis\u00e9es \u00e0 partir de produits frais, faits maison ou originaux. Et vous pourrez retrouver diff\u00e9rentes animations tout le long de l\u2019\u00e9v\u00e9nement, ainsi qu\u2019un concert.<\/p>\n<p class=\" wall-content\">Le festival Food Trucks \u00ab\u00a0Les 4 Roues\u00a0\u00bb, c\u2019est le rendez-vous pour tous les amateurs de street food aux alentours de Montpellier.<\/p>\n<p>Vid\u00e9os : en ce moment sur ActuIls seront l\u00e0<\/p>\n<p class=\" wall-content\"><strong>Bubble Waffle Family<\/strong> : glaces et gaufres gourmandes roul\u00e9es et croustillantes que l\u2019on garni au gr\u00e9 de ses envies.<\/p>\n<p class=\" wall-content\"><strong>Churrasco<\/strong> : cuisine antillaise<\/p>\n<p class=\" wall-content\"><strong>Cookooling<\/strong> : sp\u00e9cialit\u00e9s Vietnamiennes.<\/p>\n<p class=\" wall-content\"><strong>Go For Eat<\/strong> : cuisine du monde et \u00e9volutive au fil des saisons.<\/p>\n<p class=\" wall-content\"><strong>L\u2019Omnibus Burger<\/strong> dans un bus imp\u00e9rial.<\/p>\n<p class=\" wall-content\"><strong>Lapiola<\/strong> : sp\u00e9cialit\u00e9s argentines.<\/p>\n<p class=\" wall-content\"><strong>La Pratolina<\/strong> : pizzas Italienne avec des produits frais.<\/p>\n<p class=\" wall-content\"><strong>La S\u00e9n\u00e9galaise Authentique<\/strong> : saveurs du S\u00e9n\u00e9gal.<\/p>\n<p class=\" wall-content\"><strong>Mada Saveur Cuisine<\/strong> tout droit venue du Madagascar.<\/p>\n<p class=\" wall-content\"><strong>M\u00e9choui Concept Cuisine<\/strong> avec des viandes effiloch\u00e9es et fum\u00e9es au bois.<\/p>\n<p class=\" wall-content\"><strong>Pa\u00eblla del Pueblo :<\/strong> sp\u00e9cialit\u00e9s espagnoles.<\/p>\n<p class=\" wall-content\"><strong>Pepite Coffee R\u00e9cr\u00e9<\/strong><\/p>\n<p class=\" wall-content\"><strong> A\u2019Nimes Cr\u00eapes :\u00a0<\/strong>gaufres et autres douceurs sucr\u00e9es.<\/p>\n<p class=\" wall-content\"><strong>Tartin\u2019Truck :<\/strong> tartines, salades gourmandes et savoureux burgers.<\/p>\n<p>Les animations<\/p>\n<ul class=\" wall-content\">\n<li>\u00a0Concerts.<\/li>\n<li>\u00a0Boom pour les enfants.<\/li>\n<li>\u00a0Stand de maquillage.<\/li>\n<li>\u00a0Balade \u00e0 poney.<\/li>\n<\/ul>\n<p class=\" wall-content\">Suivez toute l\u2019actualit\u00e9 de vos villes et m\u00e9dias favoris en vous inscrivant \u00e0 <a href=\"https:\/\/moncompte.actu.fr\" title=\"D\u00e9couvez Mon Actu\" rel=\"nofollow noopener\" data-trk=\"{&quot;cta&quot;:{&quot;action&quot;:&quot;https:\\\/\\\/moncompte.actu.fr&quot;,&quot;category&quot;:&quot;mon compte&quot;,&quot;from&quot;:&quot;article footer&quot;,&quot;name&quot;:&quot;Mon actu&quot;,&quot;type&quot;:&quot;cta&quot;}}\" target=\"_blank\">Mon Actu<\/a>.<\/p>\n","protected":false},"excerpt":{"rendered":"Par R\u00e9daction M\u00e9tropolitain Publi\u00e9 le 14 mai 2025 \u00e0 12h42 Le Festival Food Truck \u00ab\u00a0Les 4 Roues\u00a0\u00bb organis\u00e9&hellip;\n","protected":false},"author":2,"featured_media":99208,"comment_status":"","ping_status":"","sticky":false,"template":"","format":"standard","meta":{"footnotes":""},"categories":[9599],"tags":[1111,11,1777,674,849,1011,27,1661,1652,2208,12,2680,25],"class_list":{"0":"post-99207","1":"post","2":"type-post","3":"status-publish","4":"format-standard","5":"has-post-thumbnail","7":"category-montpellier","8":"tag-actu","9":"tag-actualites","10":"tag-eu","11":"tag-europe","12":"tag-festival","13":"tag-fr","14":"tag-france","15":"tag-gastronomie","16":"tag-loisirs-culture","17":"tag-montpellier","18":"tag-news","19":"tag-occitanie","20":"tag-republique-francaise"},"share_on_mastodon":{"url":"https:\/\/pubeurope.com\/@fr\/114505903278624083","error":""},"_links":{"self":[{"href":"https:\/\/www.europesays.com\/fr\/wp-json\/wp\/v2\/posts\/99207","targetHints":{"allow":["GET"]}}],"collection":[{"href":"https:\/\/www.europesays.com\/fr\/wp-json\/wp\/v2\/posts"}],"about":[{"href":"https:\/\/www.europesays.com\/fr\/wp-json\/wp\/v2\/types\/post"}],"author":[{"embeddable":true,"href":"https:\/\/www.europesays.com\/fr\/wp-json\/wp\/v2\/users\/2"}],"replies":[{"embeddable":true,"href":"https:\/\/www.europesays.com\/fr\/wp-json\/wp\/v2\/comments?post=99207"}],"version-history":[{"count":0,"href":"https:\/\/www.europesays.com\/fr\/wp-json\/wp\/v2\/posts\/99207\/revisions"}],"wp:featuredmedia":[{"embeddable":true,"href":"https:\/\/www.europesays.com\/fr\/wp-json\/wp\/v2\/media\/99208"}],"wp:attachment":[{"href":"https:\/\/www.europesays.com\/fr\/wp-json\/wp\/v2\/media?parent=99207"}],"wp:term":[{"taxonomy":"category","embeddable":true,"href":"https:\/\/www.europesays.com\/fr\/wp-json\/wp\/v2\/categories?post=99207"},{"taxonomy":"post_tag","embeddable":true,"href":"https:\/\/www.europesays.com\/fr\/wp-json\/wp\/v2\/tags?post=99207"}],"curies":[{"name":"wp","href":"https:\/\/api.w.org\/{rel}","templated":true}]}}