{"id":99209,"date":"2025-05-14T11:16:11","date_gmt":"2025-05-14T11:16:11","guid":{"rendered":"https:\/\/www.europesays.com\/fr\/99209\/"},"modified":"2025-05-14T11:16:11","modified_gmt":"2025-05-14T11:16:11","slug":"besoin-daide-pour-la-declaration-de-vos-revenus-de-2024","status":"publish","type":"post","link":"https:\/\/www.europesays.com\/fr\/99209\/","title":{"rendered":"besoin d&rsquo;aide pour la d\u00e9claration de vos revenus de 2024 ?"},"content":{"rendered":"<p>\n\t\t\t\t\tD\u00e9clarations fiscales, d\u00e9marches administratives \u2026 Des avocats fiscalistes vous accueillent gratuitement ce jeudi 15 mai 2025. \t\t\t\t<\/p>\n<p>\n\t\t\t\t\t\t\t\t\t\u00a9 Photo d\u2019illustration.\t\t\t\t\t\t\t\t<\/p>\n<p>Ce <strong>jeudi 15 mai<\/strong>, la Ville de <a href=\"https:\/\/infoccitanie.fr\/tag\/montpellier\/\" target=\"_blank\" rel=\"noopener\">Montpellier<\/a> met en place une <strong>journ\u00e9e d\u2019accompagnement fiscal gratuit<\/strong> \u00e0 l\u2019H\u00f4tel de Ville. <a href=\"https:\/\/www.barreau-montpellier.com\/fr\/actualites\/id-114-journee-fiscale-2025\" target=\"_blank\" rel=\"nofollow noopener\">Le Barreau de Montpellier<\/a> se mobilise pour organiser cette journ\u00e9e fiscale 2025 d\u00e9di\u00e9e \u00e0 <strong>l\u2019accompagnement gratuit des citoyens<\/strong>. Des avocats fiscalistes seront pr\u00e9sents pour r\u00e9pondre aux questions sur les d\u00e9marches administratives et fiscales.<\/p>\n<p>Accompagnement gratuit et accessible \u00e0 tous les Montpelli\u00e9rains<\/p>\n<p>Cette op\u00e9ration aura un impact local fort, en facilitant l\u2019acc\u00e8s \u00e0 un conseil juridique de qualit\u00e9 sans frais, dans une p\u00e9riode de d\u00e9clarations fiscales souvent stressante. Ce service gratuit permet une action pr\u00e9ventive pour r\u00e9duire les erreurs, \u00e9viter les litiges et am\u00e9liorer la relation entre citoyens et administration fiscale.<\/p>\n<p>Si vous avez besoin d\u2019aide pour la d\u00e9claration de vos revenus de 2024, <strong>rendez-vous jeudi 15 mai 2025 \u00e0 l\u2019H\u00f4tel de Ville de Montpellier de 9h \u00e0 17h<\/strong>.<\/p>\n<p><a data-no-instant=\"1\" href=\"https:\/\/www.montpellier.aeroport.fr\/fr\/passagers\/vols-destinations\/destinations-en-direct\/palma-de-majorque?utm_campaign=infoccitanie_palma_mai\" rel=\"noopener\" class=\"a2t-link\" aria-label=\"Palma\" target=\"_blank\"><img decoding=\"async\" src=\"https:\/\/www.europesays.com\/fr\/wp-content\/uploads\/2025\/05\/1747145891_139_3088-image.png\" alt=\"\"  \/><\/a>\t\t\t\t<\/p>\n","protected":false},"excerpt":{"rendered":"D\u00e9clarations fiscales, d\u00e9marches administratives \u2026 Des avocats fiscalistes vous accueillent gratuitement ce jeudi 15 mai 2025. \u00a9 Photo&hellip;\n","protected":false},"author":2,"featured_media":99210,"comment_status":"","ping_status":"","sticky":false,"template":"","format":"standard","meta":{"footnotes":""},"categories":[9599],"tags":[1111,11,1777,674,1011,27,342,2208,12,2680,25],"class_list":{"0":"post-99209","1":"post","2":"type-post","3":"status-publish","4":"format-standard","5":"has-post-thumbnail","7":"category-montpellier","8":"tag-actu","9":"tag-actualites","10":"tag-eu","11":"tag-europe","12":"tag-fr","13":"tag-france","14":"tag-impots","15":"tag-montpellier","16":"tag-news","17":"tag-occitanie","18":"tag-republique-francaise"},"share_on_mastodon":{"url":"https:\/\/pubeurope.com\/@fr\/114505907229379280","error":""},"_links":{"self":[{"href":"https:\/\/www.europesays.com\/fr\/wp-json\/wp\/v2\/posts\/99209","targetHints":{"allow":["GET"]}}],"collection":[{"href":"https:\/\/www.europesays.com\/fr\/wp-json\/wp\/v2\/posts"}],"about":[{"href":"https:\/\/www.europesays.com\/fr\/wp-json\/wp\/v2\/types\/post"}],"author":[{"embeddable":true,"href":"https:\/\/www.europesays.com\/fr\/wp-json\/wp\/v2\/users\/2"}],"replies":[{"embeddable":true,"href":"https:\/\/www.europesays.com\/fr\/wp-json\/wp\/v2\/comments?post=99209"}],"version-history":[{"count":0,"href":"https:\/\/www.europesays.com\/fr\/wp-json\/wp\/v2\/posts\/99209\/revisions"}],"wp:featuredmedia":[{"embeddable":true,"href":"https:\/\/www.europesays.com\/fr\/wp-json\/wp\/v2\/media\/99210"}],"wp:attachment":[{"href":"https:\/\/www.europesays.com\/fr\/wp-json\/wp\/v2\/media?parent=99209"}],"wp:term":[{"taxonomy":"category","embeddable":true,"href":"https:\/\/www.europesays.com\/fr\/wp-json\/wp\/v2\/categories?post=99209"},{"taxonomy":"post_tag","embeddable":true,"href":"https:\/\/www.europesays.com\/fr\/wp-json\/wp\/v2\/tags?post=99209"}],"curies":[{"name":"wp","href":"https:\/\/api.w.org\/{rel}","templated":true}]}}