{"id":992119,"date":"2026-06-11T03:27:17","date_gmt":"2026-06-11T03:27:17","guid":{"rendered":"https:\/\/www.europesays.com\/fr\/992119\/"},"modified":"2026-06-11T03:27:17","modified_gmt":"2026-06-11T03:27:17","slug":"le-bras-de-fer-politique-vire-a-laigre-la-region-des-pays-de-la-loire-veut-lacher-le-voyage-a-nantes","status":"publish","type":"post","link":"https:\/\/www.europesays.com\/fr\/992119\/","title":{"rendered":"Le bras de fer politique vire \u00e0 l\u2019aigre\u00a0: la R\u00e9gion des Pays de la Loire veut l\u00e2cher le Voyage \u00e0 Nantes"},"content":{"rendered":"<p>\n                Article premium,<br \/>\n                    R\u00e9serv\u00e9 aux\u00a0abonn\u00e9s\n            <\/p>\n<p class=\"su-standfirst chapeau\">Le conseil r\u00e9gional pr\u00e9sid\u00e9 par Christelle Moran\u00e7ais\u00a0(Horizons) exprime son souhait de se d\u00e9sengager de la soci\u00e9t\u00e9 portant les activit\u00e9s touristiques et culturelles du territoire nantais. \u00ab\u00a0Un abandon de plus\u00a0\u00bb, cingle la Ville de Nantes. La R\u00e9gion, elle, \u00e9voque \u00ab\u00a0une d\u00e9marche engag\u00e9e de longue date, qui suit son cours normal\u00a0\u00bb, ayant \u00ab\u00a0act\u00e9 en septembre\u00a02025\u00a0\u00bb son retrait des structures culturelles qu\u2019elle ne finance plus.<\/p>\n<p>                                        <img decoding=\"async\" class=\"su-media\" src=\"https:\/\/www.europesays.com\/fr\/wp-content\/uploads\/2026\/06\/MjAyNjA2MzMzZDJiZjU1NWNmODU4YmJhYjZiOTk2NWRhNjBkMGU.jpeg\" alt=\"Le Voyage \u00e0 Nantes g\u00e8re notamment le parcours d\u2019art contemporain Estuaire, dont l\u2019une des \u0153uvres, \u00ab\u00a0La Maison dans la Loire\u00a0\u00bb, est visible \u00e0 Cou\u00ebron.\"  \/><\/p>\n<p>                            Le Voyage \u00e0 Nantes g\u00e8re notamment le parcours d\u2019art contemporain Estuaire, dont l\u2019une des \u0153uvres, \u00ab\u00a0La Maison dans la Loire\u00a0\u00bb, est visible \u00e0 Cou\u00ebron. | PHOTO ARCHIVES PRESSE OC\u00c9AN-NATHALIE BOURREAU<\/p>\n<p>                            fermer<\/p>\n<ul class=\"su-row su-carrousel-container su-not-list\" data-suswipe=\"{\" rambo=\"\" .carrousel-nav-bas=\"\" .item=\"\">\n<li class=\"su-col-xs-6 su-col-md-24 carrousel-contenu su-carrousel-item\" data-ofvwidth=\"{\" mobileonly=\"\"><img decoding=\"async\" data-ofmaxheight=\"\" class=\"su-media lazyload\" alt=\"Le Voyage \u00e0 Nantes g\u00e8re notamment le parcours d\u2019art contemporain Estuaire, dont l\u2019une des \u0153uvres, \u00ab\u00a0La Maison dans la Loire\u00a0\u00bb, est visible \u00e0 Cou\u00ebron.\" src=\"data:image\/png;base64,iVBORw0KGgoAAAANSUhEUgAAABAAAAAJCAYAAAA7KqwyAAAAGXRFWHRTb2Z0d2FyZQBBZG9iZSBJbWFnZVJlYWR5ccllPAAAABhJREFUeNpi\/P\/\/PwMlgHHUgFEDgAAgwAD+lBrvy+NcxAAAAABJRU5ErkJggg==\" data-oflazyload=\"{&quot;srcset&quot;:&quot;https:\/\/media.ouest-france.fr\/v1\/pictures\/MjAyNjA2MzMzZDJiZjU1NWNmODU4YmJhYjZiOTk2NWRhNjBkMGU?width=320&amp;focuspoint=50%2C25&amp;cropresize=1&amp;client_id=bpeditorial&amp;sign=b3bdf6c308d4b637893043039633121ff11860a88eebbcc3338cc748e2646061 320w,https:\/\/media.ouest-france.fr\/v1\/pictures\/MjAyNjA2MzMzZDJiZjU1NWNmODU4YmJhYjZiOTk2NWRhNjBkMGU?width=375&amp;focuspoint=50%2C25&amp;cropresize=1&amp;client_id=bpeditorial&amp;sign=95d300ba1d41c4c5ed7e4111f88bdd484cec565cb44ef77e8da38ddc77a86c9c 360w,https:\/\/media.ouest-france.fr\/v1\/pictures\/MjAyNjA2MzMzZDJiZjU1NWNmODU4YmJhYjZiOTk2NWRhNjBkMGU?width=480&amp;focuspoint=50%2C25&amp;cropresize=1&amp;client_id=bpeditorial&amp;sign=7f87c75bda5244f63b42e2160ef663beacc1501a5dfa2255fb7bf51991d31d1a 480w,https:\/\/media.ouest-france.fr\/v1\/pictures\/MjAyNjA2MzMzZDJiZjU1NWNmODU4YmJhYjZiOTk2NWRhNjBkMGU?width=630&amp;focuspoint=50%2C25&amp;cropresize=1&amp;client_id=bpeditorial&amp;sign=2ef8b2d35312ad906e0fba269fcdbaec668dc037b1fad5a1b5de0c366f6e2730 630w,https:\/\/media.ouest-france.fr\/v1\/pictures\/MjAyNjA2MzMzZDJiZjU1NWNmODU4YmJhYjZiOTk2NWRhNjBkMGU?width=940&amp;focuspoint=50%2C25&amp;cropresize=1&amp;client_id=bpeditorial&amp;sign=2d481202cefd451e77b2e5a1192d856c9719880d36a426988006b6f042dfe563 940w,https:\/\/media.ouest-france.fr\/v1\/pictures\/MjAyNjA2MzMzZDJiZjU1NWNmODU4YmJhYjZiOTk2NWRhNjBkMGU?width=1260&amp;focuspoint=50%2C25&amp;cropresize=1&amp;client_id=bpeditorial&amp;sign=26997455793b9b5e443eaa1cb47e44ad7e9a16419976e5230ef4bc41e5ed780b 1260w&quot;}\"\/>Le Voyage \u00e0 Nantes g\u00e8re notamment le parcours d\u2019art contemporain Estuaire, dont l\u2019une des \u0153uvres, \u00ab\u00a0La Maison dans la Loire\u00a0\u00bb, est visible \u00e0 Cou\u00ebron. | PHOTO ARCHIVES PRESSE OC\u00c9AN-NATHALIE BOURREAU<\/li>\n<\/ul>\n<p>        Publi\u00e9 le 10\/06\/2026  \u00e0 19h57<\/p>\n<p>                            Lire plus tard<\/p>\n<p>                            Partager<\/p>\n<ul id=\"partage-col-gauche\" class=\"su-not-list su-hidden su-margin-top-xs\">\n<li>FacebookFacebook<\/li>\n<li>BlueSkyBlueSky<\/li>\n<li>FlipboardFlipboard<\/li>\n<li>linkedinLinkedIn<\/li>\n<\/ul>\n<p>C\u2019est un abandon de plus de la R\u00e9gion. Aymeric Seassau, adjoint\u00a0(Parti communiste) \u00e0 la culture de la Ville de Nantes et pr\u00e9sident du Voyage \u00e0 Nantes\u00a0(Van), structure touristique et culturelle du territoire, ne cache pas son amertume. Ce mardi 9\u00a0juin, il a fait part au conseil d\u2019administration du Van de la volont\u00e9 de la R\u00e9gion des Pays de la Loire, pr\u00e9sid\u00e9e par Christelle Moran\u00e7ais\u00a0(Horizons), de se d\u00e9sengager de la structure. Et donc de c\u00e9der les 5\u00a0% d\u2019actions qu\u2019elle d\u00e9tient au sein de la soci\u00e9t\u00e9 publique locale Le Voyage \u00e0 Nantes.<\/p>\n<p>L\u2019enjeu financier repr\u00e9sente 50\u00a0000\u00a0\u20ac. Sur un capital d\u2019un&#8230;<\/p>\n<p style=\"text-align: center; background-color: #dbbe4d; padding-top: 5px; padding-bottom: 5px; font-size: 14px;\"><strong>D\u00e9j\u00e0 abonn\u00e9 ? <\/strong><a data-trkartmonet=\"Identification\" data-trk-sipa=\"{\" blockcategory=\"\" paywall=\"\" href=\"http:\/\/www.ouest-france.fr\/login?redirect=https:\/\/www.ouest-france.fr\/pays-de-la-loire\/loire-atlantique\/nantes-44000\/voyage-nantes\/le-bras-de-fer-politique-vire-a-laigre-la-region-des-pays-de-la-loire-veut-lacher-le-voyage-a-nantes-f99c20ae-64d4-11f1-bb6e-df703f58b398\" rel=\"nofollow noopener\" title=\"Se connecter \u00e0 Ouest-France\" class=\"su-link-light\" target=\"_blank\">Connectez-vous<\/a><\/p>\n<p style=\"text-align: center; padding-top: 15px; padding-bottom: 8px; vertical-align: bottom;\">bloqu\u00e9<strong> Pour lire la suite, abonnez-vous<\/strong><\/p>\n<p style=\"text-align: center;\"><strong>1er mois \u00e0 1\u20ac<\/strong><\/p>\n<p style=\"text-align: center; margin-top: -5px;\">Annulable \u00e0 tout moment<\/p>\n<p style=\"text-align: center;\">\u00a0<\/p>\n<p style=\"text-align: center;\"><a data-ida=\"\" data-trkartmonet=\"Tunnel OF+\" data-trk-sipa=\"{&#010;\" blockcategory=\"\" paywall=\"\" :=\"\" m=\"\" of=\"\" class=\"&#010;        su-button&#010;        su-subscription&#010;        &#010;        &#010;    \" data-trk-bloc=\"paywall\" href=\"https:\/\/abonnement.ouest-france.fr\/presse-ocean\/tunnel\/pack-essentiel-article\/122096116098?int_medium=lien&amp;int_campaign=PWFR0225-PO&amp;int_content=page-article-payant_boutonjaune-paywall&amp;marquesource=PO&amp;rt=https:\/\/www.ouest-france.fr\/pays-de-la-loire\/loire-atlantique\/nantes-44000\/voyage-nantes\/le-bras-de-fer-politique-vire-a-laigre-la-region-des-pays-de-la-loire-veut-lacher-le-voyage-a-nantes-f99c20ae-64d4-11f1-bb6e-df703f58b398\" rel=\"nofollow noopener\" target=\"_blank\"><br \/>\n    <strong>Je m&rsquo;abonne<\/strong><br \/>\n<\/a><\/p>\n<p style=\"text-align: center; padding-top: 10px; padding-bottom: 10px;\"><img decoding=\"async\" src=\"https:\/\/media.ouest-france.fr\/v1\/fonts\/be7723fcee3f1866f1ce99184077fc6f-carte-bancaire.svg?height=36\" alt=\"CB\"\/>\u00a0\u00a0<img decoding=\"async\" src=\"https:\/\/media.ouest-france.fr\/v1\/fonts\/1819d54c599d8afa64539cfba4ac9dde-rib.svg?height=36\" alt=\"RIB\"\/><\/p>\n","protected":false},"excerpt":{"rendered":"Article premium, R\u00e9serv\u00e9 aux\u00a0abonn\u00e9s Le conseil r\u00e9gional pr\u00e9sid\u00e9 par Christelle Moran\u00e7ais\u00a0(Horizons) exprime son souhait de se d\u00e9sengager de&hellip;\n","protected":false},"author":2,"featured_media":992120,"comment_status":"","ping_status":"","sticky":false,"template":"","format":"standard","meta":{"footnotes":"","_share_on_mastodon":"0"},"categories":[2818],"tags":[1111,11,1348,28457,1777,674,90055,1011,27,3047,766,12,2551,2636,25,96],"class_list":["post-992119","post","type-post","status-publish","format-standard","has-post-thumbnail","category-nantes","tag-actu","tag-actualites","tag-arts","tag-christelle-morancais","tag-eu","tag-europe","tag-festival-voyage-a-nantes","tag-fr","tag-france","tag-loire-atlantique","tag-nantes","tag-news","tag-patrimoine","tag-pays-de-la-loire","tag-republique-francaise","tag-une"],"share_on_mastodon":{"url":"https:\/\/pubeurope.com\/@fr\/116729351453682122","error":""},"_links":{"self":[{"href":"https:\/\/www.europesays.com\/fr\/wp-json\/wp\/v2\/posts\/992119","targetHints":{"allow":["GET"]}}],"collection":[{"href":"https:\/\/www.europesays.com\/fr\/wp-json\/wp\/v2\/posts"}],"about":[{"href":"https:\/\/www.europesays.com\/fr\/wp-json\/wp\/v2\/types\/post"}],"author":[{"embeddable":true,"href":"https:\/\/www.europesays.com\/fr\/wp-json\/wp\/v2\/users\/2"}],"replies":[{"embeddable":true,"href":"https:\/\/www.europesays.com\/fr\/wp-json\/wp\/v2\/comments?post=992119"}],"version-history":[{"count":0,"href":"https:\/\/www.europesays.com\/fr\/wp-json\/wp\/v2\/posts\/992119\/revisions"}],"wp:featuredmedia":[{"embeddable":true,"href":"https:\/\/www.europesays.com\/fr\/wp-json\/wp\/v2\/media\/992120"}],"wp:attachment":[{"href":"https:\/\/www.europesays.com\/fr\/wp-json\/wp\/v2\/media?parent=992119"}],"wp:term":[{"taxonomy":"category","embeddable":true,"href":"https:\/\/www.europesays.com\/fr\/wp-json\/wp\/v2\/categories?post=992119"},{"taxonomy":"post_tag","embeddable":true,"href":"https:\/\/www.europesays.com\/fr\/wp-json\/wp\/v2\/tags?post=992119"}],"curies":[{"name":"wp","href":"https:\/\/api.w.org\/{rel}","templated":true}]}}