{"id":99217,"date":"2025-05-14T11:22:13","date_gmt":"2025-05-14T11:22:13","guid":{"rendered":"https:\/\/www.europesays.com\/fr\/99217\/"},"modified":"2025-05-14T11:22:13","modified_gmt":"2025-05-14T11:22:13","slug":"une-assistante-maternelle-condamnee-pour-avoir-violente-un-bebe-en-ille-et-vilaine","status":"publish","type":"post","link":"https:\/\/www.europesays.com\/fr\/99217\/","title":{"rendered":"Une assistante maternelle condamn\u00e9e pour avoir violent\u00e9 un b\u00e9b\u00e9 en Ille-et-Vilaine"},"content":{"rendered":"<p>Ces parents \u00e9taient venus <strong>\u00ab\u00a0chercher des r\u00e9ponses. Ils n\u2019en ont finalement pas eu\u00a0\u00bb<\/strong>, regrette leur avocat Me Aymeric Batard. L\u2019assistante maternelle de 33\u00a0ans, poursuivie pour avoir violent\u00e9 leur fille de six mois, ne s\u2019est pas pr\u00e9sent\u00e9e et n\u2019\u00e9tait pas repr\u00e9sent\u00e9e devant le tribunal de <a href=\"https:\/\/saint-malo.maville.com\/info\/info-locale\/\" target=\"_self\" rel=\"nofollow noopener\">Saint-Malo (Ille-et-Vilaine),<\/a> ce mardi 13\u00a0mai. Sa position restera donc celle qu\u2019elle a tenue durant l\u2019enqu\u00eate\u00a0: contestation des faits et rejet de la faute sur l\u2019autre enfant, \u00e2g\u00e9e de deux ans, qu\u2019elle gardait dans son habitation d\u2019une commune de Bretagne romantique (Ille-et-Vilaine).<\/p>\n<p>Quatri\u00e8me jour de garde<\/p>\n<p>Le 15\u00a0mai 2023, la m\u00e8re de famille d\u00e9pose son b\u00e9b\u00e9 chez la nourrice \u00e0 10\u00a0h. C\u2019est seulement le quatri\u00e8me jour de garde complet de l\u2019enfant. Assez rapidement, l\u2019assistante maternelle pr\u00e9vient, vid\u00e9o \u00e0 l\u2019appui, que leur fille pleure beaucoup, qu\u2019il est difficile de la calmer. Un peu plus tard dans la journ\u00e9e, elle envoie une photo montrant un bleu sur la joue du nourrisson. C\u2019est en rentrant \u00e0 la maison que la maman remarque finalement plusieurs ecchymoses au visage qu\u2019elle n\u2019avait pas rep\u00e9r\u00e9 au moment de la transmission. Direction le m\u00e9decin puis l\u2019h\u00f4pital. La petite fille en est sortie une semaine plus tard apr\u00e8s une batterie d\u2019examen.<\/p>\n<p>L\u2019autre enfant accus\u00e9e<\/p>\n<p>Devant les gendarmes, la nounou n\u2019a cess\u00e9 d\u2019assurer que l\u2019autre b\u00e9b\u00e9 qu\u2019elle gardait avait mis un coup de hochet au b\u00e9b\u00e9. Qu\u2019elle l\u2019avait vue. <strong>\u00ab\u00a0Les experts ont conclu qu\u2019une enfant de deux ans ne pouvait avoir la force suffisante pour causer de telles blessures. La forme du jouet ne correspond pas non plus aux blessures\u00a0\u00bb<\/strong>, \u00e9voque la procureure. Elle requiert un an de prison avec sursis simple et une interdiction d\u2019exercer une activit\u00e9 en rapport avec des mineurs pendant dix ans.<\/p>\n<p>Le tribunal suit les r\u00e9quisitions de prison avec sursis mais la condamne \u00e0 cinq ans d\u2019interdiction d\u2019exercer aupr\u00e8s de mineurs. La trentenaire devra verser un peu plus de 10\u00a0000\u00a0\u20ac de dommages et int\u00e9r\u00eats \u00e0 la famille.<\/p>\n<p>\u00a0<\/p>\n","protected":false},"excerpt":{"rendered":"Ces parents \u00e9taient venus \u00ab\u00a0chercher des r\u00e9ponses. Ils n\u2019en ont finalement pas eu\u00a0\u00bb, regrette leur avocat Me Aymeric&hellip;\n","protected":false},"author":2,"featured_media":99218,"comment_status":"","ping_status":"","sticky":false,"template":"","format":"standard","meta":{"footnotes":""},"categories":[2821],"tags":[1111,11,21361,3493,829,14123,1777,674,1011,27,848,5758,12,3086,584,25,5186],"class_list":{"0":"post-99217","1":"post","2":"type-post","3":"status-publish","4":"format-standard","5":"has-post-thumbnail","7":"category-rennes","8":"tag-actu","9":"tag-actualites","10":"tag-assistante","11":"tag-bebe","12":"tag-bretagne","13":"tag-condamnee","14":"tag-eu","15":"tag-europe","16":"tag-fr","17":"tag-france","18":"tag-ille-et-vilaine","19":"tag-maternelle","20":"tag-news","21":"tag-redon","22":"tag-rennes","23":"tag-republique-francaise","24":"tag-violente"},"share_on_mastodon":{"url":"https:\/\/pubeurope.com\/@fr\/114505930733760646","error":""},"_links":{"self":[{"href":"https:\/\/www.europesays.com\/fr\/wp-json\/wp\/v2\/posts\/99217","targetHints":{"allow":["GET"]}}],"collection":[{"href":"https:\/\/www.europesays.com\/fr\/wp-json\/wp\/v2\/posts"}],"about":[{"href":"https:\/\/www.europesays.com\/fr\/wp-json\/wp\/v2\/types\/post"}],"author":[{"embeddable":true,"href":"https:\/\/www.europesays.com\/fr\/wp-json\/wp\/v2\/users\/2"}],"replies":[{"embeddable":true,"href":"https:\/\/www.europesays.com\/fr\/wp-json\/wp\/v2\/comments?post=99217"}],"version-history":[{"count":0,"href":"https:\/\/www.europesays.com\/fr\/wp-json\/wp\/v2\/posts\/99217\/revisions"}],"wp:featuredmedia":[{"embeddable":true,"href":"https:\/\/www.europesays.com\/fr\/wp-json\/wp\/v2\/media\/99218"}],"wp:attachment":[{"href":"https:\/\/www.europesays.com\/fr\/wp-json\/wp\/v2\/media?parent=99217"}],"wp:term":[{"taxonomy":"category","embeddable":true,"href":"https:\/\/www.europesays.com\/fr\/wp-json\/wp\/v2\/categories?post=99217"},{"taxonomy":"post_tag","embeddable":true,"href":"https:\/\/www.europesays.com\/fr\/wp-json\/wp\/v2\/tags?post=99217"}],"curies":[{"name":"wp","href":"https:\/\/api.w.org\/{rel}","templated":true}]}}