{"id":99229,"date":"2025-05-14T11:28:10","date_gmt":"2025-05-14T11:28:10","guid":{"rendered":"https:\/\/www.europesays.com\/fr\/99229\/"},"modified":"2025-05-14T11:28:10","modified_gmt":"2025-05-14T11:28:10","slug":"une-etape-majeure-avant-la-reouverture-de-la-cathedrale-de-nantes","status":"publish","type":"post","link":"https:\/\/www.europesays.com\/fr\/99229\/","title":{"rendered":"Une \u00e9tape majeure avant la r\u00e9ouverture de la cath\u00e9drale de Nantes"},"content":{"rendered":"<p><a href=\"https:\/\/nantes.maville.com\/actu\/actudet_-cathedrale-de-nantes.-l-incendie-serait-criminel-%5Bphotos%5D_8-4190442_actu.Htm\" target=\"_self\" rel=\"noopener\">Les flammes l\u2019avaient ravag\u00e9e en 2020<\/a>. Cinq ans apr\u00e8s l\u2019incendie de la cath\u00e9drale Saint-Pierre-Saint-Paul de Nantes, <a href=\"https:\/\/nantes.maville.com\/actu\/actudet_-la-cathedrale-de-nantes-rouvrira-bien-fin-septembre-2025-mais-les-travaux-ne-seront-pas-finis-_8-6654291_actu.Htm\" target=\"_self\" rel=\"noopener\">les grands travaux se poursuivent<\/a>. Une nouvelle \u00e9tape a \u00e9t\u00e9 franchie, mercredi 14\u00a0mai 2025.<\/p>\n<p>Le d\u00e9montage de la derni\u00e8re clef de vo\u00fbte du bas-c\u00f4t\u00e9 de la nef marque une phase importante avant la r\u00e9ouverture restreinte de l\u2019\u00e9difice en septembre\u00a02025. \u00a0Cette d\u00e9pose spectaculaire permettra une restauration au sol de ces \u00e9l\u00e9ments\u00a0, pr\u00e9cise la pr\u00e9fecture de Loire-Atlantique dans un communiqu\u00e9.<\/p>\n<p>\t<img decoding=\"async\" src=\"https:\/\/www.europesays.com\/fr\/wp-content\/uploads\/2025\/05\/P35227279D6807022G_px_640_.jpg\" alt=\"photo le chantier en cours.  \u00a9  po-sp\" width=\"640\" title=\" Le chantier en cours.   PO-SP \"\/><\/p>\n<p class=\"elmt-legende\"> Le chantier en cours.   PO-SP <\/p>\n<p>\u00ab\u00a0\u00c9tape importante\u00a0\u00bb<\/p>\n<p>Celle-ci se d\u00e9roule alors qu\u2019une \u00a0\u00e9tape importante du chantier de restauration des r\u00e9seaux (\u00e9lectricit\u00e9, s\u00fbret\u00e9, s\u00e9curit\u00e9, \u00e9clairage) est sur le point de s\u2019achever\u00a0.<\/p>\n<p><strong>\u00c0 LIRE AUSSI.<\/strong>\u00a0<a href=\"https:\/\/nantes.maville.com\/actu\/actudet_-mort-du-pape-francois.-ces-nantais-avaient-rencontre-le-pape-il-debordait-de-bonte-_8-6774650_actu.Htm\" target=\"_self\" rel=\"noopener\">Mort du pape Fran\u00e7ois. Ces Nantais avaient rencontr\u00e9 le pape\u00a0: \u00ab\u00a0Il d\u00e9bordait de bont\u00e9\u00a0\u00bb<\/a><\/p>\n<p>Une visite de presse \u00e9tait organis\u00e9e, \u00e0 9\u00a0h\u00a030, pour \u00a0d\u00e9couvrir l\u2019ampleur des travaux engag\u00e9s\u00a0 et particuli\u00e8rement \u00a0la fin du chantier de ch\u0153ur\u00a0. L\u2019architecte en chef des monuments historiques Pascal Prunet est pr\u00e9sent pour conduire cette visite.<\/p>\n<p>\u00a0<\/p>\n","protected":false},"excerpt":{"rendered":"Les flammes l\u2019avaient ravag\u00e9e en 2020. Cinq ans apr\u00e8s l\u2019incendie de la cath\u00e9drale Saint-Pierre-Saint-Paul de Nantes, les grands&hellip;\n","protected":false},"author":2,"featured_media":99230,"comment_status":"","ping_status":"","sticky":false,"template":"","format":"standard","meta":{"footnotes":""},"categories":[2818],"tags":[1111,11,13601,20173,1777,674,1011,27,21362,766,12,2636,13979,25,6689,9693],"class_list":{"0":"post-99229","1":"post","2":"type-post","3":"status-publish","4":"format-standard","5":"has-post-thumbnail","7":"category-nantes","8":"tag-actu","9":"tag-actualites","10":"tag-cathedrale","11":"tag-etape","12":"tag-eu","13":"tag-europe","14":"tag-fr","15":"tag-france","16":"tag-majeure","17":"tag-nantes","18":"tag-news","19":"tag-pays-de-la-loire","20":"tag-reouverture","21":"tag-republique-francaise","22":"tag-roche","23":"tag-yon"},"share_on_mastodon":{"url":"https:\/\/pubeurope.com\/@fr\/114505954418217304","error":""},"_links":{"self":[{"href":"https:\/\/www.europesays.com\/fr\/wp-json\/wp\/v2\/posts\/99229","targetHints":{"allow":["GET"]}}],"collection":[{"href":"https:\/\/www.europesays.com\/fr\/wp-json\/wp\/v2\/posts"}],"about":[{"href":"https:\/\/www.europesays.com\/fr\/wp-json\/wp\/v2\/types\/post"}],"author":[{"embeddable":true,"href":"https:\/\/www.europesays.com\/fr\/wp-json\/wp\/v2\/users\/2"}],"replies":[{"embeddable":true,"href":"https:\/\/www.europesays.com\/fr\/wp-json\/wp\/v2\/comments?post=99229"}],"version-history":[{"count":0,"href":"https:\/\/www.europesays.com\/fr\/wp-json\/wp\/v2\/posts\/99229\/revisions"}],"wp:featuredmedia":[{"embeddable":true,"href":"https:\/\/www.europesays.com\/fr\/wp-json\/wp\/v2\/media\/99230"}],"wp:attachment":[{"href":"https:\/\/www.europesays.com\/fr\/wp-json\/wp\/v2\/media?parent=99229"}],"wp:term":[{"taxonomy":"category","embeddable":true,"href":"https:\/\/www.europesays.com\/fr\/wp-json\/wp\/v2\/categories?post=99229"},{"taxonomy":"post_tag","embeddable":true,"href":"https:\/\/www.europesays.com\/fr\/wp-json\/wp\/v2\/tags?post=99229"}],"curies":[{"name":"wp","href":"https:\/\/api.w.org\/{rel}","templated":true}]}}