{"id":99231,"date":"2025-05-14T11:29:30","date_gmt":"2025-05-14T11:29:30","guid":{"rendered":"https:\/\/www.europesays.com\/fr\/99231\/"},"modified":"2025-05-14T11:29:30","modified_gmt":"2025-05-14T11:29:30","slug":"nantes-se-met-au-vert-dans-le-morbihan-france-fc-nantes","status":"publish","type":"post","link":"https:\/\/www.europesays.com\/fr\/99231\/","title":{"rendered":"Nantes se met au vert dans le Morbihan &#8211; France &#8211; FC Nantes"},"content":{"rendered":"<p>Qu\u2019est-ce qui est jaune et qui se met au vert ?<\/p>\n<p>La semaine derni\u00e8re, <strong>le FC Nantes avait pris la d\u00e9cision de mettre au vert son effectif.<\/strong> Mais <a target=\"_blank\" href=\"https:\/\/www.sofoot.com\/articles\/la-mise-au-vert-de-lom-de-roberto-de-zerbi-bonne-ou-mauvaise-chose\" rel=\"nofollow noopener\">les Canaris n\u2019ont pas les m\u00eames moyens que l\u2019Olympique de Marseille<\/a>, et ne peuvent donc pas se permettre de partir dans un autre pays. <strong>Alors ils \u00e9taient all\u00e9s pas loin de chez eux, dans le Morbihan.<\/strong><\/p>\n<p><strong>Les Nantais avaient r\u00e9ussi, samedi dernier, \u00e0 ramener un point de leur d\u00e9placement \u00e0 Auxerre.<\/strong> Une mise au vert plut\u00f4t gagnante, qui a pouss\u00e9 les dirigeants \u00e0 renvoyer l\u2019effectif humer le m\u00eame air que Lorient, champion de Ligue 2, selon les informations publi\u00e9es sur X par un jounaliste d\u2019Ouest France.<\/p>\n<blockquote class=\"twitter-tweet\">\n<p lang=\"fr\" dir=\"ltr\">Finalement, \u00e7a sera une mise au vert (comme la semaine derni\u00e8re) \u00e0 partir du jeudi apr\u00e8s-midi vraisemblablement (c\u00f4te atlantique). A la base, le <a target=\"_blank\" href=\"https:\/\/twitter.com\/hashtag\/FCNantes?src=hash&amp;ref_src=twsrc%5Etfw\" rel=\"nofollow noopener\">#FCNantes<\/a> voulait partir une grande partie de la semaine en stage&#8230; <a target=\"_blank\" href=\"https:\/\/t.co\/ijRAhKa5Pl\" rel=\"nofollow\">https:\/\/t.co\/ijRAhKa5Pl<\/a><\/p>\n<p>\u2014 David Phelippeau (@dphelippeau) <a target=\"_blank\" href=\"https:\/\/twitter.com\/dphelippeau\/status\/1921973849668694436?ref_src=twsrc%5Etfw\" rel=\"nofollow noopener\">May 12, 2025<\/a><\/p><\/blockquote>\n<p>Un match crucial contre Montpellier<\/p>\n<p>Toujours pas assur\u00e9 d\u2019\u00eatre maintenu en premi\u00e8re division, <strong>le FC Nantes tente le tout pour le tout.<\/strong> Les Canaris re\u00e7oivent Montpellier, d\u00e9j\u00e0 rel\u00e9gu\u00e9, samedi 17 mai \u00e0 21 heures. <strong>Un match d\u2019une importance capitale pour l\u2019\u00e9quipe d\u2019Antoine Kombouare, qui reste sur une s\u00e9rie de cinq matchs sans victoire.<\/strong> En cas de succ\u00e8s \u00e0 La Beaujoire, <strong>Nantes est assur\u00e9 de se maintenir.<\/strong><\/p>\n<p>En esp\u00e9rant que les Canaris soient bien remplum\u00e9s.<\/p>\n<p>\t\t\t\t\t\t\t\t\t\t<a class=\"lien-connexe\" href=\"https:\/\/www.sofoot.com\/breves\/alban-lafont-se-regale-avec-la-reserve-du-fc-nantes-en-national-3\" rel=\"nofollow noopener\" target=\"_blank\">Alban Lafont se r\u00e9gale avec la r\u00e9serve du FC Nantes en National 3<\/a>\t\t\t\t\t<script async src=\"https:\/\/platform.twitter.com\/widgets.js\" charset=\"utf-8\"><\/script><\/p>\n","protected":false},"excerpt":{"rendered":"Qu\u2019est-ce qui est jaune et qui se met au vert ? La semaine derni\u00e8re, le FC Nantes avait&hellip;\n","protected":false},"author":2,"featured_media":99232,"comment_status":"","ping_status":"","sticky":false,"template":"","format":"standard","meta":{"footnotes":""},"categories":[2818],"tags":[1111,47,11,61,69,65,64,1777,674,63,1011,27,68,66,766,12,62,2636,70,25,67],"class_list":{"0":"post-99231","1":"post","2":"type-post","3":"status-publish","4":"format-standard","5":"has-post-thumbnail","7":"category-nantes","8":"tag-actu","9":"tag-actualite","10":"tag-actualites","11":"tag-actus-football","12":"tag-bundesliga","13":"tag-championnats-europeens","14":"tag-equipe-de-france","15":"tag-eu","16":"tag-europe","17":"tag-football","18":"tag-fr","19":"tag-france","20":"tag-ligua","21":"tag-ligue-1","22":"tag-nantes","23":"tag-news","24":"tag-news-foot","25":"tag-pays-de-la-loire","26":"tag-premier-league","27":"tag-republique-francaise","28":"tag-serie-a"},"share_on_mastodon":{"url":"https:\/\/pubeurope.com\/@fr\/114505958540134836","error":""},"_links":{"self":[{"href":"https:\/\/www.europesays.com\/fr\/wp-json\/wp\/v2\/posts\/99231","targetHints":{"allow":["GET"]}}],"collection":[{"href":"https:\/\/www.europesays.com\/fr\/wp-json\/wp\/v2\/posts"}],"about":[{"href":"https:\/\/www.europesays.com\/fr\/wp-json\/wp\/v2\/types\/post"}],"author":[{"embeddable":true,"href":"https:\/\/www.europesays.com\/fr\/wp-json\/wp\/v2\/users\/2"}],"replies":[{"embeddable":true,"href":"https:\/\/www.europesays.com\/fr\/wp-json\/wp\/v2\/comments?post=99231"}],"version-history":[{"count":0,"href":"https:\/\/www.europesays.com\/fr\/wp-json\/wp\/v2\/posts\/99231\/revisions"}],"wp:featuredmedia":[{"embeddable":true,"href":"https:\/\/www.europesays.com\/fr\/wp-json\/wp\/v2\/media\/99232"}],"wp:attachment":[{"href":"https:\/\/www.europesays.com\/fr\/wp-json\/wp\/v2\/media?parent=99231"}],"wp:term":[{"taxonomy":"category","embeddable":true,"href":"https:\/\/www.europesays.com\/fr\/wp-json\/wp\/v2\/categories?post=99231"},{"taxonomy":"post_tag","embeddable":true,"href":"https:\/\/www.europesays.com\/fr\/wp-json\/wp\/v2\/tags?post=99231"}],"curies":[{"name":"wp","href":"https:\/\/api.w.org\/{rel}","templated":true}]}}