{"id":992349,"date":"2026-06-11T05:57:17","date_gmt":"2026-06-11T05:57:17","guid":{"rendered":"https:\/\/www.europesays.com\/fr\/992349\/"},"modified":"2026-06-11T05:57:17","modified_gmt":"2026-06-11T05:57:17","slug":"strasbourg-un-militant-pro-palestinien-perquisitionne-par-lantiterrorisme-pour-des-publications-sur-facebook","status":"publish","type":"post","link":"https:\/\/www.europesays.com\/fr\/992349\/","title":{"rendered":"Strasbourg : un militant pro-palestinien perquisitionn\u00e9 par l&rsquo;antiterrorisme pour des publications sur Facebook"},"content":{"rendered":"<p><strong>\u00abPar chance, j\u2019\u00e9tais r\u00e9veill\u00e9, donc ils n\u2019ont pas d\u00e9fonc\u00e9 ma porte, mais ils ont d\u00e9fonc\u00e9 celle de certains de mes colocataires\u00bb<\/strong><\/p>\n<p><img fetchpriority=\"high\" decoding=\"async\" width=\"814\" height=\"1024\" src=\"https:\/\/www.europesays.com\/fr\/wp-content\/uploads\/2026\/06\/721880368_1427003362803482_3186050115674359402_n-814x1024.jpg\" alt=\"Gabriel crie son soutien \u00e0 la Palestine dans un m\u00e9gaphone : il a \u00e9t\u00e9 perquisitionn\u00e9 par la police anti-terroriste pour avoir d\u00e9nonc\u00e9 un g\u00e9nocide.\" class=\"wp-image-100603\"  \/><\/p>\n<p>La fuite en avant r\u00e9pressive et autoritaire est sans fin. Tout ce qui devrait incarner la vitalit\u00e9 de la vie d\u00e9mocratique s\u2019efface : les oppositions sont attaqu\u00e9es sans sommation, les contre-pouvoirs sont dissous, le suffrage des urnes n\u2019est m\u00eame plus respect\u00e9 par nos dirigeants. M\u00eame d\u00e9noncer un g\u00e9nocide n\u2019est plus autoris\u00e9\u2026 Le mirage r\u00e9publicain s\u2019effondre. Deux mandats successifs de Macron auront r\u00e9ussi \u00e0 mettre sur un pi\u00e9destal l\u2019av\u00e8nement d\u2019une soci\u00e9t\u00e9 m\u00fbre pour le fascisme.<\/p>\n<p>Le 1er juin 2026 \u00e0 Strasbourg. Huit policiers cagoul\u00e9s et arm\u00e9s sonnent au domicile de Gabriel Cardoen, la trentaine, et militant communiste. Parmi les agents, il apprend que quatre d\u2019entre-eux font partie de la brigade anti-terroriste lors de la perquisition. C\u2019est la stupeur. Les fonctionnaires fouillent dans l\u2019appartement, passent en revue ses appareils \u00e9lectroniques, ses r\u00e9seaux sociaux et ses conversations, s\u2019int\u00e9ressent \u00e0 ses lectures. Les pandores prennent des images des livres anticapitalistes, f\u00e9ministes ou sur le fascisme pr\u00e9sents dans sa biblioth\u00e8que\u2026 Gabriel est arr\u00eat\u00e9 et passera plus de 35 heures en garde \u00e0 vue.<\/p>\n<p>Mais qu\u2019est-ce qui justifie aux yeux des autorit\u00e9s une telle op\u00e9ration avec l\u2019appui de l\u2019antiterrorisme contre l\u2019homme de 33 ans ? Quelques publications pro-palestiniennes sur Facebook. Il lui est reproch\u00e9 p\u00eale-m\u00eale des posts o\u00f9 il supporte la lib\u00e9ration de la Palestine ou d\u2019avoir appel\u00e9 \u00e0 des manifestations de soutien \u00e0 Georges Ibrahim Abdallah, militant communiste libanais, d\u00e9fenseur de la cause palestinienne emprisonn\u00e9 en France durant 41 ans.<\/p>\n<p>\u00c0 sa sortie de ge\u00f4le, Gabriel confiera au m\u00e9dia Blast que ce d\u00e9ploiement r\u00e9pressif fait suite \u00e0 une plainte d\u00e9pos\u00e9e par le CRIF \u2013 le Conseil repr\u00e9sentatif des institutions juives de France : \u00abLes seuls \u00e9l\u00e9ments retenus contre moi sont ceux de cette plainte\u00bb. Le CRIF n\u2019est pas une organisation neutre. Elle est le relais du r\u00e9gime colonial isra\u00e9lien.<\/p>\n<p>Pourtant, historiquement, le CRIF fut cr\u00e9\u00e9 en 1944 dans le sillage de la r\u00e9sistance antifasciste et des r\u00e9seaux de d\u00e9fense juive. Ce conseil se voulait pluriel, regroupant des juifs de diff\u00e9rentes sensibilit\u00e9s politiques, unis dans la lutte contre le fascisme et l\u2019antis\u00e9mitisme. Le conseil est devenu l\u2019officine de l\u2019extr\u00eame droite isra\u00e9lienne, il organise des d\u00eeners mondains avec des propagandistes sionistes, des membres du gouvernement, s\u2019acoquine avec le Rassemblement National. De la lutte contre l\u2019antis\u00e9mitisme aux amis de la colonisation et des crimes de Guerre commis en Palestine. Le CRIF m\u00e8ne une guerre d\u2019usure aux personnes qui s\u2019opposent \u00e0 Isra\u00ebl.<\/p>\n<p>Gabriel en est une des victimes parmi d\u2019autres. Il avait d\u00e9j\u00e0 subi une tentative d\u2019intimidation, en juillet 2025. Des individus avaient tagu\u00e9 sur le bas de son immeuble \u00abbureau du Hamas\u00bb et \u00abfuck Palestine\u00bb lorsque celui-ci affichait son soutien \u00e0 la Palestine avec une banderole accroch\u00e9e \u00e0 son balcon.<\/p>\n<p>Ce nouvel exemple n\u2019est pas isol\u00e9. Depuis l\u2019automne 2023, des syndicalistes, des d\u00e9put\u00e9s LFI et des anonymes qui r\u00e9sistent aux r\u00e9gimes sionistes sont harcel\u00e9s. Rima Hassan, Mathilde Panot ou Anasse Kazib ont tous \u00e9t\u00e9 <a href=\"https:\/\/contre-attaque.net\/2024\/11\/30\/abolir-le-delit-dapologie-du-terrorisme\/\" rel=\"nofollow noopener\" target=\"_blank\">poursuivis pour \u00abapologie du terrorisme\u00bb<\/a>, cuisin\u00e9s dans les commissariats et salis par les soutiens inconditionnels d\u2019Isra\u00ebl. Des proc\u00e9dures qui s\u2019accompagnent d\u2019interdictions de manifestations, de conf\u00e9rences pro-palestiniennes sur les campus universitaires, de g\u00e9n\u00e9ralisation de l\u2019antiterrorisme. La loi Yadan, qui veut criminaliser l\u2019anti-sionisme, <a href=\"https:\/\/contre-attaque.net\/2026\/04\/17\/reculer-pour-mieux-sauter-le-gouvernement-enterre-la-loi-yadan-mais-veut-repasser-une-copie-en-juin\/\" rel=\"nofollow noopener\" target=\"_blank\">n\u2019a pas \u00e9t\u00e9 vot\u00e9e mais elle est d\u00e9j\u00e0 appliqu\u00e9e dans les faits<\/a>.<\/p>\n<p>Gabriel ironise aupr\u00e8s du journaliste de Blast : \u00abPar chance, j\u2019\u00e9tais r\u00e9veill\u00e9, donc ils n\u2019ont pas d\u00e9fonc\u00e9 ma porte, mais ils ont d\u00e9fonc\u00e9 celle de certains de mes colocataires\u00bb. Le militant sera jug\u00e9 le 19 octobre prochain pour \u00abapologie du terrorisme\u00bb, alors que c\u2019est bien lui qui a \u00e9t\u00e9 cibl\u00e9 par la terreur d\u2019\u00c9tat.<\/p>\n<p><strong>SOUTENEZ CONTRE ATTAQUE<\/strong><\/p>\n<p class=\"has-text-align-center\">Depuis 2012, nous vous offrons une information de qualit\u00e9, libre et gratuite. Pour continuer ce travail essentiel nous avons besoin de votre aide : chaque euro compte !<\/p>\n<p class=\"has-text-align-center\">Tous les 15 jours recevez nos derni\u00e8res actualit\u00e9s et bien plus directement sur votre adresse mail en vous inscrivant \u00e0 la newsletter de Contre Attaque.<\/p>\n","protected":false},"excerpt":{"rendered":"\u00abPar chance, j\u2019\u00e9tais r\u00e9veill\u00e9, donc ils n\u2019ont pas d\u00e9fonc\u00e9 ma porte, mais ils ont d\u00e9fonc\u00e9 celle de certains&hellip;\n","protected":false},"author":2,"featured_media":992350,"comment_status":"","ping_status":"","sticky":false,"template":"","format":"standard","meta":{"footnotes":"","_share_on_mastodon":"0"},"categories":[2820],"tags":[1111,11,4181,9205,1777,674,1011,27,775,12,3518,25,640],"class_list":["post-992349","post","type-post","status-publish","format-standard","has-post-thumbnail","category-strasbourg","tag-actu","tag-actualites","tag-antiterrorisme","tag-apologie-du-terrorisme","tag-eu","tag-europe","tag-fr","tag-france","tag-grand-est","tag-news","tag-palestine","tag-republique-francaise","tag-strasbourg"],"share_on_mastodon":{"url":"https:\/\/pubeurope.com\/@fr\/116729942439261636","error":""},"_links":{"self":[{"href":"https:\/\/www.europesays.com\/fr\/wp-json\/wp\/v2\/posts\/992349","targetHints":{"allow":["GET"]}}],"collection":[{"href":"https:\/\/www.europesays.com\/fr\/wp-json\/wp\/v2\/posts"}],"about":[{"href":"https:\/\/www.europesays.com\/fr\/wp-json\/wp\/v2\/types\/post"}],"author":[{"embeddable":true,"href":"https:\/\/www.europesays.com\/fr\/wp-json\/wp\/v2\/users\/2"}],"replies":[{"embeddable":true,"href":"https:\/\/www.europesays.com\/fr\/wp-json\/wp\/v2\/comments?post=992349"}],"version-history":[{"count":0,"href":"https:\/\/www.europesays.com\/fr\/wp-json\/wp\/v2\/posts\/992349\/revisions"}],"wp:featuredmedia":[{"embeddable":true,"href":"https:\/\/www.europesays.com\/fr\/wp-json\/wp\/v2\/media\/992350"}],"wp:attachment":[{"href":"https:\/\/www.europesays.com\/fr\/wp-json\/wp\/v2\/media?parent=992349"}],"wp:term":[{"taxonomy":"category","embeddable":true,"href":"https:\/\/www.europesays.com\/fr\/wp-json\/wp\/v2\/categories?post=992349"},{"taxonomy":"post_tag","embeddable":true,"href":"https:\/\/www.europesays.com\/fr\/wp-json\/wp\/v2\/tags?post=992349"}],"curies":[{"name":"wp","href":"https:\/\/api.w.org\/{rel}","templated":true}]}}