{"id":99235,"date":"2025-05-14T11:31:14","date_gmt":"2025-05-14T11:31:14","guid":{"rendered":"https:\/\/www.europesays.com\/fr\/99235\/"},"modified":"2025-05-14T11:31:14","modified_gmt":"2025-05-14T11:31:14","slug":"la-taxe-qui-augmente-le-tarif-de-stationnement-des-suv-est-entree-en-vigueur","status":"publish","type":"post","link":"https:\/\/www.europesays.com\/fr\/99235\/","title":{"rendered":"la taxe qui augmente le tarif de stationnement des SUV est entr\u00e9e en vigueur"},"content":{"rendered":"<p>La maire \u00e9cologiste de Bordeaux assume cette mesure, entr\u00e9e en vigueur ce mardi, qui permet de taxer les plus gros v\u00e9hicules jug\u00e9s \u00abplus polluants et plus imposants\u00bb.<\/p>\n<p class=\"fig-paragraph\">Seuls les professionnels en sont exempt\u00e9s. \u00c0\u00a0<a href=\"http:\/\/www.lefigaro.fr\/bordeaux\/immobilier-a-bordeaux-la-grande-maison-de-bernard-magrez-est-en-vente-pour-plus-de-6-millions-d-euros-20250513\" data-fig-type=\"NewsFlash\" data-gtm-custom-categorie=\"navigation\" data-gtm-custom-action=\"crossclick\" data-gtm-custom-label=\"Contextuel\" data-gtm-event=\"customEventSPE\" data-fig-domain=\"LEFIGARO\" target=\"_blank\" rel=\"noopener\">Bordeaux<\/a>, rouler dans une tr\u00e8s grosse voiture a un prix depuis ce mardi. D\u00e9sormais, les\u00a0<a href=\"http:\/\/www.lefigaro.fr\/automobile\/standing-en-hausse-sept-sieges-le-tayron-nouveau-suv-familial-de-volkswagen-20250414\" data-fig-type=\"Article\" data-gtm-custom-categorie=\"navigation\" data-gtm-custom-action=\"crossclick\" data-gtm-custom-label=\"Contextuel\" data-gtm-event=\"customEventSPE\" data-fig-domain=\"LEFIGARO\" target=\"_blank\" rel=\"noopener\">propri\u00e9taires de SUV<\/a>\u00a0se voient imposer un tarif de\u00a0<a href=\"http:\/\/www.lefigaro.fr\/actualite-france\/pour-ou-contre-les-suv-a-paris-six-questions-pour-tout-comprendre-a-la-votation-citoyenne-20240203\" data-fig-type=\"Article\" data-gtm-custom-categorie=\"navigation\" data-gtm-custom-action=\"crossclick\" data-gtm-custom-label=\"Contextuel\" data-gtm-event=\"customEventSPE\" data-fig-domain=\"LEFIGARO\" target=\"_blank\" rel=\"noopener\">stationnement major\u00e9<\/a>\u00a0de 30% en raison de leur \u00abimpact \u00e9cologique plus fort\u00bb car leurs v\u00e9hicules sont \u00abmoins respectueux de l\u2019environnement\u00bb.<\/p>\n<p class=\"fig-paragraph\">Pour justifier de cette incitation punitive \u00e0 la d\u00e9croissance, la mairie \u00e9cologiste de Bordeaux explique que ces v\u00e9hicules plus lourds \u00abconsomment davantage de ressources, g\u00e9n\u00e8rent plus de pollution\u00bb et que leur \u00abpoids acc\u00e9l\u00e8re la d\u00e9gradation des routes et des trottoirs avec des co\u00fbts suppl\u00e9mentaires pour la collectivit\u00e9\u00bb. Autre argument de la maire \u00e9cologiste\u00a0: \u00abUn pi\u00e9ton a jusqu\u2019\u00e0 deux fois plus de risques d\u2019\u00eatre tu\u00e9 en cas de collision avec un SUV par rapport \u00e0 une voiture standard.\u00bb<\/p>\n<p>Haro sur les \u00abSUV polluants\u00bb<\/p>\n<p class=\"fig-paragraph\">En coh\u00e9rence avec son programme de campagne, la mairie de Bordeaux assume cette \u00abmesure \u00e9colo qui va tous nous faire du bien\u00bb et estime qu\u2019il faut \u00abavancer sur le sujet\u00bb. \u00abL\u2019id\u00e9e, c\u2019est de montrer aux r\u00e9sidents de l\u2019hyper centre que chacun a le droit de faire ce qu\u2019il veut, mais en responsabilit\u00e9. Les sp\u00e9cialistes nous \u00e9voquent le d\u00e9r\u00e8glement climatique, donc nous sommes dans l\u2019action. On ne pourra pas nous reprocher d\u2019avoir rien fait\u00bb, pr\u00e9cise Didier Jeanjean, adjoint au maire charg\u00e9 de la nature en ville et des quartiers apais\u00e9s.<\/p>\n<p class=\"fig-paragraph\">Ainsi, le propri\u00e9taire d\u2019un v\u00e9hicule thermique de plus d\u20191,6 tonne et celui d\u2019une voiture hybride ou \u00e9lectrique de plus de 1,9 tonne devront d\u00e9sormais passer \u00e0 la caisse pour ce choix. Un barom\u00e8tre qui, pour exemple, ne p\u00e9nalise pas la voiture familiale par excellence\u00a0: le Renault Trafic Combi III (9 places) qui p\u00e8se 1,8 tonne \u00e0 vide. Et Didier Jeanjean de conclure\u00a0: \u00abJe ne juge pas les propri\u00e9taires de SUV, comme je ne juge pas ceux qui utilisent encore du gel douche au lieu d\u2019avoir du savon. Chacun prend le temps dont il a besoin pour avancer. Mais nous ne pouvons pas avoir des grands discours sans aucune action.\u00bb<\/p>\n","protected":false},"excerpt":{"rendered":"La maire \u00e9cologiste de Bordeaux assume cette mesure, entr\u00e9e en vigueur ce mardi, qui permet de taxer les&hellip;\n","protected":false},"author":2,"featured_media":99236,"comment_status":"","ping_status":"","sticky":false,"template":"","format":"standard","meta":{"footnotes":""},"categories":[2817],"tags":[1111,11,1997,2916,2911,2910,2915,2909,2904,2913,2912,2914,2906,2907,1777,674,1011,27,2905,2908,7372,12,2219,25],"class_list":{"0":"post-99235","1":"post","2":"type-post","3":"status-publish","4":"format-standard","5":"has-post-thumbnail","7":"category-bordeaux","8":"tag-actu","9":"tag-actualites","10":"tag-bordeaux","11":"tag-bordeaux-cauderan","12":"tag-bordeaux-centre-ville","13":"tag-bordeaux-chartrons-grand-parc-jardin-public","14":"tag-bordeaux-la-bastide","15":"tag-bordeaux-maritime","16":"tag-bordeaux-metropole","17":"tag-bordeaux-nansouty-st-genes","18":"tag-bordeaux-st-augustin-tauzin-alphonse-dupeux","19":"tag-bordeaux-sud","20":"tag-capitale-de-gaule","21":"tag-cathedrale-gothique-de-saint-andre","22":"tag-eu","23":"tag-europe","24":"tag-fr","25":"tag-france","26":"tag-gironde","27":"tag-girondins-de-bordeaux","28":"tag-mairie-de-bordeaux","29":"tag-news","30":"tag-nouvelle-aquitaine","31":"tag-republique-francaise"},"share_on_mastodon":{"url":"","error":"Validation failed: Text character limit of 500 exceeded"},"_links":{"self":[{"href":"https:\/\/www.europesays.com\/fr\/wp-json\/wp\/v2\/posts\/99235","targetHints":{"allow":["GET"]}}],"collection":[{"href":"https:\/\/www.europesays.com\/fr\/wp-json\/wp\/v2\/posts"}],"about":[{"href":"https:\/\/www.europesays.com\/fr\/wp-json\/wp\/v2\/types\/post"}],"author":[{"embeddable":true,"href":"https:\/\/www.europesays.com\/fr\/wp-json\/wp\/v2\/users\/2"}],"replies":[{"embeddable":true,"href":"https:\/\/www.europesays.com\/fr\/wp-json\/wp\/v2\/comments?post=99235"}],"version-history":[{"count":0,"href":"https:\/\/www.europesays.com\/fr\/wp-json\/wp\/v2\/posts\/99235\/revisions"}],"wp:featuredmedia":[{"embeddable":true,"href":"https:\/\/www.europesays.com\/fr\/wp-json\/wp\/v2\/media\/99236"}],"wp:attachment":[{"href":"https:\/\/www.europesays.com\/fr\/wp-json\/wp\/v2\/media?parent=99235"}],"wp:term":[{"taxonomy":"category","embeddable":true,"href":"https:\/\/www.europesays.com\/fr\/wp-json\/wp\/v2\/categories?post=99235"},{"taxonomy":"post_tag","embeddable":true,"href":"https:\/\/www.europesays.com\/fr\/wp-json\/wp\/v2\/tags?post=99235"}],"curies":[{"name":"wp","href":"https:\/\/api.w.org\/{rel}","templated":true}]}}