{"id":99247,"date":"2025-05-14T11:37:11","date_gmt":"2025-05-14T11:37:11","guid":{"rendered":"https:\/\/www.europesays.com\/fr\/99247\/"},"modified":"2025-05-14T11:37:11","modified_gmt":"2025-05-14T11:37:11","slug":"renaud-muselier-pret-a-soutenir-martine-vassal-en-cas-de-candidature","status":"publish","type":"post","link":"https:\/\/www.europesays.com\/fr\/99247\/","title":{"rendered":"Renaud Muselier pr\u00eat \u00e0 soutenir Martine Vassal en cas de candidature"},"content":{"rendered":"<p>Dans un entretien accord\u00e9 \u00e0 nos confr\u00e8res de Public S\u00e9nat, le pr\u00e9sident de la r\u00e9gion Provence-Alpes-C\u00f4te d\u2019Azur s\u2019est dit pr\u00eat \u00e0 soutenir la pr\u00e9sidente de la m\u00e9tropole d\u2019Aix-Marseille en cas de candidature aux prochaines \u00e9lections municipales.<\/p>\n<p class=\"fig-paragraph\">\u00c0 moins d\u2019un an des \u00e9lections municipales \u00e0 Marseille, alors que la droite se cherche encore une personnalit\u00e9 pour incarner une candidature,<a href=\"http:\/\/www.lefigaro.fr\/marseille\/renaud-muselier-maintient-finalement-le-port-de-l-uniforme-dans-deux-lycees-de-paca-20250423\" data-fig-type=\"NewsFlash\" data-gtm-custom-categorie=\"navigation\" data-gtm-custom-action=\"crossclick\" data-gtm-custom-label=\"Contextuel\" data-gtm-event=\"customEventSPE\" data-fig-domain=\"LEFIGARO\" target=\"_blank\" rel=\"noopener\">\u00a0Renaud Muselier\u00a0<\/a>affirme avoir fait son choix. \u00ab\u00c0 mon avis, je pense qu\u2019il le faut le faire derri\u00e8re\u00a0<a href=\"http:\/\/www.lefigaro.fr\/marseille\/martine-vassal-au-figaro-si-benoit-payan-veut-de-nouveaux-transports-en-commun-a-marseille-qu-il-me-dise-ou-20240316\" data-fig-type=\"NewsFlash\" data-gtm-custom-categorie=\"navigation\" data-gtm-custom-action=\"crossclick\" data-gtm-custom-label=\"Contextuel\" data-gtm-event=\"customEventSPE\" data-fig-domain=\"LEFIGARO\" target=\"_blank\" rel=\"noopener\">Martine Vassal<\/a> \u00bb, indique le pr\u00e9sident de la r\u00e9gion Provence-Alpes-C\u00f4te d\u2019Azur lors d\u2019une interview accord\u00e9e \u00e0\u00a0<a href=\"https:\/\/www.publicsenat.fr\/emission\/bonjour-chez-vous\/renaud-muselier-le-debat-est-necessaire-je-suis-plutot-pour-le-referendum-e0\" target=\"_blank\" rel=\"nofollow noopener\" data-gtm-custom-categorie=\"navigation\" data-gtm-custom-action=\"crossclick\" data-gtm-custom-label=\"Contextuel\" data-gtm-event=\"customEventSPE\">Public S\u00e9nat<\/a>.<\/p>\n<p class=\"fig-paragraph\">Apr\u00e8s avoir r\u00eav\u00e9 pendant des ann\u00e9es d\u2019occuper le fauteuil de maire de la deuxi\u00e8me ville de France, Renaud Muselier explique soutenir Martine Vassal \u00abparce qu\u2019il n\u2019est pas candidat\u00bb \u00ab \u00abJe suis \u00e0 la r\u00e9gion. J\u2019ai les Jeux olympiques \u00e0 organiser. Mais je veux reprendre la ville\u00bb, explique-t-il.<\/p>\n<p>Opposante de Payan au conseil municipal<\/p>\n<p class=\"fig-paragraph\">\u00abMartine Vassal incarne l\u2019opposition \u00e0 Beno\u00eet Payan au sein du conseil municipal, ce que je ne fais pas moi\u00bb, souligne Renaud Muselier. \u00abMais il y en a d\u2019autres aussi. Il y a une g\u00e9n\u00e9ration qui arrive\u00bb, insiste-t-il, citant par exemple son directeur de cabinet et cofondateur du mouvement Une g\u00e9n\u00e9ration pour Marseille Romain Simarrano.<\/p>\n<p class=\"fig-paragraph\">Dans cette interview, Renaud Muselier r\u00e9affirme son souhait de voir un candidat se profiler \u00e0 droite le plus t\u00f4t possible, tout en d\u00e9plorant que la loi\u00a0<a href=\"http:\/\/www.lefigaro.fr\/politique\/reforme-de-la-loi-plm-la-droite-parisienne-alerte-francois-bayrou-sur-l-absence-de-consensus-20250307\" data-fig-type=\"Article\" data-gtm-custom-categorie=\"navigation\" data-gtm-custom-action=\"crossclick\" data-gtm-custom-label=\"Contextuel\" data-gtm-event=\"customEventSPE\" data-fig-domain=\"LEFIGARO\" target=\"_blank\" rel=\"noopener\">PLM\u00a0<\/a>puisse \u00eatre bient\u00f4t modifi\u00e9e \u00e0 quelques mois du scrutin.<\/p>\n","protected":false},"excerpt":{"rendered":"Dans un entretien accord\u00e9 \u00e0 nos confr\u00e8res de Public S\u00e9nat, le pr\u00e9sident de la r\u00e9gion Provence-Alpes-C\u00f4te d\u2019Azur s\u2019est&hellip;\n","protected":false},"author":2,"featured_media":99248,"comment_status":"","ping_status":"","sticky":false,"template":"","format":"standard","meta":{"footnotes":""},"categories":[2814],"tags":[1111,11,885,1182,1180,1181,1777,674,1011,27,1184,1185,884,21363,3554,12,1177,1176,149,1186,882,6697,25,1178,1183,1179],"class_list":{"0":"post-99247","1":"post","2":"type-post","3":"status-publish","4":"format-standard","5":"has-post-thumbnail","7":"category-marseille","8":"tag-actu","9":"tag-actualites","10":"tag-bouches-du-rhone","11":"tag-calanques","12":"tag-canebiere","13":"tag-cite-phoceenne","14":"tag-eu","15":"tag-europe","16":"tag-fr","17":"tag-france","18":"tag-la-timone","19":"tag-les-baumettes-mediterranee","20":"tag-marseille","21":"tag-martine-vassal","22":"tag-municipales","23":"tag-news","24":"tag-notre-dame-de-la-garde","25":"tag-olympique-de-marseille","26":"tag-om","27":"tag-provence","28":"tag-provence-alpes-cote-dazur","29":"tag-renaud-muselier","30":"tag-republique-francaise","31":"tag-saint-charles","32":"tag-sormiou","33":"tag-vieux-port"},"share_on_mastodon":{"url":"https:\/\/pubeurope.com\/@fr\/114505989807294151","error":""},"_links":{"self":[{"href":"https:\/\/www.europesays.com\/fr\/wp-json\/wp\/v2\/posts\/99247","targetHints":{"allow":["GET"]}}],"collection":[{"href":"https:\/\/www.europesays.com\/fr\/wp-json\/wp\/v2\/posts"}],"about":[{"href":"https:\/\/www.europesays.com\/fr\/wp-json\/wp\/v2\/types\/post"}],"author":[{"embeddable":true,"href":"https:\/\/www.europesays.com\/fr\/wp-json\/wp\/v2\/users\/2"}],"replies":[{"embeddable":true,"href":"https:\/\/www.europesays.com\/fr\/wp-json\/wp\/v2\/comments?post=99247"}],"version-history":[{"count":0,"href":"https:\/\/www.europesays.com\/fr\/wp-json\/wp\/v2\/posts\/99247\/revisions"}],"wp:featuredmedia":[{"embeddable":true,"href":"https:\/\/www.europesays.com\/fr\/wp-json\/wp\/v2\/media\/99248"}],"wp:attachment":[{"href":"https:\/\/www.europesays.com\/fr\/wp-json\/wp\/v2\/media?parent=99247"}],"wp:term":[{"taxonomy":"category","embeddable":true,"href":"https:\/\/www.europesays.com\/fr\/wp-json\/wp\/v2\/categories?post=99247"},{"taxonomy":"post_tag","embeddable":true,"href":"https:\/\/www.europesays.com\/fr\/wp-json\/wp\/v2\/tags?post=99247"}],"curies":[{"name":"wp","href":"https:\/\/api.w.org\/{rel}","templated":true}]}}