{"id":99254,"date":"2025-05-14T11:41:09","date_gmt":"2025-05-14T11:41:09","guid":{"rendered":"https:\/\/www.europesays.com\/fr\/99254\/"},"modified":"2025-05-14T11:41:09","modified_gmt":"2025-05-14T11:41:09","slug":"les-militaires-invites-a-porter-luniforme-en-ile-de-france","status":"publish","type":"post","link":"https:\/\/www.europesays.com\/fr\/99254\/","title":{"rendered":"les militaires invit\u00e9s \u00e0 porter l\u2019uniforme en \u00cele-de-France"},"content":{"rendered":"<p>Dans une note d\u2019avril, le gouverneur militaire de Paris a renouvel\u00e9 l\u2019autorisation accord\u00e9e aux soldats de porter l\u2019uniforme hors des enceintes. Ce n\u2019est pas une obligation, mais la mesure vise \u00e0 \u00abrenforcer la coh\u00e9sion nationale\u00bb.<\/p>\n<p class=\"fig-paragraph\">Leur tenue est un symbole. Elle a fait d\u2019eux des cibles potentielles pour des terroristes cherchant \u00e0 s\u2019en prendre \u00e0 des figures d\u2019autorit\u00e9. Apr\u00e8s les attentats de 2015, les militaires n\u2019avaient plus \u00e9t\u00e9 autoris\u00e9s \u00e0 porter leur uniforme en dehors de leur service, lors de leurs d\u00e9placements personnels entre leur domicile et leur lieu de travail. Les r\u00e8gles s\u2019\u00e9taient ensuite adoucies en fonction de l\u2019appr\u00e9ciation des officiers g\u00e9n\u00e9raux commandant les diff\u00e9rentes zones de d\u00e9fense qui maillent le territoire, et de la r\u00e9duction de la menace. En autorisant les militaires \u00e0 \u00ab rev\u00eatir l\u2019uniforme\u00a0\u00bb dans le cr\u00e9neau horaire compris entre 7 heures et 22 heures, la note d\u2019instruction dat\u00e9e du 8 avril du g\u00e9n\u00e9ral Lo\u00efc\u00a0<a href=\"http:\/\/www.lefigaro.fr\/decideurs\/portraits\/au-rwanda-je-me-suis-confronte-a-l-insondable-noirceur-de-l-ame-humaine-le-general-mizon-de-l-afrique-aux-avant-postes-de-paris-20241009\" data-fig-type=\"Article\" data-gtm-custom-categorie=\"navigation\" data-gtm-custom-action=\"crossclick\" data-gtm-custom-label=\"Contextuel\" data-gtm-event=\"customEventSPE\" data-fig-domain=\"LEFIGARO\" rel=\"nofollow noopener\" target=\"_blank\">Mizon<\/a>, gouverneur militaire de Paris, ne constitue pas une rupture. \u00abIl s\u2019agit de l\u2019actualisation d\u2019une note de son pr\u00e9d\u00e9cesseur\u00bb, explique-t-on dans l\u2019entourage du GMP, en renvoyant \u00e0 une d\u00e9cision similaire du g\u00e9n\u00e9ral Le Ray. La nouveaut\u00e9 est dans l\u2019expos\u00e9 des motifs.<\/p>\n<p class=\"fig-paragraph\">\u00abFace aux \u00e9volutions rapides de notre environnement strat\u00e9gique et aux man\u0153uvres de d\u00e9stabilisation de nos comp\u00e9titeurs, le renforcement de la coh\u00e9sion nationale est crucial\u00bb, explique le g\u00e9n\u00e9ral Mizon dans sa lettre. L\u2019officier est particuli\u00e8rement\u00a0<a href=\"http:\/\/www.lefigaro.fr\/culture\/general-loic-mizon-ce-concert-a-la-salle-pleyel-est-l-alliance-du-glaive-et-de-la-lyre-20250407\" data-fig-type=\"Article\" data-gtm-custom-categorie=\"navigation\" data-gtm-custom-action=\"crossclick\" data-gtm-custom-label=\"Contextuel\" data-gtm-event=\"customEventSPE\" data-fig-domain=\"LEFIGARO\" rel=\"nofollow noopener\" target=\"_blank\">sensible<\/a>\u00a0\u00e0 cet enjeu. \u00abLa visibilit\u00e9 des arm\u00e9es en \u00eele de France est donc primordiale et passe aussi par le port de la tenue militaire hors des enceintes militaires\u00bb, assure-t-il en recommandant n\u00e9anmoins la \u00abvigilance\u00bb face \u00e0 un risque terroriste qui n\u2019a pas disparu. \u00abCette autorisation n\u2019a pas valeur d\u2019obligation\u00bb, ajoute-t-il pour laisser un libre choix aux soldats\u00a0: leur appr\u00e9ciation peut varier entre ceux qui revendiquent leur statut avec fiert\u00e9 et ceux qui craignent d\u2019\u00eatre importun\u00e9s. D\u2019autres sont aussi soucieux de discr\u00e9tion et de ne pas \u00eatre identifi\u00e9s comme militaires.<\/p>\n<p>\u00abIl faut cesser de se croire en paix \u00e0 la maison\u00bb<\/p>\n<p class=\"fig-paragraph\">Quoi qu\u2019il en soit, le regard sur l\u2019arm\u00e9e a chang\u00e9. \u00c0 en croire les sondages, une majorit\u00e9 de Fran\u00e7ais serait m\u00eame favorable au retour d\u2019une forme de\u00a0<a href=\"http:\/\/www.lefigaro.fr\/politique\/les-pistes-de-reflexion-du-ministere-des-armees-pour-doubler-les-effectifs-de-la-reserve-en-2030-20250505\" data-fig-type=\"Article\" data-gtm-custom-categorie=\"navigation\" data-gtm-custom-action=\"crossclick\" data-gtm-custom-label=\"Contextuel\" data-gtm-event=\"customEventSPE\" data-fig-domain=\"LEFIGARO\" rel=\"nofollow noopener\" target=\"_blank\">service\u00a0<\/a>militaire. \u00abLes gens sont contents de voir des militaires dans la rue\u00bb, explique une source militaire. \u00ab\u00c7a les rassure\u00bb, dit-on. La mission Sentinelle, d\u00e9ploy\u00e9e apr\u00e8s les attentats, a effectivement contribu\u00e9 \u00e0 changer le regard de la soci\u00e9t\u00e9 sur l\u2019institution militaire. L\u2019arm\u00e9e est une des institutions les plus populaires en France quand tant d\u2019autres sont victimes de d\u00e9fiance. L\u2019\u00e9tat-major veut s\u2019appuyer sur ce capital de sympathie pour renforcer la \u00abr\u00e9silience\u00bb de la nation et susciter des vocations. Face \u00e0 des p\u00e9rils croissants, l\u2019arm\u00e9e a besoin d\u2019engag\u00e9s et de r\u00e9servistes.<\/p>\n<p class=\"fig-paragraph\">Au-del\u00e0 de la tenue et du symbole, le commandement de l\u2019arm\u00e9e de terre veut aussi changer l\u2019\u00e9tat d\u2019esprit des militaires en instituant une vigilance permanente, en estompant la distinction entre op\u00e9rations et situation sur le territoire national. \u00abIl faut cesser de se croire en paix \u00e0 la maison\u00bb, expliquait r\u00e9cemment le chef d\u2019\u00e9tat-major de l\u2019arm\u00e9e de terre, le g\u00e9n\u00e9ral Schill. Pour l\u2019officier, les militaires doivent rester en alerte dans un contexte de guerre hybride, de confrontation permanente. La fronti\u00e8re entre temps civil et temps militaire se brouille.<\/p>\n","protected":false},"excerpt":{"rendered":"Dans une note d\u2019avril, le gouverneur militaire de Paris a renouvel\u00e9 l\u2019autorisation accord\u00e9e aux soldats de porter l\u2019uniforme&hellip;\n","protected":false},"author":2,"featured_media":99255,"comment_status":"","ping_status":"","sticky":false,"template":"","format":"standard","meta":{"footnotes":""},"categories":[1592],"tags":[1111,259,11,260,1813,554,1777,674,1011,27,662,14,261,12,626,262,25],"class_list":{"0":"post-99254","1":"post","2":"type-post","3":"status-publish","4":"format-standard","5":"has-post-thumbnail","7":"category-ile-de-france","8":"tag-actu","9":"tag-actualite-internationale","10":"tag-actualites","11":"tag-affaires-etrangeres","12":"tag-armee","13":"tag-defense","14":"tag-eu","15":"tag-europe","16":"tag-fr","17":"tag-france","18":"tag-ile-de-france","19":"tag-international","20":"tag-ministere-des-affaires-etrangeres","21":"tag-news","22":"tag-paris","23":"tag-politique-etrangere","24":"tag-republique-francaise"},"share_on_mastodon":{"url":"https:\/\/pubeurope.com\/@fr\/114506005750935493","error":""},"_links":{"self":[{"href":"https:\/\/www.europesays.com\/fr\/wp-json\/wp\/v2\/posts\/99254","targetHints":{"allow":["GET"]}}],"collection":[{"href":"https:\/\/www.europesays.com\/fr\/wp-json\/wp\/v2\/posts"}],"about":[{"href":"https:\/\/www.europesays.com\/fr\/wp-json\/wp\/v2\/types\/post"}],"author":[{"embeddable":true,"href":"https:\/\/www.europesays.com\/fr\/wp-json\/wp\/v2\/users\/2"}],"replies":[{"embeddable":true,"href":"https:\/\/www.europesays.com\/fr\/wp-json\/wp\/v2\/comments?post=99254"}],"version-history":[{"count":0,"href":"https:\/\/www.europesays.com\/fr\/wp-json\/wp\/v2\/posts\/99254\/revisions"}],"wp:featuredmedia":[{"embeddable":true,"href":"https:\/\/www.europesays.com\/fr\/wp-json\/wp\/v2\/media\/99255"}],"wp:attachment":[{"href":"https:\/\/www.europesays.com\/fr\/wp-json\/wp\/v2\/media?parent=99254"}],"wp:term":[{"taxonomy":"category","embeddable":true,"href":"https:\/\/www.europesays.com\/fr\/wp-json\/wp\/v2\/categories?post=99254"},{"taxonomy":"post_tag","embeddable":true,"href":"https:\/\/www.europesays.com\/fr\/wp-json\/wp\/v2\/tags?post=99254"}],"curies":[{"name":"wp","href":"https:\/\/api.w.org\/{rel}","templated":true}]}}