{"id":99256,"date":"2025-05-14T11:42:13","date_gmt":"2025-05-14T11:42:13","guid":{"rendered":"https:\/\/www.europesays.com\/fr\/99256\/"},"modified":"2025-05-14T11:42:13","modified_gmt":"2025-05-14T11:42:13","slug":"358-de-grevistes-en-moyenne-ce-mardi-chiffre-le-ministere","status":"publish","type":"post","link":"https:\/\/www.europesays.com\/fr\/99256\/","title":{"rendered":"3,58\u00a0% de gr\u00e9vistes en moyenne ce mardi, chiffre le minist\u00e8re"},"content":{"rendered":"<p>            Par<br \/>\n        <strong><br \/>\n            <a href=\"https:\/\/actu.fr\/auteur\/alexandra-segond\" title=\"Consulter tous les articles de Alexandra Segond\" target=\"_blank\" rel=\"noopener\">Alexandra Segond<\/a><br \/>\n        <\/strong><\/p>\n<p>        Publi\u00e9 le<\/p>\n<p>            11 mai 2025 \u00e0 21h46<br \/>\n        ; mis \u00e0 jour le 13 mai 2025 \u00e0 12h31    <\/p>\n<p>Des d\u00e9bats budg\u00e9taires qui \u00ab\u2009s\u2019engagent de la pire des mani\u00e8res\u2009\u00bb\u2009: c\u2019est ce que d\u00e9non\u00e7ait une intersyndicale de la fonction publique il y a une semaine. Des revendications telles qu\u2019elle a lanc\u00e9, quelques jours plus tard, <strong>un appel \u00e0 la mobilisation<\/strong>.<\/p>\n<p class=\" wall-content\">Rassemblant cinq des huit syndicats repr\u00e9sentatifs, dont la premi\u00e8re force (la CGT), cette intersyndicale appelle les fonctionnaires qui le souhaitent \u00e0 faire la <a href=\"https:\/\/actu.fr\/tag\/greve\" target=\"_blank\" rel=\"noopener\">gr\u00e8ve<\/a> ce mardi 13\u00a0mai 2025.<\/p>\n<p>3,58% de gr\u00e9vistes \u00e0 12h<\/p>\n<p class=\" wall-content\">\u00c0 12h, le minist\u00e8re de l\u2019\u00c9ducation nationale a communiqu\u00e9 aux m\u00e9dias, dont actu.fr, le taux de gr\u00e9vistes \u00e0 l\u2019\u00e9chelle nationale. La moyenne g\u00e9n\u00e9rale pond\u00e9r\u00e9e est de 3,58%, soit presque <strong>deux fois plus<\/strong> que lors de la derni\u00e8re mobilisation d\u00e9but avril (1,6\u2009% de gr\u00e9vistes).<\/p>\n<blockquote class=\"ac-article-quote wall-content\">\n<p>La participation dans le premier degr\u00e9 est estim\u00e9e \u00e0 3,99 % dans les \u00e9coles, \u00e0 6,35 % dans les coll\u00e8ges, \u00e0 3,31 % dans les lyc\u00e9es d\u2019enseignement g\u00e9n\u00e9ral et technologique et \u00e0 0,86\u00a0% et dans les lyc\u00e9es professionnels.<\/p>\n<p>    <strong>Minist\u00e8re de l&rsquo;\u00c9ducation nationale<\/strong>\n            <\/p><\/blockquote>\n<p class=\" wall-content\"><strong>Un point presse<\/strong> est pr\u00e9vu mardi \u00e0 13\u2009h\u200930 pr\u00e8s du minist\u00e8re de l\u2019\u00c9conomie, en pr\u00e9sence notamment de <a href=\"https:\/\/actu.fr\/societe\/qui-est-sophie-binet-la-nouvelle-secretaire-generale-de-la-cgt_58582962.html\" target=\"_blank\" rel=\"noopener\">la secr\u00e9taire g\u00e9n\u00e9rale de la CGT, Sophie Binet<\/a>.<\/p>\n<p>Vid\u00e9os : en ce moment sur Actu\u00ab\u2009Pour nos salaires, nos carri\u00e8res, nos m\u00e9tiers\u2009\u00bb<\/p>\n<p class=\" wall-content\">Alors, <a style=\"font-family: &#039;Source Serif Pro&#039;, sans-serif; font-size: 1.8rem;\" href=\"https:\/\/actu.fr\/tag\/ecoles\" target=\"_blank\" rel=\"noopener\">du c\u00f4t\u00e9 des \u00e9coles<\/a>, \u00e0 quoi faut-il s\u2019attendre\u2009? Parmi les syndicats appelant \u00e0 la mobilisation, des organisations de l\u2019\u00e9ducation. C\u2019est le cas par exemple \u00e0 <strong>Quimper (Finist\u00e8re)<\/strong>, o\u00f9 des enseignants ont annonc\u00e9 rejoindre la gr\u00e8ve et o\u00f9 <strong style=\"color: #404040; font-size: 1.8rem;\">la cantine n\u2019est pas assur\u00e9e<\/strong> ce mardi, <a style=\"font-family: &#039;Source Serif Pro&#039;, sans-serif; font-size: 1.8rem;\" href=\"https:\/\/actu.fr\/bretagne\/quimper_29232\/appel-a-la-greve-dans-leducation-nationale-mardi-13-mai-quelles-ecoles-sont-concernees-a-quimper_62624154.html\" target=\"_blank\" rel=\"noopener\">rel\u00e8ve notre r\u00e9daction locale C\u00f4t\u00e9 Quimper<\/a>.<\/p>\n<p class=\" wall-content\">Dans <strong>l\u2019Oise<\/strong>, \u00ab\u2009constatant l\u2019absence des r\u00e9ponses faites par notre gouvernement \u00e0 nos revendications exprim\u00e9es tr\u00e8s massivement le 5\u00a0d\u00e9cembre dernier\u2009\u00bb, les organisations syndicales pr\u00e9voient une manifestation \u00e0 partir de 10\u2009h.\u00a0Des perturbations pourraient avoir lieu dans les \u00e9coles, mairies, cr\u00e8ches et cantines de certaines communes du d\u00e9partement, <a href=\"https:\/\/actu.fr\/societe\/greve-de-la-fonction-publique-une-manifestation-et-des-perturbations-annoncees-dans-l-oise_62624604.html\" target=\"_blank\" rel=\"noopener\">pr\u00e9viennent nos journalistes d\u2019actu Oise.<\/a><\/p>\n<p>      <img   decoding=\"async\" loading=\"lazy\" src=\"https:\/\/www.europesays.com\/fr\/wp-content\/uploads\/2025\/05\/manifestation-compiegne-oise-intersyndicale-cgt-960x640.jpg\" alt=\"Deux rassemblements \" width=\"960\" height=\"640\"\/><br \/>\n    Des organisations syndicales de la fonction publique appellent \u00e0 la gr\u00e8ve ce mardi 13\u00a0mai 2025. Dans l\u2019Oise, une manifestation aura lieu dans la matin\u00e9e \u00e0 Montataire. (\u00a9Adrien Deschepper \/ actu Oise \/ illustration)<\/p>\n<p class=\" wall-content\">\u00c0 Foug\u00e8res (Ille-et-Vilaine), la gr\u00e8ve prend la forme d\u2019un rassemblement place Aristide-Briand, tandis que des perturbations sont pr\u00e9vues dans les services p\u00e9riscolaires de la ville (garderie, restauration, TAP), <a href=\"https:\/\/actu.fr\/bretagne\/fougeres_35115\/greve-dans-les-services-publics-quelles-perturbations-dans-les-ecoles-publiques-de-fougeres_62616651.html\" target=\"_blank\" rel=\"noopener\">confirme notre r\u00e9daction locale\u00a0La Chronique R\u00e9publicaine<\/a>.<\/p>\n<p class=\" wall-content\">Les syndicats CGT, FSU et Solidaires de Loire Atlantique d\u00e9fileront eux aussi dans les rues de Nantes, ce mardi. Les manifestants se r\u00e9uniront \u00e0 10\u2009h\u200930 devant la pr\u00e9fecture. Le cort\u00e8ge d\u00e9filera dans les rues avant de rejoindre le CHU de Nantes vers 12h, <a href=\"https:\/\/actu.fr\/pays-de-la-loire\/nantes_44109\/manifestation-a-nantes-defendre-notre-service-public-les-agents-dans-la-rue-mardi_62623641.html\" target=\"_blank\" rel=\"noopener\">pr\u00e9cisent nos journalistes d\u2019actu Nantes<\/a>.<\/p>\n<p>      <img   decoding=\"async\" loading=\"lazy\" src=\"https:\/\/www.europesays.com\/fr\/wp-content\/uploads\/2025\/05\/manifestation-nantes-2-960x640.jpeg\" alt=\"Les agents de la fonction publique seront dans la rue ce mardi 13 mai 2025.\" width=\"960\" height=\"640\"\/><br \/>\n    Les agents de la fonction publique seront dans la rue ce mardi 13 mai 2025. (\u00a9Thomas Bernard \/ actu Nantes)<\/p>\n<p class=\" wall-content\">\u00ab\u2009Pour nos salaires, nos carri\u00e8res, nos m\u00e9tiers et pour dire non \u00e0 l\u2019aust\u00e9rit\u00e9\u2009\u00bb\u2009: <strong>en r\u00e9gion parisienne<\/strong> aussi, des perturbations sont attendues dans les \u00e9coles. Une manifestation est organis\u00e9e \u00e0 Paris \u00e0 14\u2009h\u2009: elle part de Bercy pour rejoindre la place de la Nation, <a href=\"https:\/\/actu.fr\/ile-de-france\/paris_75056\/greve-de-la-fonction-publique-a-paris-et-en-ile-de-france-des-perturbations-attendues-dans-les-ecoles_62623177.html\" target=\"_blank\" rel=\"noopener\">d\u00e9taille notre r\u00e9daction locale actu Paris<\/a>.<\/p>\n<p class=\" wall-content\">Le mieux est de <strong>vous rapprocher de votre mairie<\/strong> afin de conna\u00eetre pr\u00e9cis\u00e9ment les perturbations en vigueur.<\/p>\n<p>Le \u00ab\u2009double discours\u2009\u00bb du gouvernement<\/p>\n<p class=\" wall-content\">La CGT fonction publique a en particulier d\u00e9nonc\u00e9 \u2013 par la voix de l\u2019un de ses secr\u00e9taires g\u00e9n\u00e9raux, Christophe Delecourt) le<strong> \u00ab\u2009double discours\u2009\u00bb du gouvernement<\/strong>. Les syndicats d\u00e9plorent des \u00ab\u2009r\u00e9unions mensong\u00e8res\u2009\u00bb avec le ministre \u00e0 propos des r\u00e9mun\u00e9rations dans la fonction publique, alors que les agents redoutent une \u00ab\u2009nouvelle ann\u00e9e blanche\u2009\u00bb.<\/p>\n<p class=\" wall-content\"><a href=\"https:\/\/www.snes.edu\/agissons\/campagnes\/le-13-mai-toutes-et-tous-en-greve\/\" target=\"_blank\" rel=\"noopener\">Sur son site<\/a> et ses r\u00e9seaux sociaux, le SNES-FSU appelle \u00e0 la gr\u00e8ve et aux manifestations le mardi 13\u00a0mai pour \u00ab\u2009refuser un nouveau budget d\u2019aust\u00e9rit\u00e9\u2009\u00bb.<\/p>\n<p>    <a href=\"https:\/\/www.facebook.com\/plugins\/post.php?href=https%3A%2F%2Fwww.facebook.com%2FSNESFSU%2Fposts%2Fpfbid0Ru6g2WiNCcHVbbnArWN5XrcPyfyQVDv6juuETaGvxmSi1PoVPdpTXUZbEssycZ7ol&amp;show_text=true&amp;width=350\" title=\"Ouvrie le lien\" target=\"_blank\" rel=\"noopener\">Cliquez ici pour visualiser le contenu<\/a><\/p>\n<p class=\" wall-content\">De m\u00eame pour la f\u00e9d\u00e9ration syndicale SUD \u00c9ducation, <a href=\"https:\/\/www.sudeducation.org\/13-mai-tou-tes-en-greve-pour-les-services-publics\/\" target=\"_blank\" rel=\"noopener\">qui appelle<\/a> \u00e9galement \u00ab\u2009tous les personnels de l\u2019\u00c9ducation nationale \u00e0 se mettre massivement en gr\u00e8ve le mardi 13 mai pour d\u00e9fendre le service public et les conditions de travail de ses agents\u00a0\u00bb.<\/p>\n<p>    <a href=\"https:\/\/www.facebook.com\/plugins\/post.php?href=https%3A%2F%2Fwww.facebook.com%2FSudeducationfederation%2Fposts%2Fpfbid0AcXiz28qrdNa4jNiEz6rFVcsiVpNF1M73rdENShPtB7t8bc3j6aLBNQ4GutNeCpql&amp;show_text=true&amp;width=350\" title=\"Ouvrie le lien\" target=\"_blank\" rel=\"noopener\">Cliquez ici pour visualiser le contenu<\/a><\/p>\n<p class=\" wall-content\">Outre la CGT, la FSU, l\u2019Unsa, Solidaires et la CFE-CGC, ont d\u00e9plor\u00e9 <strong>les \u00e9conomies<\/strong> annonc\u00e9es par la ministre des Comptes publics, Am\u00e9lie de\u00a0Montchalin, qui a promis un grand \u00ab\u2009m\u00e9nage\u2009\u00bb dans les agences et op\u00e9rateurs de l\u2019\u00c9tat pour \u00e9conomiser 2 \u00e0 3\u00a0milliards d\u2019euros.<\/p>\n<p class=\" wall-content\">Les <strong>revendications<\/strong> sont les suivantes\u2009: \u00ab\u2009la suppression de tout jour de carence\u2009; la suppression de la baisse de l\u2019indemnisation du cong\u00e9 maladie ordinaire\u2009; le r\u00e9tablissement de la GIPA [garantie individuelle du pouvoir d\u2019achat, NDLR.]\u2009; la revalorisation du point d\u2019indice\u2009; des cr\u00e9ations d\u2019emploi et un plan massif de titularisation\u2009\u00bb. Et \u00ab\u2009la fin des attaques contre les agents de la fonction publique\u2009\u00bb.<\/p>\n<p>Une mobilisation peu suivie le mois dernier<\/p>\n<p class=\" wall-content\">Cet appel fait suite \u00e0 une premi\u00e8re mobilisation le 3\u00a0avril qui avait rassembl\u00e9 dans des proportions modestes \u00e0 Paris et dans plusieurs villes, notamment Lille et Lyon.<\/p>\n<p class=\" wall-content\">L\u2019appel \u00e0 la gr\u00e8ve avait \u00e9t\u00e9 peu suivi, <strong>avec 1,6\u2009% de gr\u00e9vistes<\/strong> dans la fonction publique de l\u2019\u00c9tat. Une mobilisation sans commune mesure avec celle du 5\u00a0d\u00e9cembre 2024, o\u00f9 <strong>entre 130\u2009000\u00a0et 200\u2009000 personnes avaient d\u00e9fil\u00e9<\/strong>, enseignants en t\u00eate, pour s\u2019opposer \u00e0 des mesures d\u2019\u00e9conomies dans la fonction publique.<\/p>\n<p class=\" wall-content\">Avec AFP.<\/p>\n<p class=\" wall-content\">Suivez toute l\u2019actualit\u00e9 de vos villes et m\u00e9dias favoris en vous inscrivant \u00e0 <a href=\"https:\/\/moncompte.actu.fr\" title=\"D\u00e9couvez Mon Actu\" rel=\"nofollow noopener\" data-trk=\"{&quot;cta&quot;:{&quot;action&quot;:&quot;https:\\\/\\\/moncompte.actu.fr&quot;,&quot;category&quot;:&quot;mon compte&quot;,&quot;from&quot;:&quot;article footer&quot;,&quot;name&quot;:&quot;Mon actu&quot;,&quot;type&quot;:&quot;cta&quot;}}\" target=\"_blank\">Mon Actu<\/a>.<\/p>\n","protected":false},"excerpt":{"rendered":"Par Alexandra Segond Publi\u00e9 le 11 mai 2025 \u00e0 21h46 ; mis \u00e0 jour le 13 mai 2025&hellip;\n","protected":false},"author":2,"featured_media":99257,"comment_status":"","ping_status":"","sticky":false,"template":"","format":"standard","meta":{"footnotes":""},"categories":[1888],"tags":[1111,1928,11,1927,4019,1057,1777,674,1011,27,6151,12,1926,626,1925,25,104],"class_list":{"0":"post-99256","1":"post","2":"type-post","3":"status-publish","4":"format-standard","5":"has-post-thumbnail","7":"category-paris","8":"tag-actu","9":"tag-actu-paris","10":"tag-actualites","11":"tag-actualites-paris","12":"tag-ecoles","13":"tag-education","14":"tag-eu","15":"tag-europe","16":"tag-fr","17":"tag-france","18":"tag-greve","19":"tag-news","20":"tag-news-paris","21":"tag-paris","22":"tag-paris-news","23":"tag-republique-francaise","24":"tag-societe"},"share_on_mastodon":{"url":"https:\/\/pubeurope.com\/@fr\/114506009512482178","error":""},"_links":{"self":[{"href":"https:\/\/www.europesays.com\/fr\/wp-json\/wp\/v2\/posts\/99256","targetHints":{"allow":["GET"]}}],"collection":[{"href":"https:\/\/www.europesays.com\/fr\/wp-json\/wp\/v2\/posts"}],"about":[{"href":"https:\/\/www.europesays.com\/fr\/wp-json\/wp\/v2\/types\/post"}],"author":[{"embeddable":true,"href":"https:\/\/www.europesays.com\/fr\/wp-json\/wp\/v2\/users\/2"}],"replies":[{"embeddable":true,"href":"https:\/\/www.europesays.com\/fr\/wp-json\/wp\/v2\/comments?post=99256"}],"version-history":[{"count":0,"href":"https:\/\/www.europesays.com\/fr\/wp-json\/wp\/v2\/posts\/99256\/revisions"}],"wp:featuredmedia":[{"embeddable":true,"href":"https:\/\/www.europesays.com\/fr\/wp-json\/wp\/v2\/media\/99257"}],"wp:attachment":[{"href":"https:\/\/www.europesays.com\/fr\/wp-json\/wp\/v2\/media?parent=99256"}],"wp:term":[{"taxonomy":"category","embeddable":true,"href":"https:\/\/www.europesays.com\/fr\/wp-json\/wp\/v2\/categories?post=99256"},{"taxonomy":"post_tag","embeddable":true,"href":"https:\/\/www.europesays.com\/fr\/wp-json\/wp\/v2\/tags?post=99256"}],"curies":[{"name":"wp","href":"https:\/\/api.w.org\/{rel}","templated":true}]}}