{"id":99266,"date":"2025-05-14T11:47:09","date_gmt":"2025-05-14T11:47:09","guid":{"rendered":"https:\/\/www.europesays.com\/fr\/99266\/"},"modified":"2025-05-14T11:47:09","modified_gmt":"2025-05-14T11:47:09","slug":"arrestation-en-allemagne-et-en-suisse-de-trois-ukrainiens-soupconnes-de-preparer-des-actes-de-sabotage","status":"publish","type":"post","link":"https:\/\/www.europesays.com\/fr\/99266\/","title":{"rendered":"Arrestation en Allemagne et en Suisse de trois Ukrainiens soup\u00e7onn\u00e9s de pr\u00e9parer des actes de sabotage"},"content":{"rendered":"<p>Trois Ukrainiens soup\u00e7onn\u00e9s de pr\u00e9parer des actes de sabotage en Allemagne pour le compte de la Russie ont \u00e9t\u00e9 arr\u00eat\u00e9s ces derniers jours en Allemagne et en Suisse, a annonc\u00e9, mercredi 14 mai, le parquet f\u00e9d\u00e9ral allemand.<\/p>\n<p>Les suspects, recrut\u00e9s \u00ab probablement sur ordre des autorit\u00e9s russes \u00bb, avaient pour objectif de \u00ab commettre des attaques incendiaires et \u00e0 l&rsquo;explosif contre le transport de marchandises \u00bb en <a href=\"https:\/\/www.rfi.fr\/fr\/tag\/allemagne\/\" rel=\"nofollow noopener\" target=\"_blank\" data-ylk=\"slk:Allemagne,;elm:context_link;itc:0;sec:content-canvas\" class=\"link \"><strong>Allemagne,<\/strong><\/a> et l&rsquo;un d&rsquo;entre eux a proc\u00e9d\u00e9 \u00e0 un test fin mars 2025, affirme le parquet dans un communiqu\u00e9.<\/p>\n<p>Apr\u00e8s avoir \u00ab accept\u00e9 de provoquer un incendie criminel grave ainsi qu&rsquo;une explosion \u00e0 la dynamite \u00bb, les suspects devaient, \u00ab en se r\u00e9partissant les t\u00e2ches depuis l&rsquo;Allemagne, envoyer \u00e0 des destinataires en Ukraine des colis contenant des engins explosifs ou incendiaires qui devaient s&rsquo;enflammer pendant le transport \u00bb, pr\u00e9cise le minist\u00e8re public.<\/p>\n<p>Pour pr\u00e9parer ces attaques, l&rsquo;un des trois hommes, pr\u00e9sent\u00e9 comme Vladyslav T., \u00ab a envoy\u00e9 deux colis test fin mars 2025 \u00e0 Cologne (ouest de l&rsquo;Allemagne), qui contenaient entre autres des traceurs GPS \u00bb, toujours selon le parquet.<\/p>\n<p>Le parquet f\u00e9d\u00e9ral saisi<\/p>\n<p>Le parquet f\u00e9d\u00e9ral, comp\u00e9tent pour les affaires de terrorisme, s&rsquo;est charg\u00e9 du dossier \u00ab en raison de son importance particuli\u00e8re \u00bb et a obtenu le transfert d&rsquo;un autre suspect, Yevhen B., depuis le canton de Thurgovie, en Suisse, o\u00f9 il a \u00e9t\u00e9 arr\u00eat\u00e9 lundi.<\/p>\n<p><a href=\"https:\/\/www.rfi.fr\/fr\/europe\/20250514-arrestation-en-allemagne-et-en-suisse-de-trois-ukrainiens-soup%C3%A7onn%C3%A9s-de-pr%C3%A9parer-des-actes-de-sabotage\" rel=\"nofollow noopener\" target=\"_blank\" data-ylk=\"slk:Lire la suite sur RFI;elm:context_link;itc:0;sec:content-canvas\" class=\"link \">Lire la suite sur RFI<\/a><\/p>\n","protected":false},"excerpt":{"rendered":"Trois Ukrainiens soup\u00e7onn\u00e9s de pr\u00e9parer des actes de sabotage en Allemagne pour le compte de la Russie ont&hellip;\n","protected":false},"author":2,"featured_media":99267,"comment_status":"","ping_status":"","sticky":false,"template":"","format":"standard","meta":{"footnotes":""},"categories":[1590],"tags":[11,672,3063,1777,674,12,3067,12883,220],"class_list":{"0":"post-99266","1":"post","2":"type-post","3":"status-publish","4":"format-standard","5":"has-post-thumbnail","7":"category-ukraine","8":"tag-actualites","9":"tag-allemagne","10":"tag-canton-de-thurgovie","11":"tag-eu","12":"tag-europe","13":"tag-news","14":"tag-suisse","15":"tag-trois-hommes","16":"tag-ukraine"},"share_on_mastodon":{"url":"https:\/\/pubeurope.com\/@fr\/114506028973916942","error":""},"_links":{"self":[{"href":"https:\/\/www.europesays.com\/fr\/wp-json\/wp\/v2\/posts\/99266","targetHints":{"allow":["GET"]}}],"collection":[{"href":"https:\/\/www.europesays.com\/fr\/wp-json\/wp\/v2\/posts"}],"about":[{"href":"https:\/\/www.europesays.com\/fr\/wp-json\/wp\/v2\/types\/post"}],"author":[{"embeddable":true,"href":"https:\/\/www.europesays.com\/fr\/wp-json\/wp\/v2\/users\/2"}],"replies":[{"embeddable":true,"href":"https:\/\/www.europesays.com\/fr\/wp-json\/wp\/v2\/comments?post=99266"}],"version-history":[{"count":0,"href":"https:\/\/www.europesays.com\/fr\/wp-json\/wp\/v2\/posts\/99266\/revisions"}],"wp:featuredmedia":[{"embeddable":true,"href":"https:\/\/www.europesays.com\/fr\/wp-json\/wp\/v2\/media\/99267"}],"wp:attachment":[{"href":"https:\/\/www.europesays.com\/fr\/wp-json\/wp\/v2\/media?parent=99266"}],"wp:term":[{"taxonomy":"category","embeddable":true,"href":"https:\/\/www.europesays.com\/fr\/wp-json\/wp\/v2\/categories?post=99266"},{"taxonomy":"post_tag","embeddable":true,"href":"https:\/\/www.europesays.com\/fr\/wp-json\/wp\/v2\/tags?post=99266"}],"curies":[{"name":"wp","href":"https:\/\/api.w.org\/{rel}","templated":true}]}}