{"id":99274,"date":"2025-05-14T11:51:10","date_gmt":"2025-05-14T11:51:10","guid":{"rendered":"https:\/\/www.europesays.com\/fr\/99274\/"},"modified":"2025-05-14T11:51:10","modified_gmt":"2025-05-14T11:51:10","slug":"malte-prend-la-presidence-du-comite-des-ministres-du-conseil-de-leurope","status":"publish","type":"post","link":"https:\/\/www.europesays.com\/fr\/99274\/","title":{"rendered":"Malte prend la pr\u00e9sidence du Comit\u00e9 des ministres du Conseil de l\u2019Europe"},"content":{"rendered":"<p class=\"st-surtitre\">\n            Du 14 mai au 14 novembre 2025, Malte prend la pr\u00e9sidence du Comit\u00e9 des ministres du Conseil de l\u2019Europe.\n        <\/p>\n<p>Pour m\u00e9moire, c\u2019est \u00e0 l\u2019H\u00f4tel de Ville de Strasbourg que s\u2019est tenue le 8 ao\u00fbt 1949 la premi\u00e8re r\u00e9union du Comit\u00e9 des Ministres du Conseil de l\u2019Europe, peu apr\u00e8s sa cr\u00e9ation.\u00a0<\/p>\n<p><img loading=\"lazy\" decoding=\"async\" alt=\"\" data-fileentryid=\"534174749\" height=\"322\" src=\"https:\/\/www.europesays.com\/fr\/wp-content\/uploads\/2025\/05\/700x467_malte-2025-3-jpg.jpeg\" style=\"margin-left:15px; margin-right:15px; float:left\" width=\"483\"\/>\u00a0Compos\u00e9 des Ministres des Affaires \u00c9trang\u00e8res des 46 \u00c9tats membres, ou de leurs Repr\u00e9sentants Permanents \u00e0 Strasbourg, le Comit\u00e9 des Ministres est l\u2019instance de d\u00e9cision du Conseil de l\u2019Europe. Sa Pr\u00e9sidence se renouvelle par rotation tous les six mois, selon l\u2019ordre alphab\u00e9tique anglais des \u00c9tats membres de l\u2019Organisation.<\/p>\n<p>Depuis 2010, Strasbourg met en avant chaque semestre la pr\u00e9sidence tournante du Comit\u00e9 des ministres en soutenant une programmation culturelle vari\u00e9e. Rendez-vous incontournable de l\u2019agenda europ\u00e9en \u00e0 Strasbourg, chaque pr\u00e9sidence est l\u2019occasion de faire conna\u00eetre aux Strasbourgeois\u00b7es et habitant\u00b7es de l\u2019Eurom\u00e9tropole, un \u00c9tat membre du Conseil de l\u2019Europe, \u00e0 travers son matrimoine et son patrimoine, son Histoire et sa culture.\u00a0<br \/>Concerts, cin\u00e9ma, litt\u00e9rature et performances artistiques, ne manquez pas de venir d\u00e9couvrir la culture vibrante de Malte, \u00e9crin m\u00e9diterran\u00e9en au carrefour des civilisations !<\/p>\n<p><a href=\"https:\/\/www.strasbourg.eu\/documents\/d\/strasbourg.eu\/programmeculturel_malte-2025_web_page_par_page-1-pdf\" target=\"_blank\" rel=\"noopener\">Retrouvez le programme culturel de la pr\u00e9sidence maltaise pour les prochains 6 mois.<\/a><\/p>\n<p>Pour en apprendre plus sur les pr\u00e9sidences du Conseil de l\u2019Europe :<\/p>\n<p><a href=\"https:\/\/www.strasbourg.eu\/europe-citoyennete\" target=\"_blank\" rel=\"noopener\">https:\/\/www.strasbourg.eu\/europe-citoyennete<\/a><br \/><a href=\"https:\/\/www.coe.int\/fr\/web\/cm\/cm-presidency\" target=\"_blank\" rel=\"noopener\">https:\/\/www.coe.int\/fr\/web\/cm\/cm-presidency\u00a0<\/a><br \/>\u00a0<\/p>\n","protected":false},"excerpt":{"rendered":"Du 14 mai au 14 novembre 2025, Malte prend la pr\u00e9sidence du Comit\u00e9 des ministres du Conseil de&hellip;\n","protected":false},"author":2,"featured_media":99275,"comment_status":"","ping_status":"","sticky":false,"template":"","format":"standard","meta":{"footnotes":""},"categories":[1586],"tags":[11,251,1777,674,21364,1011,27,12,25],"class_list":{"0":"post-99274","1":"post","2":"type-post","3":"status-publish","4":"format-standard","5":"has-post-thumbnail","7":"category-europe","8":"tag-actualites","9":"tag-culture","10":"tag-eu","11":"tag-europe","12":"tag-europe-et-international","13":"tag-fr","14":"tag-france","15":"tag-news","16":"tag-republique-francaise"},"share_on_mastodon":{"url":"https:\/\/pubeurope.com\/@fr\/114506044744241488","error":""},"_links":{"self":[{"href":"https:\/\/www.europesays.com\/fr\/wp-json\/wp\/v2\/posts\/99274","targetHints":{"allow":["GET"]}}],"collection":[{"href":"https:\/\/www.europesays.com\/fr\/wp-json\/wp\/v2\/posts"}],"about":[{"href":"https:\/\/www.europesays.com\/fr\/wp-json\/wp\/v2\/types\/post"}],"author":[{"embeddable":true,"href":"https:\/\/www.europesays.com\/fr\/wp-json\/wp\/v2\/users\/2"}],"replies":[{"embeddable":true,"href":"https:\/\/www.europesays.com\/fr\/wp-json\/wp\/v2\/comments?post=99274"}],"version-history":[{"count":0,"href":"https:\/\/www.europesays.com\/fr\/wp-json\/wp\/v2\/posts\/99274\/revisions"}],"wp:featuredmedia":[{"embeddable":true,"href":"https:\/\/www.europesays.com\/fr\/wp-json\/wp\/v2\/media\/99275"}],"wp:attachment":[{"href":"https:\/\/www.europesays.com\/fr\/wp-json\/wp\/v2\/media?parent=99274"}],"wp:term":[{"taxonomy":"category","embeddable":true,"href":"https:\/\/www.europesays.com\/fr\/wp-json\/wp\/v2\/categories?post=99274"},{"taxonomy":"post_tag","embeddable":true,"href":"https:\/\/www.europesays.com\/fr\/wp-json\/wp\/v2\/tags?post=99274"}],"curies":[{"name":"wp","href":"https:\/\/api.w.org\/{rel}","templated":true}]}}