{"id":992751,"date":"2026-06-11T10:07:42","date_gmt":"2026-06-11T10:07:42","guid":{"rendered":"https:\/\/www.europesays.com\/fr\/992751\/"},"modified":"2026-06-11T10:07:42","modified_gmt":"2026-06-11T10:07:42","slug":"siri-ai-bloque-sur-iphone-en-europe-apple-accuse-le-dma-et-vante-le-japon","status":"publish","type":"post","link":"https:\/\/www.europesays.com\/fr\/992751\/","title":{"rendered":"Siri AI bloqu\u00e9 sur iPhone en Europe : Apple accuse le DMA et vante le Japon"},"content":{"rendered":"<p>Dans une interview publi\u00e9e par EFTM le 10 juin 2026, Greg Joswiak durcit le ton contre le DMA, qu\u2019il pr\u00e9sente comme une r\u00e9glementation rat\u00e9e pour les utilisateurs europ\u00e9ens. Le vice-pr\u00e9sident d\u2019Apple appelle plut\u00f4t \u00e0 s\u2019inspirer du Japon, dont l\u2019approche lui semble plus \u00e9quilibr\u00e9e.<\/p>\n<p>Depuis l\u2019annonce du nouveau Siri \u2014 d\u00e9sormais baptis\u00e9 <a href=\"https:\/\/www.numerama.com\/tech\/2271171-apple-annonce-siri-ai-propulse-par-google-gemini-le-vrai-debut-de-lia-sur-iphone.html\" rel=\"nofollow noopener\" target=\"_blank\">Siri AI<\/a> \u2014 lors de la <a href=\"https:\/\/www.numerama.com\/tech\/2269641-wwdc-2026-toutes-les-annonces-apple-ios27-macos27-siri.html\" rel=\"nofollow noopener\" target=\"_blank\">WWDC 2026<\/a>, <a href=\"https:\/\/www.numerama.com\/tech\/2271909-ce-nest-pas-a-eux-de-decider-leurope-part-en-guerre-contre-apple-sur-le-blocage-de-siri-ai.html\" rel=\"nofollow noopener\" target=\"_blank\">son absence en Europe n\u2019a cess\u00e9 d\u2019interroger<\/a>. Dans la foul\u00e9e de l\u2019\u00e9v\u00e9nement, Apple avait publi\u00e9 <a href=\"https:\/\/www.apple.com\/newsroom\/2026\/06\/due-to-dma-siri-ai-delayed-in-eu-for-ios-27-and-ipados-27\/\" target=\"_blank\" rel=\"noreferrer noopener nofollow\">un long communiqu\u00e9<\/a> dans lequel l\u2019entreprise expliquait les raisons pour lesquelles nous n\u2019aurons, pour le moment, pas droit \u00e0 ce Siri 2.0. La cause principale : <a href=\"https:\/\/www.numerama.com\/politique\/1643136-tous-les-changements-quapple-google-et-facebook-craignent-avec-le-dma.html\" rel=\"nofollow noopener\" target=\"_blank\">le Digital Markets Act<\/a> (DMA), ce grand r\u00e8glement europ\u00e9en sur le march\u00e9 num\u00e9rique qui r\u00e9gule les grandes plateformes.<\/p>\n<p>Dans <a href=\"https:\/\/www.youtube.com\/watch?v=MEEU87Csdac\" target=\"_blank\" rel=\"noreferrer noopener nofollow\">une interview publi\u00e9e le 10 juin 2026 par EFTM<\/a>, Greg Joswiak \u2014 vice-pr\u00e9sident en charge du marketing chez Apple \u2014 s\u2019est davantage livr\u00e9 sur cet imbroglio r\u00e9glementaire. Il rappelle que Siri AI pourra \u00eatre lanc\u00e9 sur Mac et sur le casque Vision Pro, non r\u00e9gul\u00e9s par le DMA, mais pas sur iPhone et iPad \u00ab au lancement \u00bb. <\/p>\n<p>Une situation dont la firme assure souffrir.\u00ab C\u2019est d\u00e9chirant pour nous. Nous sommes en Europe depuis 40 ans. Nos clients europ\u00e9ens sont tellement importants pour nous, nous les adorons. \u00bb, a-t-il d\u00e9plor\u00e9 pour commencer.<\/p>\n<p><a href=\"https:\/\/www.numerama.com\/wp-content\/uploads\/2026\/06\/3-7.jpg\" rel=\"nofollow noopener\" target=\"_blank\"><img decoding=\"async\" width=\"1024\" height=\"576\" loading=\"lazy\" alt=\"Greg Joswiak d'Apple \/\/ Source : EFTM sur YouTube\" title=\"Greg Joswiak d'Apple \/\/ Source : EFTM sur YouTube\" class=\"wp-image-2273755 placeholder-default wp-image\" src=\"https:\/\/www.europesays.com\/fr\/wp-content\/uploads\/2026\/06\/3-7-1024x576.jpg\" \/><\/a>Greg Joswiak d\u2019Apple. \/\/ Source : <a href=\"https:\/\/www.youtube.com\/watch?v=MEEU87Csdac\" target=\"_blank\" rel=\"nofollow noopener\">EFTM sur YouTube<\/a><\/p>\n<p>Greg Joswiak fustige les demandes de la Commission europ\u00e9enne pour Siri AI<\/p>\n<p>Pour rappel, selon Apple, le DMA, tel qu\u2019interpr\u00e9t\u00e9 par la Commission, l\u2019obligerait \u00e0 offrir aux assistants virtuels tiers le m\u00eame niveau d\u2019acc\u00e8s au syst\u00e8me que Siri AI d\u00e8s le lancement du service. Mais, selon l\u2019entreprise, une telle ouverture cr\u00e9erait des risques importants pour la vie priv\u00e9e et la s\u00e9curit\u00e9 des utilisateurs. La firme \u00e0 la pomme assure par ailleurs avoir pr\u00e9sent\u00e9 plusieurs alternatives, refus\u00e9es par la Commission europ\u00e9enne.<\/p>\n<p>De son c\u00f4t\u00e9, l\u2019UE a estim\u00e9 qu\u2019Apple pouvait th\u00e9oriquement lancer Siri AI en Europe, mais pas dans des conditions qui r\u00e9serveraient \u00e0 son assistant maison un acc\u00e8s privil\u00e9gi\u00e9 aux donn\u00e9es et aux fonctions de l\u2019iPhone. C\u2019est pr\u00e9cis\u00e9ment ce point qui crispe Apple : \u00e0 ses yeux, donner le m\u00eame niveau d\u2019acc\u00e8s \u00e0 des assistants tiers reviendrait \u00e0 exposer une partie tr\u00e8s sensible de l\u2019exp\u00e9rience iPhone.<\/p>\n<p>                <img decoding=\"async\" width=\"1024\" height=\"380\" loading=\"lazy\" alt=\"Box Bitdefender (2)\" title=\"Box Bitdefender (2)\" class=\"is-block placeholder-default wp-image\" src=\"https:\/\/www.europesays.com\/fr\/wp-content\/uploads\/2026\/05\/box-bitdefender-2-1024x380.png\" \/>            <\/p>\n<p>\n                    Et votre vie num\u00e9rique devient sereine                <\/p>\n<p>\n                    Bitdefender Premium Security est une solution de cybers\u00e9curit\u00e9 europ\u00e9enne qui vous prot\u00e8ge automatiquement contre les pirates et toutes les menaces du web. Profitez de vos activit\u00e9s en ligne en toute tranquillit\u00e9                <\/p>\n<p>    Pour aller plus loin<\/p>\n<p>                <img decoding=\"async\" width=\"87\" height=\"87\" loading=\"lazy\" alt=\"l'Europe recadre s\u00e8chement Apple sur le blocage de Siri AI \/\/ Source : Numerama\" title=\"l'Europe recadre s\u00e8chement Apple sur le blocage de Siri AI \/\/ Source : Numerama\" class=\"placeholder-default wp-image\" src=\"https:\/\/www.europesays.com\/fr\/wp-content\/uploads\/2026\/06\/apple-ue-200x200.jpg\" \/>            <\/p>\n<p><a href=\"https:\/\/www.numerama.com\/wp-content\/uploads\/2026\/06\/siri-ai-01.jpg\" rel=\"nofollow noopener\" target=\"_blank\"><img decoding=\"async\" width=\"1024\" height=\"576\" loading=\"lazy\" alt=\"Siri AI sur iOS 27. \/\/ Source : Numerama\" title=\"Siri AI sur iOS 27. \/\/ Source : Numerama\" class=\"wp-image-2271437 placeholder-default wp-image\" src=\"https:\/\/www.europesays.com\/fr\/wp-content\/uploads\/2026\/06\/siri-ai-01-1024x576.jpg\" \/><\/a>Siri AI sur iOS 27. \/\/ Source : Numerama<\/p>\n<p>Ceci \u00e9tant dit, Greg Joswiak a depuis pr\u00e9cis\u00e9 son ressenti. \u00ab Nous avons essay\u00e9 d\u2019apporter des solutions \u00e0 la Commission europ\u00e9enne qui essayent d\u2019atteindre l\u2019interop\u00e9rabilit\u00e9, mais en pr\u00e9servant la confidentialit\u00e9 et la s\u00e9curit\u00e9 de nos clients \u00bb, a-t-il assur\u00e9. Avant d\u2019ajouter : \u00ab Mais ils veulent essentiellement que nous communiquions ces informations et ce contexte personnel \u00e0 tout d\u00e9veloppeur. \u00bb<\/p>\n<p>Selon lui, cela va plus loin que le simple fait de fournir ces \u00e9l\u00e9ments \u00e0 des entreprises tierces. \u00ab Ils veulent que cet acte donne un large acc\u00e8s \u00e0 ces informations sans aucune barri\u00e8re de s\u00e9curit\u00e9, sans aucune protection. D\u2019ailleurs, nous n\u2019avons pas non plus ces informations, c\u2019est quelque chose qui se trouve uniquement sur votre appareil. \u00bb <\/p>\n<p>Pour Apple, le DMA est \u00ab une exp\u00e9rience gouvernementale rat\u00e9e \u00bb<\/p>\n<p>Greg Joswiak esp\u00e8re m\u00eame que d\u2019autres gouvernements ne suivront pas le mod\u00e8le de l\u2019UE avec le DMA. Pour lui, il s\u2019agit d\u2019une \u00ab exp\u00e9rience rat\u00e9e \u00bb, qui n\u2019a \u00ab pas \u00e9t\u00e9 formidable pour les utilisateurs \u00bb. L\u2019interviewer souligne d\u2019ailleurs que le vice-pr\u00e9sident n\u2019a jamais \u00e9t\u00e9 aussi formel publiquement.<\/p>\n<p>Une virulence que Greg Joswiak justifie par sa frustration. \u00ab C\u2019est frustrant, \u00e7a brise le c\u0153ur, on aurait aim\u00e9 pouvoir le fournir \u00e0 nos utilisateurs. Et on va travailler dur pour le faire. On leur a propos\u00e9 des solutions, ils n\u2019ont pas accept\u00e9. Mais on va continuer \u00e0 \u00e9changer avec eux, on va continuer \u00e0 essayer de faire les bonnes choses pour les utilisateurs. \u00bb<\/p>\n<p>\u00c0 une condition pr\u00e8s : \u00ab Nous ne ferons pas de compromis sur la vie priv\u00e9e et la s\u00e9curit\u00e9 des utilisateurs. \u00bb Un point louable, mais qui risque de ne pas plaire \u00e0 la Commission europ\u00e9enne, qui demande une ouverture \u00e0 la concurrence sans r\u00e9ellement mentionner de moyen pour pr\u00e9server les donn\u00e9es personnelles.<\/p>\n<p><a href=\"https:\/\/www.numerama.com\/wp-content\/uploads\/2026\/06\/siri-ai-app.jpg\" rel=\"nofollow noopener\" target=\"_blank\"><img decoding=\"async\" width=\"1024\" height=\"576\" loading=\"lazy\" alt=\"L'application Siri sur un iPhone am\u00e9ricain. \/\/ Source : Numerama\" title=\"L'application Siri sur un iPhone am\u00e9ricain. \/\/ Source : Numerama\" class=\"wp-image-2271433 placeholder-default wp-image\" src=\"https:\/\/www.europesays.com\/fr\/wp-content\/uploads\/2026\/06\/siri-ai-app-1024x576.jpg\" \/><\/a>L\u2019application Siri sur un iPhone am\u00e9ricain. \/\/ Source : Numerama<\/p>\n<p>Greg Joswiak compare d\u2019ailleurs la r\u00e9glementation europ\u00e9enne \u00e0 celle du Japon, qu\u2019il juge \u00ab similaire \u00bb, mais pens\u00e9e de mani\u00e8re \u00ab bien plus r\u00e9fl\u00e9chie pour les utilisateurs \u00bb. Selon lui, Tokyo a obtenu les garanties qu\u2019il souhaitait, sans le faire \u00ab au d\u00e9triment de ses citoyens \u00bb. Derri\u00e8re cette comparaison, le message est clair : Apple estime qu\u2019il est possible d\u2019imposer un cadre exigeant aux grandes plateformes sans pour autant les contraindre \u00e0 une ouverture technique trop large, comme le ferait, selon elle, l\u2019interpr\u00e9tation actuelle du DMA.<\/p>\n<p>Ce n\u2019est d\u2019ailleurs pas la premi\u00e8re fois <a href=\"https:\/\/www.numerama.com\/tech\/2145045-apple-aimerait-que-leurope-sinspire-du-japon-pour-reguler-liphone.html\" rel=\"nofollow noopener\" target=\"_blank\">qu\u2019Apple pr\u00e9sente le Japon comme un contre-mod\u00e8le face \u00e0 Bruxelles<\/a>. Lors de l\u2019entr\u00e9e en vigueur, fin 2025, de la loi japonaise sur les smartphones, la Mobile Software Competition Act, Apple avait d\u00e9j\u00e0 expliqu\u00e9 que Tokyo avait su ouvrir davantage l\u2019iPhone tout en maintenant des garde-fous sur la s\u00e9curit\u00e9 et les boutiques d\u2019applications. \u00c0 ses yeux, le DMA europ\u00e9en imposerait au contraire un cadre plus rigide et plus intrusif.<\/p>\n<p>Quand Greg Joswiak cite le Japon, il r\u00e9active donc une ligne de d\u00e9fense d\u00e9j\u00e0 bien rod\u00e9e : Apple affirme savoir travailler avec un r\u00e9gulateur exigeant, mais consid\u00e8re que l\u2019Europe va trop loin.<\/p>\n<\/p>\n<p>            Ce contenu est bloqu\u00e9 car vous n\u2019avez pas accept\u00e9 les cookies et autres traceurs. Ce contenu est fourni par YouTube.<br \/>Pour pouvoir le visualiser, vous devez accepter l\u2019usage \u00e9tant op\u00e9r\u00e9 par YouTube avec vos donn\u00e9es qui pourront \u00eatre utilis\u00e9es pour les finalit\u00e9s suivantes : vous permettre de visualiser et de partager des contenus avec des m\u00e9dias sociaux, favoriser le d\u00e9veloppement et l\u2019am\u00e9lioration des produits d\u2019Humanoid et de ses partenaires, vous afficher des publicit\u00e9s personnalis\u00e9es par rapport \u00e0 votre profil et activit\u00e9, vous d\u00e9finir un profil publicitaire personnalis\u00e9, mesurer la performance des publicit\u00e9s et du contenu de ce site et mesurer l\u2019audience de ce site <a href=\"#\" class=\"js-privacy\" target=\"_blank\">(en savoir plus)<\/a>        <\/p>\n<p>            En cliquant sur \u00ab J\u2019accepte tout \u00bb, vous consentez aux finalit\u00e9s susmentionn\u00e9es pour l\u2019ensemble des cookies et autres traceurs d\u00e9pos\u00e9s par Humanoid et ses partenaires.        <\/p>\n<p>            Vous gardez la possibilit\u00e9 de retirer votre consentement \u00e0 tout moment. Pour plus d\u2019informations, nous vous invitons \u00e0 prendre connaissance de notre <a href=\"https:\/\/www.numerama.com\/politique-cookies\" rel=\"nofollow noopener\" target=\"_blank\">Politique cookies<\/a>.        <\/p>\n<p>        J\u2019accepte tout    <\/p>\n<p class=\"embed-consent-overlay-manage-choices\">        G\u00e9rer mes choix    <\/p>\n<p>Plus largement, le Japon s\u2019inscrit dans une logique proche de l\u2019\u00ab AI Promotion Act \u00bb : l\u2019\u00c9tat surveille les usages probl\u00e9matiques et fixe des attentes, mais privil\u00e9gie la coop\u00e9ration public-priv\u00e9, la soft law et l\u2019accompagnement de l\u2019innovation plut\u00f4t qu\u2019un empilement de contraintes d\u00e9taill\u00e9es et de sanctions automatiques.<\/p>\n<p>Ainsi, lorsque Greg Joswiak affirme que le Japon a obtenu des garanties \u00ab sans nuire \u00e0 ses citoyens \u00bb, il d\u00e9fend l\u2019id\u00e9e selon laquelle Tokyo a demand\u00e9 des engagements en mati\u00e8re de s\u00e9curit\u00e9 et de conformit\u00e9, sans imposer une interop\u00e9rabilit\u00e9 ou une ouverture technique comparable \u00e0 celle pr\u00e9vue par le DMA europ\u00e9en. <\/p>\n<p>Ce choix laisserait davantage de libert\u00e9 \u00e0 Apple dans la mani\u00e8re d\u2019impl\u00e9menter Siri AI. En clair, selon lui, le Japon fixe un cadre clair et exigeant, mais laisse aux entreprises plus de latitude sur les moyens techniques \u00e0 employer, l\u00e0 o\u00f9 l\u2019Union europ\u00e9enne chercherait \u00e0 encadrer plus directement l\u2019architecture m\u00eame des services.<\/p>\n<p>            <img decoding=\"async\" src=\"https:\/\/www.europesays.com\/fr\/wp-content\/uploads\/2025\/12\/iPhone-16-pro-vDJtn9o4_vzSsPIGCFDc5.png\" alt=\"Toute l'actu tech en un clien d'oeil\"\/><\/p>\n<p class=\"card-install-pwa__title\">Toute l&rsquo;actu tech en un clin d&rsquo;\u0153il<\/p>\n<p class=\"card-install-pwa__description\">Ajoutez Numerama \u00e0 votre \u00e9cran d&rsquo;accueil et restez connect\u00e9s au futur !<\/p>\n<p>            <img decoding=\"async\" src=\"https:\/\/www.numerama.com\/wp-content\/themes\/numerama-next\/dist\/images\/premium\/logo-card-pwa-coupe-vCvPQ_Q_ysBNfqKp6w7gG.svg\" alt=\"Logo PWA\"\/><\/p>\n<p>       Installer Numerama<\/p>\n","protected":false},"excerpt":{"rendered":"Dans une interview publi\u00e9e par EFTM le 10 juin 2026, Greg Joswiak durcit le ton contre le DMA,&hellip;\n","protected":false},"author":2,"featured_media":992752,"comment_status":"","ping_status":"","sticky":false,"template":"","format":"standard","meta":{"footnotes":"","_share_on_mastodon":"0"},"categories":[1586],"tags":[11,733,2196,1777,674,1011,27,655,2070,12,25,1767,364,103773],"class_list":["post-992751","post","type-post","status-publish","format-standard","has-post-thumbnail","category-europe","tag-actualites","tag-apple","tag-commission-europeenne","tag-eu","tag-europe","tag-fr","tag-france","tag-iphone","tag-japon","tag-news","tag-republique-francaise","tag-siri","tag-union-europeenne","tag-wwdc-2026"],"share_on_mastodon":{"url":"https:\/\/pubeurope.com\/@fr\/116730925825340320","error":""},"_links":{"self":[{"href":"https:\/\/www.europesays.com\/fr\/wp-json\/wp\/v2\/posts\/992751","targetHints":{"allow":["GET"]}}],"collection":[{"href":"https:\/\/www.europesays.com\/fr\/wp-json\/wp\/v2\/posts"}],"about":[{"href":"https:\/\/www.europesays.com\/fr\/wp-json\/wp\/v2\/types\/post"}],"author":[{"embeddable":true,"href":"https:\/\/www.europesays.com\/fr\/wp-json\/wp\/v2\/users\/2"}],"replies":[{"embeddable":true,"href":"https:\/\/www.europesays.com\/fr\/wp-json\/wp\/v2\/comments?post=992751"}],"version-history":[{"count":0,"href":"https:\/\/www.europesays.com\/fr\/wp-json\/wp\/v2\/posts\/992751\/revisions"}],"wp:featuredmedia":[{"embeddable":true,"href":"https:\/\/www.europesays.com\/fr\/wp-json\/wp\/v2\/media\/992752"}],"wp:attachment":[{"href":"https:\/\/www.europesays.com\/fr\/wp-json\/wp\/v2\/media?parent=992751"}],"wp:term":[{"taxonomy":"category","embeddable":true,"href":"https:\/\/www.europesays.com\/fr\/wp-json\/wp\/v2\/categories?post=992751"},{"taxonomy":"post_tag","embeddable":true,"href":"https:\/\/www.europesays.com\/fr\/wp-json\/wp\/v2\/tags?post=992751"}],"curies":[{"name":"wp","href":"https:\/\/api.w.org\/{rel}","templated":true}]}}