{"id":99276,"date":"2025-05-14T11:52:08","date_gmt":"2025-05-14T11:52:08","guid":{"rendered":"https:\/\/www.europesays.com\/fr\/99276\/"},"modified":"2025-05-14T11:52:08","modified_gmt":"2025-05-14T11:52:08","slug":"lue-annonce-un-investissement-de-73-milliards-deuros-pour-renforcer-sa-competitivite","status":"publish","type":"post","link":"https:\/\/www.europesays.com\/fr\/99276\/","title":{"rendered":"L&rsquo;UE annonce un investissement de 7,3 milliards d&rsquo;euros pour renforcer sa comp\u00e9titivit\u00e9"},"content":{"rendered":"<p>Cet investissement, d\u00e9ploy\u00e9 dans le cadre du programme europ\u00e9en d\u00e9di\u00e9 \u00e0 la recherche et l\u2019innovation \u201cHorizon Europe\u201d au titre de 2025, doit permettre notamment de stimuler la science de pointe et acc\u00e9l\u00e9rer les transitions \u00e9cologique et num\u00e9rique de l&rsquo;UE, selon Bruxelles. <\/p>\n<p>Le programme contribuera \u00e0 attirer et \u00e0 retenir les meilleurs chercheurs en Europe et offrira un soutien cibl\u00e9 aux personnes touch\u00e9es par la guerre et les d\u00e9placements, a insist\u00e9 l\u2019Ex\u00e9cutif, soulignant \u00e9galement le lancement d\u2019un nouveau projet pilote du programme de travail Actions Marie Sk\u0142odowska-Curie (AMSC) intitul\u00e9 \u00a0\u00bbChoisir l&rsquo;Europe pour la science\u00a0\u00bb, qui offrira davantage de soutien et d&rsquo;opportunit\u00e9s aux chercheurs en d\u00e9but de carri\u00e8re, notamment des allocations comp\u00e9titives et des contrats plus longs. <\/p>\n<p>Ce projet pilote s&rsquo;inscrit dans le cadre d&rsquo;une enveloppe de 500 millions d&rsquo;euros pour la p\u00e9riode 2025-2027 et de l&rsquo;initiative plus large \u00a0\u00bbChoisir l\u2019Europe\u00a0\u00bb, pr\u00e9sent\u00e9e la semaine derni\u00e8re par la pr\u00e9sidente de la CE, Ursula von der Leyen, dans le but de faire de l\u2019UE un p\u00f4le d&rsquo;attraction pour les chercheurs. <\/p>\n<p>D&rsquo;apr\u00e8s Bruxelles, cette initiative se concentre sur trois objectifs : pr\u00e9server la libert\u00e9 et l&rsquo;ouverture de la science, investir dans les talents et acc\u00e9l\u00e9rer l&rsquo;innovation en Europe. <\/p>\n<p>\u201cLa puissance \u00e9conomique, la comp\u00e9titivit\u00e9 et la qualit\u00e9 de vie de l&rsquo;Europe d\u00e9pendent de la recherche et de l&rsquo;innovation\u201d, a d\u00e9clar\u00e9 la Commissaire europ\u00e9enne charg\u00e9e des startups, de la recherche et de l&rsquo;innovation, Ekaterina Zaharieva, notant que le programme de travail Horizon Europe 2025 vise \u00e0 \u201crepousser les fronti\u00e8res scientifiques, attirer et retenir les meilleurs talents et renforcer le moteur de la recherche europ\u00e9enne et son avance mondiale\u201d. <\/p>\n<p>Elle a \u00e9galement soulign\u00e9 que ce programme de travail consacre 36% de financements \u00e0 l&rsquo;innovation num\u00e9rique et 1,6 milliard d&rsquo;euros \u00e0 l&rsquo;IA, en plus de porter \u201cune attention particuli\u00e8re au climat, \u00e0 la s\u00e9curit\u00e9 et \u00e0 l&rsquo;industrie\u201d. <\/p>\n<p>A noter que gr\u00e2ce au Conseil europ\u00e9en de la recherche (CER), les chercheurs qui s&rsquo;installent en Europe b\u00e9n\u00e9ficient d\u00e9j\u00e0 d&rsquo;un compl\u00e9ment de financement, qui vient d&rsquo;\u00eatre doubl\u00e9. De plus, de nouvelles \u00a0\u00bbsuper subventions\u00a0\u00bb d&rsquo;une dur\u00e9e de sept ans, octroy\u00e9es par le CER, \u201coffriront un soutien \u00e0 long terme aux meilleurs talents\u201d, rel\u00e8ve-t-on. <\/p>\n<p>Dot\u00e9 de 93,5 milliards d&rsquo;euros, Horizon Europe couvre la p\u00e9riode 2021-2027. La majeure partie de son financement est allou\u00e9e sur la base d&rsquo;appels \u00e0 propositions, lanc\u00e9s selon dans des programmes de travail qui d\u00e9finissent les objectifs et les domaines th\u00e9matiques sp\u00e9cifiques.<\/p>\n","protected":false},"excerpt":{"rendered":"Cet investissement, d\u00e9ploy\u00e9 dans le cadre du programme europ\u00e9en d\u00e9di\u00e9 \u00e0 la recherche et l\u2019innovation \u201cHorizon Europe\u201d au&hellip;\n","protected":false},"author":2,"featured_media":99277,"comment_status":"","ping_status":"","sticky":false,"template":"","format":"standard","meta":{"footnotes":""},"categories":[1586],"tags":[11,5024,5025,5026,258,5028,1659,5029,5027,251,33,2518,1283,1777,674,1779,1011,27,1757,1393,985,12,316,25,104,517,5030,1778,364],"class_list":{"0":"post-99276","1":"post","2":"type-post","3":"status-publish","4":"format-standard","5":"has-post-thumbnail","7":"category-europe","8":"tag-actualites","9":"tag-actualites-et-infos-au-maroc","10":"tag-actualites-et-infos-mondiale","11":"tag-actualites-marocaines-du-jour","12":"tag-alimentation","13":"tag-analyses","14":"tag-art-de-vivre","15":"tag-chronique","16":"tag-consommation-et-bien-etre","17":"tag-culture","18":"tag-economie","19":"tag-edito","20":"tag-etudes","21":"tag-eu","22":"tag-europe","23":"tag-european-union","24":"tag-fr","25":"tag-france","26":"tag-insolite","27":"tag-loisirs","28":"tag-mode","29":"tag-news","30":"tag-politique","31":"tag-republique-francaise","32":"tag-societe","33":"tag-sport","34":"tag-tribune","35":"tag-ue","36":"tag-union-europeenne"},"share_on_mastodon":{"url":"https:\/\/pubeurope.com\/@fr\/114506048680828510","error":""},"_links":{"self":[{"href":"https:\/\/www.europesays.com\/fr\/wp-json\/wp\/v2\/posts\/99276","targetHints":{"allow":["GET"]}}],"collection":[{"href":"https:\/\/www.europesays.com\/fr\/wp-json\/wp\/v2\/posts"}],"about":[{"href":"https:\/\/www.europesays.com\/fr\/wp-json\/wp\/v2\/types\/post"}],"author":[{"embeddable":true,"href":"https:\/\/www.europesays.com\/fr\/wp-json\/wp\/v2\/users\/2"}],"replies":[{"embeddable":true,"href":"https:\/\/www.europesays.com\/fr\/wp-json\/wp\/v2\/comments?post=99276"}],"version-history":[{"count":0,"href":"https:\/\/www.europesays.com\/fr\/wp-json\/wp\/v2\/posts\/99276\/revisions"}],"wp:featuredmedia":[{"embeddable":true,"href":"https:\/\/www.europesays.com\/fr\/wp-json\/wp\/v2\/media\/99277"}],"wp:attachment":[{"href":"https:\/\/www.europesays.com\/fr\/wp-json\/wp\/v2\/media?parent=99276"}],"wp:term":[{"taxonomy":"category","embeddable":true,"href":"https:\/\/www.europesays.com\/fr\/wp-json\/wp\/v2\/categories?post=99276"},{"taxonomy":"post_tag","embeddable":true,"href":"https:\/\/www.europesays.com\/fr\/wp-json\/wp\/v2\/tags?post=99276"}],"curies":[{"name":"wp","href":"https:\/\/api.w.org\/{rel}","templated":true}]}}