{"id":99288,"date":"2025-05-14T11:59:08","date_gmt":"2025-05-14T11:59:08","guid":{"rendered":"https:\/\/www.europesays.com\/fr\/99288\/"},"modified":"2025-05-14T11:59:08","modified_gmt":"2025-05-14T11:59:08","slug":"atp-rome-john-isner-sur-le-retour-de-suspension-de-sinner-je-pense-que-le-fait-davoir-trois-mois-pour-se-renforcer-physiquement-lui-sera-tres-utile-dans-les-annees-a-venir","status":"publish","type":"post","link":"https:\/\/www.europesays.com\/fr\/99288\/","title":{"rendered":"ATP &#8211; Rome > John Isner sur le retour de suspension de Sinner : \u00ab\u00a0Je pense que le fait d&rsquo;avoir trois mois pour se renforcer physiquement lui sera tr\u00e8s utile dans les\u00a0ann\u00e9es\u00a0\u00e0\u00a0venir\u00a0\u00bb"},"content":{"rendered":"<p>Apr\u00e8s sa mise \u00e0 l\u2019\u00e9cart des courts de trois mois, les r\u00e9sul\u00adtats de Jannik Sinner sont tr\u00e8s posi\u00adtifs. Qualifi\u00e9 en quart de finale du Masters 1000 de Rome, avec aucun set conc\u00e9d\u00e9, le num\u00e9ro un mondial confirme qu\u2019il sera bien au rendez\u2010vous \u00e0 Roland\u2010Garros.<\/p>\n<p>Pour John Isner, cet arr\u00eat forc\u00e9 du tennis a \u00e9t\u00e9 plus b\u00e9n\u00e9\u00adfique que contrai\u00adgnant pour le triple cham\u00adpion en Grand Chelem. Cela n\u2019a pas \u00e9chapp\u00e9 aux obser\u00adva\u00adteurs, <a href=\"https:\/\/www.welovetennis.fr\/atp\/atp-rome\/la-transformation-inattendue-de-jannik-sinner\" data-wpel-link=\"internal\" target=\"_blank\" rel=\"noopener\">l\u2019Italien a profit\u00e9 de ce moment pour revenir \u00e0 la comp\u00e9\u00adti\u00adtion avec plus de volume muscu\u00adlaire<\/a>. Un avan\u00adtage impor\u00adtant pour la suite de sa carri\u00e8re, selon l\u2019an\u00adcien huiti\u00e8me joueur mondial.<\/p>\n<p><strong>\u00ab\u202fC\u2019est un d\u00e9part parfait pour lui. En fait, je pense qu\u2019il a \u00e9t\u00e9 absent pendant trois mois et qu\u2019il n\u2019a pas \u00e9t\u00e9 bless\u00e9. Je pense que c\u2019est un peu une b\u00e9n\u00e9\u00addic\u00adtion d\u00e9guis\u00e9e parce que c\u2019est rare d\u2019avoir trois mois d\u2019ab\u00adsence. Bien s\u00fbr, il aurait pr\u00e9f\u00e9r\u00e9 jouer ces tour\u00adnois, mais il n\u2019avait pas le choix. Il ne pouvait pas jouer ces tour\u00adnois. Je pense que le fait d\u2019avoir trois mois pour se renforcer physi\u00adque\u00adment lui sera tr\u00e8s utile dans les ann\u00e9es \u00e0 venir. Il faut voir cela comme une autre saison morte qu\u2019il a gagn\u00e9e\u202f\u00bb<\/strong>, a analys\u00e9 l\u2019Am\u00e9ricain, dans le podcast Nothing Major.<\/p>\n<p class=\"post-published-date\" style=\"color: silver; font-size: 75%; text-align: left;\">Publi\u00e9 le mercredi 14 mai 2025 \u00e0 11:58<\/p>\n","protected":false},"excerpt":{"rendered":"Apr\u00e8s sa mise \u00e0 l\u2019\u00e9cart des courts de trois mois, les r\u00e9sul\u00adtats de Jannik Sinner sont tr\u00e8s posi\u00adtifs.&hellip;\n","protected":false},"author":2,"featured_media":99289,"comment_status":"","ping_status":"","sticky":false,"template":"","format":"standard","meta":{"footnotes":""},"categories":[1415],"tags":[1011,27,21365,2127,60,1467],"class_list":{"0":"post-99288","1":"post","2":"type-post","3":"status-publish","4":"format-standard","5":"has-post-thumbnail","7":"category-tennis","8":"tag-fr","9":"tag-france","10":"tag-isner","11":"tag-sinner","12":"tag-sports","13":"tag-tennis"},"share_on_mastodon":{"url":"https:\/\/pubeurope.com\/@fr\/114506076179609956","error":""},"_links":{"self":[{"href":"https:\/\/www.europesays.com\/fr\/wp-json\/wp\/v2\/posts\/99288","targetHints":{"allow":["GET"]}}],"collection":[{"href":"https:\/\/www.europesays.com\/fr\/wp-json\/wp\/v2\/posts"}],"about":[{"href":"https:\/\/www.europesays.com\/fr\/wp-json\/wp\/v2\/types\/post"}],"author":[{"embeddable":true,"href":"https:\/\/www.europesays.com\/fr\/wp-json\/wp\/v2\/users\/2"}],"replies":[{"embeddable":true,"href":"https:\/\/www.europesays.com\/fr\/wp-json\/wp\/v2\/comments?post=99288"}],"version-history":[{"count":0,"href":"https:\/\/www.europesays.com\/fr\/wp-json\/wp\/v2\/posts\/99288\/revisions"}],"wp:featuredmedia":[{"embeddable":true,"href":"https:\/\/www.europesays.com\/fr\/wp-json\/wp\/v2\/media\/99289"}],"wp:attachment":[{"href":"https:\/\/www.europesays.com\/fr\/wp-json\/wp\/v2\/media?parent=99288"}],"wp:term":[{"taxonomy":"category","embeddable":true,"href":"https:\/\/www.europesays.com\/fr\/wp-json\/wp\/v2\/categories?post=99288"},{"taxonomy":"post_tag","embeddable":true,"href":"https:\/\/www.europesays.com\/fr\/wp-json\/wp\/v2\/tags?post=99288"}],"curies":[{"name":"wp","href":"https:\/\/api.w.org\/{rel}","templated":true}]}}