{"id":992887,"date":"2026-06-11T11:30:22","date_gmt":"2026-06-11T11:30:22","guid":{"rendered":"https:\/\/www.europesays.com\/fr\/992887\/"},"modified":"2026-06-11T11:30:22","modified_gmt":"2026-06-11T11:30:22","slug":"atp-steve-johnson-au-sujet-de-zverev-maintenant-il-ne-lui-manque-que-la-place-de-numero-1-mondial","status":"publish","type":"post","link":"https:\/\/www.europesays.com\/fr\/992887\/","title":{"rendered":"ATP > Steve Johnson au sujet de Zverev : \u00ab\u00a0Maintenant, il ne lui manque que la place de num\u00e9ro 1 mondial\u00a0\u00bb"},"content":{"rendered":"<p><a href=\"https:\/\/www.welovetennis.fr\/wp-content\/uploads\/2026\/06\/Zverev-pres-RG-2026.jpeg\" data-caption=\"\" rel=\"nofollow noopener\" target=\"_blank\"><img loading=\"lazy\" decoding=\"async\" width=\"696\" height=\"367\" class=\"entry-thumb td-modal-image lazy\" src=\"data:image\/svg+xml,%3Csvg%20xmlns=\" http:=\"\" data-src=\"https:\/\/www.europesays.com\/fr\/wp-content\/uploads\/2026\/06\/Zverev-pres-RG-2026-696x367.jpeg\" data- data- alt=\"\" title=\"Zverev pre\u0300s RG 2026\"\/><\/a><\/p>\n<p>Dans leur podcast, Steve Johnson, John Isner, Sam Querrey se sont pos\u00e9s la ques\u00adtion de savoir si apr\u00e8s son titre \u00e0 Paris, Zverev m\u00e9rite le fameux \u00ab\u202fHall on\u00a0fame\u202f\u00bb.\u00a0<\/p>\n<blockquote class=\"twitter-tweet\">\n<p lang=\"en\" dir=\"ltr\">Has Alexander Zverev already done enough to be consi\u00addered a Hall of Famer\u202f? \ud83e\udd14<\/p>\n<p>The guys take a look at some of his acco\u00adlades \ud83c\udfc6 <a href=\"https:\/\/t.co\/EW2gI5OEaH\" data-wpel-link=\"external\" target=\"_blank\" rel=\"nofollow external noopener\">pic.twitter.com\/EW2gI5OEaH<\/a><\/p>\n<p>\u2014 Nothing Major Show (@NothingMajorPod) <a href=\"https:\/\/x.com\/NothingMajorPod\/status\/2064855950779961441?ref_src=twsrc%5Etfw\" data-wpel-link=\"external\" target=\"_blank\" rel=\"nofollow external noopener\">June 10,\u00a02026<\/a><\/p><\/blockquote>\n<p>La conver\u00adsa\u00adtion est anim\u00e9 mais \u00e0 la fin, ces 3 ex\u2010champions du tour sont d\u2019ac\u00adcord, Zverev m\u00e9rite ce label m\u00eame s\u2019il lui manque la place de num\u00e9ro 1 \u00e0 son palmar\u00e8s comme l\u2019ex\u00adplique Steve.<\/p>\n<p><strong>\u00ab\u202fSacha est main\u00adte\u00adnant un vain\u00adqueur de Grand Chelem, il a d\u00e9j\u00e0 remport\u00e9 les ATPFinals, des Masters1000\u202fen pagaille, la m\u00e9daille d\u2019or des Jeux, plus de 750 victoires, apr\u00e8s je crois pas qu\u2019il a remport\u00e9 la Coupe Davis mais bon cela n\u2019a plus vrai\u00adment de valeur, apr\u00e8s la v\u00e9rit\u00e9 est qu\u2019il lui manque quand m\u00eame la place de num\u00e9ro 1 mondial\u202f\u00bb<\/strong><\/p>\n<p class=\"post-published-date\" style=\"color: silver; font-size: 75%; text-align: left;\">Publi\u00e9 le jeudi 11 juin 2026 \u00e0 11:45<\/p>\n<p><a href=\"https:\/\/www.welovetennis.fr\/author\/laurent\" data-wpel-link=\"internal\" rel=\"nofollow noopener\" target=\"_blank\"><img loading=\"lazy\" decoding=\"async\" alt=\"\" src=\"data:image\/svg+xml,%3Csvg%20xmlns=\" http:=\"\" data-src=\"https:\/\/www.europesays.com\/fr\/wp-content\/uploads\/2026\/06\/1781177422_0_1104042c3caec0db3ac445b788aaf1d75dd9c85915bc1ed65f3fbc794a170e52.jpeg\" data- class=\"avatar avatar-96 photo lazy\" height=\"96\" width=\"96\"\/><\/a><br \/>\nA propos de l\u2019auteur<br \/>\n<a href=\"https:\/\/www.welovetennis.fr\/author\/laurent\" data-wpel-link=\"internal\" rel=\"nofollow noopener\" target=\"_blank\">Laurent Trupiano<\/a><\/p>\n<p class=\"wlt-author-bio\">Laurent Trupiano est jour\u00adna\u00adliste depuis plus de 25 ans, il a travaill\u00e9 pour divers m\u00e9dias (Le Parisien, Le Point, Radio France), il a \u00e9t\u00e9 le co\u2010fondateur de Sport24.com. En 2007, il a cr\u00e9\u00e9 le maga\u00adzine We Love Tennis et lanc\u00e9 le site Welovetennis.fr en 2013. Aujourd\u2019hui, il est le direc\u00adteur de la r\u00e9dac\u00adtion des deux supports.<\/p>\n<p>  <script async src=\"https:\/\/platform.twitter.com\/widgets.js\" charset=\"utf-8\"><\/script><\/p>\n","protected":false},"excerpt":{"rendered":"Dans leur podcast, Steve Johnson, John Isner, Sam Querrey se sont pos\u00e9s la ques\u00adtion de savoir si apr\u00e8s&hellip;\n","protected":false},"author":2,"featured_media":992888,"comment_status":"","ping_status":"","sticky":false,"template":"","format":"standard","meta":{"footnotes":"","_share_on_mastodon":"0"},"categories":[1415],"tags":[1011,27,21365,60,1467,4542],"class_list":["post-992887","post","type-post","status-publish","format-standard","has-post-thumbnail","category-tennis","tag-fr","tag-france","tag-isner","tag-sports","tag-tennis","tag-zverev"],"share_on_mastodon":{"url":"https:\/\/pubeurope.com\/@fr\/116731250247184974","error":""},"_links":{"self":[{"href":"https:\/\/www.europesays.com\/fr\/wp-json\/wp\/v2\/posts\/992887","targetHints":{"allow":["GET"]}}],"collection":[{"href":"https:\/\/www.europesays.com\/fr\/wp-json\/wp\/v2\/posts"}],"about":[{"href":"https:\/\/www.europesays.com\/fr\/wp-json\/wp\/v2\/types\/post"}],"author":[{"embeddable":true,"href":"https:\/\/www.europesays.com\/fr\/wp-json\/wp\/v2\/users\/2"}],"replies":[{"embeddable":true,"href":"https:\/\/www.europesays.com\/fr\/wp-json\/wp\/v2\/comments?post=992887"}],"version-history":[{"count":0,"href":"https:\/\/www.europesays.com\/fr\/wp-json\/wp\/v2\/posts\/992887\/revisions"}],"wp:featuredmedia":[{"embeddable":true,"href":"https:\/\/www.europesays.com\/fr\/wp-json\/wp\/v2\/media\/992888"}],"wp:attachment":[{"href":"https:\/\/www.europesays.com\/fr\/wp-json\/wp\/v2\/media?parent=992887"}],"wp:term":[{"taxonomy":"category","embeddable":true,"href":"https:\/\/www.europesays.com\/fr\/wp-json\/wp\/v2\/categories?post=992887"},{"taxonomy":"post_tag","embeddable":true,"href":"https:\/\/www.europesays.com\/fr\/wp-json\/wp\/v2\/tags?post=992887"}],"curies":[{"name":"wp","href":"https:\/\/api.w.org\/{rel}","templated":true}]}}