{"id":992899,"date":"2026-06-11T11:40:31","date_gmt":"2026-06-11T11:40:31","guid":{"rendered":"https:\/\/www.europesays.com\/fr\/992899\/"},"modified":"2026-06-11T11:40:31","modified_gmt":"2026-06-11T11:40:31","slug":"louane-complimentee-par-une-chanteuse-cest-un-petit-miracle","status":"publish","type":"post","link":"https:\/\/www.europesays.com\/fr\/992899\/","title":{"rendered":"Louane, compliment\u00e9e par une chanteuse\u00a0: \u00ab\u00a0c&rsquo;est un petit miracle\u00a0\u00bb"},"content":{"rendered":"<p><strong>Compliments.<\/strong> Lio ne tarit pas d&rsquo;\u00e9loges sur <a href=\"https:\/\/www.journaldesfemmes.fr\/people\/personnalites\/2722283-louane\/\" title=\"Louane Emera\" rel=\"nofollow noopener\" target=\"_blank\">Louane<\/a> qui lui a \u00e9crit une chanson baptis\u00e9e\u00a0Amoureuse solo et qu&rsquo;elle avait suivi lors de sa participation \u00e0 The Voice en 2013. \u00ab\u00a0Je crois aux miracles et tr\u00e8s sinc\u00e8rement, je trouve que cette jeune femme est un petit miracle (&#8230;)\u00a0Qu&rsquo;elle gagne ou pas, je savais. Ce n&rsquo;\u00e9tait pas grave, quelque chose allait se passer (&#8230;) Il y a cette capacit\u00e9 de toujours s&rsquo;en sortir par le haut, par quelque chose de beau et de merveilleux\u00a0\u00bb, a racont\u00e9 la chanteuse de 63 ans dans\u00a0C \u00e0 Vous.<\/p>\n","protected":false},"excerpt":{"rendered":"Compliments. Lio ne tarit pas d&rsquo;\u00e9loges sur Louane qui lui a \u00e9crit une chanson baptis\u00e9e\u00a0Amoureuse solo et qu&rsquo;elle&hellip;\n","protected":false},"author":2,"featured_media":992900,"comment_status":"","ping_status":"","sticky":false,"template":"","format":"standard","meta":{"footnotes":"","_share_on_mastodon":"0"},"categories":[1355],"tags":[104253,51761,58,59,52292,1011,27,51766,4501,1031,1361,873],"class_list":["post-992899","post","type-post","status-publish","format-standard","has-post-thumbnail","category-musique","tag-cms-journaldesfemmes-3268847","tag-controller-content","tag-divertissement","tag-entertainment","tag-format-reportage","tag-fr","tag-france","tag-les-histoires-du-jdf","tag-louane","tag-magazine","tag-music","tag-musique"],"share_on_mastodon":{"url":"https:\/\/pubeurope.com\/@fr\/116731289802761888","error":""},"_links":{"self":[{"href":"https:\/\/www.europesays.com\/fr\/wp-json\/wp\/v2\/posts\/992899","targetHints":{"allow":["GET"]}}],"collection":[{"href":"https:\/\/www.europesays.com\/fr\/wp-json\/wp\/v2\/posts"}],"about":[{"href":"https:\/\/www.europesays.com\/fr\/wp-json\/wp\/v2\/types\/post"}],"author":[{"embeddable":true,"href":"https:\/\/www.europesays.com\/fr\/wp-json\/wp\/v2\/users\/2"}],"replies":[{"embeddable":true,"href":"https:\/\/www.europesays.com\/fr\/wp-json\/wp\/v2\/comments?post=992899"}],"version-history":[{"count":0,"href":"https:\/\/www.europesays.com\/fr\/wp-json\/wp\/v2\/posts\/992899\/revisions"}],"wp:featuredmedia":[{"embeddable":true,"href":"https:\/\/www.europesays.com\/fr\/wp-json\/wp\/v2\/media\/992900"}],"wp:attachment":[{"href":"https:\/\/www.europesays.com\/fr\/wp-json\/wp\/v2\/media?parent=992899"}],"wp:term":[{"taxonomy":"category","embeddable":true,"href":"https:\/\/www.europesays.com\/fr\/wp-json\/wp\/v2\/categories?post=992899"},{"taxonomy":"post_tag","embeddable":true,"href":"https:\/\/www.europesays.com\/fr\/wp-json\/wp\/v2\/tags?post=992899"}],"curies":[{"name":"wp","href":"https:\/\/api.w.org\/{rel}","templated":true}]}}