{"id":99294,"date":"2025-05-14T12:03:08","date_gmt":"2025-05-14T12:03:08","guid":{"rendered":"https:\/\/www.europesays.com\/fr\/99294\/"},"modified":"2025-05-14T12:03:08","modified_gmt":"2025-05-14T12:03:08","slug":"mads-pedersen-voit-la-vie-en-rose-et-signe-jusqua-la-fin-de-sa-carriere-avec-lidl-trek-rts-ch","status":"publish","type":"post","link":"https:\/\/www.europesays.com\/fr\/99294\/","title":{"rendered":"Mads Pedersen voit la vie en rose et signe jusqu&rsquo;\u00e0 la fin de sa carri\u00e8re avec Lidl-Trek &#8211; rts.ch"},"content":{"rendered":"<p>Mads Pedersen, actuel leader du Giro, a prolong\u00e9 son contrat avec Lidl-Trek jusqu&rsquo;\u00e0 la fin de sa carri\u00e8re. Ag\u00e9 de 29 ans, le champion du monde 2019 n&rsquo;a connu que cette \u00e9quipe depuis ses d\u00e9buts dans le World Tour en 2017, lorsqu&rsquo;elle s&rsquo;appelait encore Trek-Segafredo.<\/p>\n<p>\u00ab\u00a0La d\u00e9cision de rester chez Lidl-Trek jusqu&rsquo;\u00e0 la fin de ma carri\u00e8re a \u00e9t\u00e9 facile \u00e0 prendre. Cette \u00e9quipe est devenue une deuxi\u00e8me famille\u00a0\u00bb, explique Mads Pedersen, qui r\u00e9alise une saison remarquable jusque-l\u00e0.<\/p>\n<p>Wout Van Aert avait lui aussi sign\u00e9 l&rsquo;ann\u00e9e derni\u00e8re un tel \u00ab\u00a0contrat \u00e0 vie\u00a0\u00bb avec l&rsquo;\u00e9quipe Visma-Lease a bike.<\/p>\n<p>Vainqueur du Tour de la Provence, de Gand-Wevelgem, 2e du Tour des Flandres et 3e de Paris-Roubaix, Pedersen a aussi gagn\u00e9 2 \u00e9tapes au Giro, dont il porte actuellement le maillot rose. \u00ab\u00a0Mon grand objectif pour les prochaines ann\u00e9es est de gagner ce Monument pour lequel je me bats et en g\u00e9n\u00e9ral de remporter un maximum de victoires\u00a0\u00bb.<\/p>\n<p>Pedersen compte 52 succ\u00e8s mais court toujours derri\u00e8re une victoire dans l&rsquo;une des 5 plus grandes classiques du cyclisme.<\/p>\n","protected":false},"excerpt":{"rendered":"Mads Pedersen, actuel leader du Giro, a prolong\u00e9 son contrat avec Lidl-Trek jusqu&rsquo;\u00e0 la fin de sa carri\u00e8re.&hellip;\n","protected":false},"author":2,"featured_media":99295,"comment_status":"","ping_status":"","sticky":false,"template":"","format":"standard","meta":{"footnotes":""},"categories":[1411],"tags":[3108,1154,207,20173,1011,27,20575,21366,1656,517,60,6006,1139,21367,21368,21369,1264,11698],"class_list":{"0":"post-99294","1":"post","2":"type-post","3":"status-publish","4":"format-standard","5":"has-post-thumbnail","7":"category-cyclisme","8":"tag-contrat","9":"tag-cycling","10":"tag-cyclisme","11":"tag-etape","12":"tag-fr","13":"tag-france","14":"tag-gand-wevelgem","15":"tag-mads-pedersen","16":"tag-paris-roubaix","17":"tag-sport","18":"tag-sports","19":"tag-succes","20":"tag-tour-ditalie","21":"tag-tour-de-la-provence","22":"tag-trek-segafredo","23":"tag-vainqueur","24":"tag-victoire","25":"tag-wout-van-aert"},"share_on_mastodon":{"url":"https:\/\/pubeurope.com\/@fr\/114506092005420325","error":""},"_links":{"self":[{"href":"https:\/\/www.europesays.com\/fr\/wp-json\/wp\/v2\/posts\/99294","targetHints":{"allow":["GET"]}}],"collection":[{"href":"https:\/\/www.europesays.com\/fr\/wp-json\/wp\/v2\/posts"}],"about":[{"href":"https:\/\/www.europesays.com\/fr\/wp-json\/wp\/v2\/types\/post"}],"author":[{"embeddable":true,"href":"https:\/\/www.europesays.com\/fr\/wp-json\/wp\/v2\/users\/2"}],"replies":[{"embeddable":true,"href":"https:\/\/www.europesays.com\/fr\/wp-json\/wp\/v2\/comments?post=99294"}],"version-history":[{"count":0,"href":"https:\/\/www.europesays.com\/fr\/wp-json\/wp\/v2\/posts\/99294\/revisions"}],"wp:featuredmedia":[{"embeddable":true,"href":"https:\/\/www.europesays.com\/fr\/wp-json\/wp\/v2\/media\/99295"}],"wp:attachment":[{"href":"https:\/\/www.europesays.com\/fr\/wp-json\/wp\/v2\/media?parent=99294"}],"wp:term":[{"taxonomy":"category","embeddable":true,"href":"https:\/\/www.europesays.com\/fr\/wp-json\/wp\/v2\/categories?post=99294"},{"taxonomy":"post_tag","embeddable":true,"href":"https:\/\/www.europesays.com\/fr\/wp-json\/wp\/v2\/tags?post=99294"}],"curies":[{"name":"wp","href":"https:\/\/api.w.org\/{rel}","templated":true}]}}