{"id":992975,"date":"2026-06-11T12:30:17","date_gmt":"2026-06-11T12:30:17","guid":{"rendered":"https:\/\/www.europesays.com\/fr\/992975\/"},"modified":"2026-06-11T12:30:17","modified_gmt":"2026-06-11T12:30:17","slug":"periscolaire-a-paris-chikirou-fait-un-signalement-et-met-en-cause-la-responsabilite-penale-de-la-municipalite","status":"publish","type":"post","link":"https:\/\/www.europesays.com\/fr\/992975\/","title":{"rendered":"P\u00e9riscolaire \u00e0 Paris : Chikirou fait un signalement et met en cause la \u00ab responsabilit\u00e9 p\u00e9nale \u00bb de la municipalit\u00e9"},"content":{"rendered":"<p class=\"mb-4 text-lg md:leading-8 break-words\"><strong>p\u00e9docriminalit\u00e9 &#8211; Le groupe Nouveau Paris populaire, copr\u00e9sid\u00e9 par Sophia Chikirou et Emile Meunier, a saisi le procureur pour mettre en cause la \u00ab\u00a0responsabilit\u00e9 p\u00e9nale\u00a0\u00bb de la Ville de Paris dans la gestion du scandale des violences sexuelles dans le p\u00e9riscolaire<\/strong><\/p>\n<p class=\"mb-4 text-lg md:leading-8 break-words\">Le groupe copr\u00e9sid\u00e9 par <a href=\"https:\/\/www.20minutes.fr\/dossier\/sophia-chikirou?at_medium=RSS%20feed&amp;at_campaign=ynews&amp;utm_source=yahoo&amp;utm_medium=rss&amp;utm_campaign=news_feed&amp;utm_content=in_article_link\" rel=\"nofollow noopener\" target=\"_blank\" data-ylk=\"elm:link;elmt:article_link;slk:Sophia Chikirou;itc:0;sec:content-canvas\" data-yga=\"{&quot;yLinkElement&quot;:&quot;context_link&quot;,&quot;yModuleName&quot;:&quot;content-canvas&quot;,&quot;yLinkText&quot;:&quot;Sophia Chikirou&quot;}\" class=\"link \">Sophia Chikirou<\/a> (LFI) au Conseil de <a href=\"https:\/\/www.20minutes.fr\/paris\/?at_medium=RSS%20feed&amp;at_campaign=ynews&amp;utm_source=yahoo&amp;utm_medium=rss&amp;utm_campaign=news_feed&amp;utm_content=in_article_link\" rel=\"nofollow noopener\" target=\"_blank\" data-ylk=\"elm:link;elmt:article_link;slk:Paris;itc:0;sec:content-canvas\" data-yga=\"{&quot;yLinkElement&quot;:&quot;context_link&quot;,&quot;yModuleName&quot;:&quot;content-canvas&quot;,&quot;yLinkText&quot;:&quot;Paris&quot;}\" class=\"link \">Paris <\/a>a annonc\u00e9, jeudi, avoir saisi le procureur afin de mettre en cause la \u00ab\u00a0responsabilit\u00e9 p\u00e9nale\u00a0\u00bb de la Ville dans le <a href=\"https:\/\/www.20minutes.fr\/societe\/4228115-20260609-violences-sexuelles-periscolaire-paris-132-animateurs-suspendus-52-soupcons-violences-sexuelles?at_medium=RSS%20feed&amp;at_campaign=ynews&amp;utm_source=yahoo&amp;utm_medium=rss&amp;utm_campaign=news_feed&amp;utm_content=in_article_link\" rel=\"nofollow noopener\" target=\"_blank\" data-ylk=\"elm:link;elmt:article_link;slk:scandale des violences sexuelles touchant le p\u00e9riscolaire.;itc:0;sec:content-canvas\" data-yga=\"{&quot;yLinkElement&quot;:&quot;context_link&quot;,&quot;yModuleName&quot;:&quot;content-canvas&quot;,&quot;yLinkText&quot;:&quot;scandale des violences sexuelles touchant le p\u00e9riscolaire.&quot;}\" class=\"link \">scandale des violences sexuelles touchant le p\u00e9riscolaire.<\/a><\/p>\n<p class=\"mb-4 text-lg md:leading-8 break-words\">Le signalement, effectu\u00e9 sur le fondement de l\u2019article\u00a040 du Code de proc\u00e9dure p\u00e9nale, \u00ab\u00a0ne porte pas sur ces violences elles-m\u00eames, mais sur ce qui les a entour\u00e9es\u00a0\u00bb. En particulier \u00ab\u00a0la connaissance ancienne du risque\u00a0\u00bb et \u00ab\u00a0les d\u00e9faillances dans son traitement\u00a0\u00bb, indique dans un communiqu\u00e9 le groupe Nouveau Paris populaire. Copr\u00e9sid\u00e9 par Sophia Chikirou et l\u2019\u00e9cologiste Emile Meunier, il compte neuf \u00e9lus au Conseil de Paris.<\/p>\n<p>Des \u00ab\u00a0signalements tardifs\u00a0\u00bb<\/p>\n<p class=\"mb-4 text-lg md:leading-8 break-words\">Dans son courrier au procureur, le groupe s\u2019appuie notamment sur un rapport de l\u2019Inspection g\u00e9n\u00e9rale de la Ville datant de juin\u00a02015. Selon lui, les pr\u00e9conisations formul\u00e9es \u00e0 l\u2019\u00e9poque seraient rest\u00e9es \u00ab\u00a0sans effet\u00a0\u00bb. Les \u00e9lus d\u00e9noncent \u00e9galement des \u00ab\u00a0signalements tardifs\u00a0\u00bb ainsi que des situations o\u00f9 des agents auraient \u00e9t\u00e9 d\u00e9plac\u00e9s plut\u00f4t qu\u2019\u00e9cart\u00e9s. Ils citent le cas d\u2019une \u00e9cole maternelle du 12e\u00a0arrondissement o\u00f9 \u00ab\u00a0des faits susceptibles de constituer des <a href=\"https:\/\/www.20minutes.fr\/dossier\/violences_sexuelles?at_medium=RSS%20feed&amp;at_campaign=ynews&amp;utm_source=yahoo&amp;utm_medium=rss&amp;utm_campaign=news_feed&amp;utm_content=in_article_link\" rel=\"nofollow noopener\" target=\"_blank\" data-ylk=\"elm:link;elmt:article_link;slk:agressions sexuelles;itc:0;sec:content-canvas\" data-yga=\"{&quot;yLinkElement&quot;:&quot;context_link&quot;,&quot;yModuleName&quot;:&quot;content-canvas&quot;,&quot;yLinkText&quot;:&quot;agressions sexuelles&quot;}\" class=\"link \">agressions sexuelles<\/a>, remontant \u00e0 l\u2019automne\u00a02023, n\u2019ont conduit au retrait de l\u2019animateur concern\u00e9 qu\u2019\u00e0 l\u2019\u00e9t\u00e9\u00a02025\u00a0\u00bb.<\/p>\n<p class=\"mb-4 text-lg md:leading-8 break-words\">Ils \u00e9voquent aussi une \u00e9cole du 7e\u00a0arrondissement, o\u00f9 \u00ab\u00a0un animateur signal\u00e9 pour des violences n\u2019a pas \u00e9t\u00e9 suspendu\u00a0\u00bb avant d\u2019\u00eatre affect\u00e9 \u00e0 un autre \u00e9tablissement du 15e\u00a0arrondissement en d\u00e9cembre\u00a02025.<\/p>\n<p class=\"mb-4 text-lg md:leading-8 break-words\">Une enqu\u00ea(&#8230;)<\/p>\n<p class=\"mb-4 text-lg md:leading-8 break-words\"><a href=\"https:\/\/www.20minutes.fr\/societe\/4228497-20260611-periscolaire-paris-chikirou-fait-signalement-met-cause-responsabilite-penale-municipalite?at_medium=RSS%20feed&amp;at_campaign=ynews&amp;utm_source=yahoo&amp;utm_medium=rss&amp;utm_campaign=news_feed&amp;utm_content=read_more_link&quot;\" rel=\"nofollow noopener\" target=\"_blank\" data-ylk=\"elm:link;elmt:article_link;slk:Lire la suite sur 20minutes;itc:0;sec:content-canvas\" data-yga=\"{&quot;yLinkElement&quot;:&quot;context_link&quot;,&quot;yModuleName&quot;:&quot;content-canvas&quot;,&quot;yLinkText&quot;:&quot;Lire la suite sur 20minutes&quot;}\" class=\"link \">Lire la suite sur 20minutes<\/a><\/p>\n<p>\u00c0 lire aussi :<br \/><a href=\"https:\/\/www.20minutes.fr\/societe\/4228115-20260609-violences-sexuelles-periscolaire-paris-132-animateurs-suspendus-52-soupcons-violences-sexuelles?at_medium=RSS%20feed&amp;at_campaign=ynews&amp;utm_source=yahoo&amp;utm_medium=rss&amp;utm_campaign=news_feed&amp;utm_content=related_content_link\" rel=\"nofollow noopener\" target=\"_blank\" data-ylk=\"elm:link;elmt:article_link;slk:Violences sexuelles dans le p\u00e9riscolaire \u00e0 Paris\u00a0: 132 animateurs suspendus, 52 pour soup\u00e7ons de violences sexuelles;itc:0;sec:content-canvas\" data-yga=\"{&quot;yLinkElement&quot;:&quot;context_link&quot;,&quot;yModuleName&quot;:&quot;content-canvas&quot;,&quot;yLinkText&quot;:&quot;Violences sexuelles dans le p\u00e9riscolaire \u00e0 Paris&amp;nbsp&quot;}\" class=\"link \">Violences sexuelles dans le p\u00e9riscolaire \u00e0 Paris\u00a0: 132 animateurs suspendus, 52 pour soup\u00e7ons de violences sexuelles<\/a><br \/><a href=\"https:\/\/www.20minutes.fr\/faits_divers\/faits-divers-lyon\/4228333-20260610-plaintes-viols-agression-sexuelle-centre-periscolaire-pres-lyon?at_medium=RSS%20feed&amp;at_campaign=ynews&amp;utm_source=yahoo&amp;utm_medium=rss&amp;utm_campaign=news_feed&amp;utm_content=related_content_link\" rel=\"nofollow noopener\" target=\"_blank\" data-ylk=\"elm:link;elmt:article_link;slk:Lyon: Plaintes pour viols et agressions sexuelles dans un centre p\u00e9riscolaire;itc:0;sec:content-canvas\" data-yga=\"{&quot;yLinkElement&quot;:&quot;context_link&quot;,&quot;yModuleName&quot;:&quot;content-canvas&quot;,&quot;yLinkText&quot;:&quot;Lyon&quot;}\" class=\"link \">Lyon: Plaintes pour viols et agressions sexuelles dans un centre p\u00e9riscolaire<\/a><\/p>\n","protected":false},"excerpt":{"rendered":"p\u00e9docriminalit\u00e9 &#8211; Le groupe Nouveau Paris populaire, copr\u00e9sid\u00e9 par Sophia Chikirou et Emile Meunier, a saisi le procureur&hellip;\n","protected":false},"author":2,"featured_media":992976,"comment_status":"","ping_status":"","sticky":false,"template":"","format":"standard","meta":{"footnotes":"","_share_on_mastodon":"0"},"categories":[1888],"tags":[1111,1928,11,1927,50424,2617,1777,674,1011,27,12,1926,626,1925,25,104256,18834,799],"class_list":["post-992975","post","type-post","status-publish","format-standard","has-post-thumbnail","category-paris","tag-actu","tag-actu-paris","tag-actualites","tag-actualites-paris","tag-code-de-procedure-penale","tag-conseil-de-paris","tag-eu","tag-europe","tag-fr","tag-france","tag-news","tag-news-paris","tag-paris","tag-paris-news","tag-republique-francaise","tag-responsabilite-penale","tag-sophia-chikirou","tag-violences-sexuelles"],"share_on_mastodon":{"url":"https:\/\/pubeurope.com\/@fr\/116731486235042938","error":""},"_links":{"self":[{"href":"https:\/\/www.europesays.com\/fr\/wp-json\/wp\/v2\/posts\/992975","targetHints":{"allow":["GET"]}}],"collection":[{"href":"https:\/\/www.europesays.com\/fr\/wp-json\/wp\/v2\/posts"}],"about":[{"href":"https:\/\/www.europesays.com\/fr\/wp-json\/wp\/v2\/types\/post"}],"author":[{"embeddable":true,"href":"https:\/\/www.europesays.com\/fr\/wp-json\/wp\/v2\/users\/2"}],"replies":[{"embeddable":true,"href":"https:\/\/www.europesays.com\/fr\/wp-json\/wp\/v2\/comments?post=992975"}],"version-history":[{"count":0,"href":"https:\/\/www.europesays.com\/fr\/wp-json\/wp\/v2\/posts\/992975\/revisions"}],"wp:featuredmedia":[{"embeddable":true,"href":"https:\/\/www.europesays.com\/fr\/wp-json\/wp\/v2\/media\/992976"}],"wp:attachment":[{"href":"https:\/\/www.europesays.com\/fr\/wp-json\/wp\/v2\/media?parent=992975"}],"wp:term":[{"taxonomy":"category","embeddable":true,"href":"https:\/\/www.europesays.com\/fr\/wp-json\/wp\/v2\/categories?post=992975"},{"taxonomy":"post_tag","embeddable":true,"href":"https:\/\/www.europesays.com\/fr\/wp-json\/wp\/v2\/tags?post=992975"}],"curies":[{"name":"wp","href":"https:\/\/api.w.org\/{rel}","templated":true}]}}