{"id":99300,"date":"2025-05-14T12:06:12","date_gmt":"2025-05-14T12:06:12","guid":{"rendered":"https:\/\/www.europesays.com\/fr\/99300\/"},"modified":"2025-05-14T12:06:12","modified_gmt":"2025-05-14T12:06:12","slug":"decoration-les-3-tendances-les-plus-fortes-de-la-saison-selon-ad","status":"publish","type":"post","link":"https:\/\/www.europesays.com\/fr\/99300\/","title":{"rendered":"D\u00e9coration : les 3 tendances les plus fortes de la saison selon AD"},"content":{"rendered":"<p>Ultra color\u00e9e mais savamment d\u00e9corative, la nouvelle tendance joue sur le fil de l&rsquo;excentricit\u00e9. Broderie en polyester, rev\u00eatement mural en rotin ou <a href=\"https:\/\/www.admagazine.fr\/article\/tissus-tendances-domineront-saison\" target=\"_blank\" rel=\"noopener\">tapis<\/a> en laine tuft\u00e9 main, signe la tendance fantaisiste. Et si le corail \u00e9tait plus qu\u2019une couleur ? En jouant de ses motifs dentel\u00e9s, c\u2019est aussi l\u2019\u00e2me du <a href=\"https:\/\/www.admagazine.fr\/article\/japon-epoustouflant-land-art\" target=\"_blank\" rel=\"noopener\">Japon<\/a> que l\u2019on invite dans une \u00e9l\u00e9gance organique.<\/p>\n<p><strong>Broderie<\/strong> en polyester sur une toile de lin et coton, Palazzina Cinese, 127 cm de l, CLARENCE HOUSE CHEZ JULES ET JIM ; <strong>Imprime\u0301<\/strong> en lin et coton, De La Tour, 127 cm de l, PAOLO MOSCHINO CHEZ IDO ; <strong>Reve\u0302tement mural<\/strong> en rotin tisse\u0301 main, Rattan, 90 cm de l, ARTE ; <strong>Papier peint<\/strong> intisse\u0301, Rivie\u0300re, rouleau de 10 m, PAOLO MOSCHINO CHEZ IDO.<\/p>\n<p><strong>Miser sur le bleu nuit pour cr\u00e9e une atmosph\u00e8re de jardin nocturne<\/strong><\/p>\n<p>Le jardin bleu, une sce\u0301nographie de Fanny Perrier, 2024.<\/p>\n<p>\u00a9 Julien Drach<\/p>\n<p>Onirique, cette tendance au bleu profond est une invitation \u00e0 l\u2019\u00e9vasion et \u00e0 la m\u00e9ditation. \u00c9merg\u00e9 comme un sanctuaire, Fanny Perrier propose un voyage cr\u00e9pusculaire et signe la tendance inspir\u00e9e d\u2019une nuit \u00e0 <a href=\"https:\/\/www.admagazine.fr\/article\/vincenzo-de-cotiis-inaugure-sa-nouvelle-fondation-a-venise\" target=\"_blank\" rel=\"noopener\">Venise<\/a>. Velours en polyester, lin imprim\u00e9 et tapis nou\u00e9 main \u00e9voquent les motifs dignes des palais italiens. Des motifs pastoraux baroques, des tonalit\u00e9s bleu nuit, de pr\u00e9cieuses \u00e9toffes\u2026 Ou comment conqu\u00e9rir les terres du chic ultime.<\/p>\n","protected":false},"excerpt":{"rendered":"Ultra color\u00e9e mais savamment d\u00e9corative, la nouvelle tendance joue sur le fil de l&rsquo;excentricit\u00e9. Broderie en polyester, rev\u00eatement&hellip;\n","protected":false},"author":2,"featured_media":99301,"comment_status":"","ping_status":"","sticky":false,"template":"","format":"standard","meta":{"footnotes":""},"categories":[1358],"tags":[1348,1384,1385,1386,58,59,1011,27,4953,19246],"class_list":{"0":"post-99300","1":"post","2":"type-post","3":"status-publish","4":"format-standard","5":"has-post-thumbnail","7":"category-arts-et-design","8":"tag-arts","9":"tag-arts-and-design","10":"tag-arts-et-design","11":"tag-design","12":"tag-divertissement","13":"tag-entertainment","14":"tag-fr","15":"tag-france","16":"tag-tendances-2025","17":"tag-tendances-dinterieur"},"share_on_mastodon":{"url":"https:\/\/pubeurope.com\/@fr\/114506103821559447","error":""},"_links":{"self":[{"href":"https:\/\/www.europesays.com\/fr\/wp-json\/wp\/v2\/posts\/99300","targetHints":{"allow":["GET"]}}],"collection":[{"href":"https:\/\/www.europesays.com\/fr\/wp-json\/wp\/v2\/posts"}],"about":[{"href":"https:\/\/www.europesays.com\/fr\/wp-json\/wp\/v2\/types\/post"}],"author":[{"embeddable":true,"href":"https:\/\/www.europesays.com\/fr\/wp-json\/wp\/v2\/users\/2"}],"replies":[{"embeddable":true,"href":"https:\/\/www.europesays.com\/fr\/wp-json\/wp\/v2\/comments?post=99300"}],"version-history":[{"count":0,"href":"https:\/\/www.europesays.com\/fr\/wp-json\/wp\/v2\/posts\/99300\/revisions"}],"wp:featuredmedia":[{"embeddable":true,"href":"https:\/\/www.europesays.com\/fr\/wp-json\/wp\/v2\/media\/99301"}],"wp:attachment":[{"href":"https:\/\/www.europesays.com\/fr\/wp-json\/wp\/v2\/media?parent=99300"}],"wp:term":[{"taxonomy":"category","embeddable":true,"href":"https:\/\/www.europesays.com\/fr\/wp-json\/wp\/v2\/categories?post=99300"},{"taxonomy":"post_tag","embeddable":true,"href":"https:\/\/www.europesays.com\/fr\/wp-json\/wp\/v2\/tags?post=99300"}],"curies":[{"name":"wp","href":"https:\/\/api.w.org\/{rel}","templated":true}]}}