{"id":99304,"date":"2025-05-14T12:08:10","date_gmt":"2025-05-14T12:08:10","guid":{"rendered":"https:\/\/www.europesays.com\/fr\/99304\/"},"modified":"2025-05-14T12:08:10","modified_gmt":"2025-05-14T12:08:10","slug":"avant-premiere-demain-nous-appartient-du-15-mai-2025-episode-1944-tf1","status":"publish","type":"post","link":"https:\/\/www.europesays.com\/fr\/99304\/","title":{"rendered":"Avant-premi\u00e8re &#8211; Demain nous appartient du 15 mai 2025 &#8211; Episode 1944 &#8211; TF1+"},"content":{"rendered":"<ol>\n<li><a href=\"https:\/\/news.google.com\/rss\/articles\/CBMizAFBVV95cUxOTnlVa0IzZFRfSndPdVhPckFkWlQ4MzZPVjU1LXBxVGRNYmp0RVJvTm9xcFRZM2tyeGdXbmRYUDd6WGZ0LU5hZmNMNW9JUGhEeTk1SjZWazBOdUNUcUxlNGh3WU5xenh5dnJqd09yb3RJaURERG0tQ2tVVFhNcFM5c2dwNG9xb2dtaUZDYlZnVnk0UXMteGpkVUtQMXMyV3J3YUk5NGlqYkF0a25FYzNtLVNfbEdPMjRVN0U0dGRXQkFYRy1XbUJreGVaN2c?oc=5\" target=\"_blank\" rel=\"noopener\">Avant-premi\u00e8re &#8211; Demain nous appartient du 15 mai 2025 &#8211; Episode 1944<\/a>&nbsp;&nbsp;TF1+<\/li>\n<li><a href=\"https:\/\/news.google.com\/rss\/articles\/CBMifkFVX3lxTE5DVGtyVGpSU1pyZkRQc2RvckxKeFQxX2Zib2ZoaXNGVlo3dXYzejhxSGtlWjVBclpMTHp5RTR3WVBRclZDUzR2bHJEQTBBbldtUy1CNEZhckRYbTcwamtqak44b1BoRGJXdXlIYnJYVG5XTWZmdi1ZN2NUSDZtQQ?oc=5\" target=\"_blank\" rel=\"noopener\">Demain nous appartient : ce qui vous attend dans l&rsquo;\u00e9pisode 1943 du mercredi 14 mai 2025 [SPOILERS]<\/a>&nbsp;&nbsp;AlloCin\u00e9<\/li>\n<li><a href=\"https:\/\/news.google.com\/rss\/articles\/CBMiqgJBVV95cUxQeHotR01QSldoRGJjMnpMMHZ2YzlWVGFRMEhSbmEyUExOTnBTS2RkV2FSOXJUaXJ4U3dxS2xTZHBvMlBOQjFNMWZvMGRUMXdPX1BBc2RydWItOGp3LUh6MzhzYTJIVm5QLWh6VGVsRzgxa2VRY0x1bV9fY1M1UEZqS2h0dFZ4TTdlenI0aC1mTFNXXzJ4OFVOd3JUQkxzSlZveXFBNVQ0U1NDLXExN2lzWWpfb2hTS3k4azd4b2JPVFlJdXhpYmpwcnhyblEzLVJyVFFURjRQb1J5ZXpDVG5IMlB2QUlKMElzVW45ZHNKX2d4eE9oUk9feFViMzUxcU1uWFlBczkwampCTFRycW1hc1FxYXprblBKZUprN20tMlhGamNKVXZwamV3?oc=5\" target=\"_blank\" rel=\"noopener\">Demain nous appartient : Philippine r\u00e9v\u00e8le son secret \u00e0 Damien\u2026 Que va-t-il se passer dans les \u00e9pisodes de cette semaine sur TF1 ?<\/a>&nbsp;&nbsp;T\u00e9l\u00e9 7 Jours<\/li>\n<li><a href=\"https:\/\/news.google.com\/rss\/articles\/CBMitAJBVV95cUxPck9fQUlCdm1WelpBbG1DRTgydHNWUElrWC03WU5hVFVrOG02ckMtbVgyRlBrMWZzelVvNHowbXA5Q0JURVNkWFRqRmVRSGw4SFNkdFA4OEpWR294Z3p4dzN3QzMzNi1PT29YZTVSUkRXTEpJX2RIZTVjVGJmQlN6MC04QTAycFQwY21Yb1p0dEs1YTJBb3poRXJmd0FuaEpzN040dXpMNEE1aXBBRTRSX0Ryb1AtUDlxUVFOTEJUMFlGWnBtUmpJdWtlVXNXN3c1YTBYVFZuN3IteVg3WkJQMHhYeG10Qk95NGVyTVNtYjBKbmR4VzE0M2pFQy1IZmRWT3BpNHN5enZiS0NrM3F6amo5NHE4cjFtaWZkTnY2cXhxM2ZTeFJiaS1FWDdTLVphUkhEaw?oc=5\" target=\"_blank\" rel=\"noopener\">Demain nous appartient en avance : Charles a \u00e9t\u00e9 enlev\u00e9 ! Des traces de son sang ont \u00e9t\u00e9 retrouv\u00e9s&#8230; Est-il mort ? Le r\u00e9sum\u00e9 de l&rsquo;\u00e9pisode 1943 du mercredi 14 mai 2025<\/a>&nbsp;&nbsp;programme-tv.net<\/li>\n<li><a href=\"https:\/\/news.google.com\/rss\/articles\/CBMihwFBVV95cUxOeVlUZl90N3RYaFg4aUt4TTJjNUVjR21IMzdraVpXc2xBRnVLWGlGanVFR05TZERMQUZmTXJaRUw3Z1JpNjBEYVFHbmw4RkQza2M2eGthaDJ1UzRPT2l0cC1qOExOLWFKenFOMldlMl92NVJySnVXbnFQOG81Y2ZYa3Foai1JSjg?oc=5\" target=\"_blank\" rel=\"noopener\">Demain nous appartient : un secret de famille refait surface, et tout s\u2019effondre pour Damien<\/a>&nbsp;&nbsp;Yahoo Actualit\u00e9s<\/li>\n<\/ol>\n","protected":false},"excerpt":{"rendered":"Avant-premi\u00e8re &#8211; Demain nous appartient du 15 mai 2025 &#8211; Episode 1944&nbsp;&nbsp;TF1+ Demain nous appartient : ce qui&hellip;\n","protected":false},"author":2,"featured_media":99305,"comment_status":"","ping_status":"","sticky":false,"template":"","format":"standard","meta":{"footnotes":""},"categories":[1356],"tags":[3598,4090,58,59,1365,4089,1011,27,4092,252,1364,4091,4093],"class_list":{"0":"post-99304","1":"post","2":"type-post","3":"status-publish","4":"format-standard","5":"has-post-thumbnail","7":"category-television","8":"tag-demain-nous-appartient","9":"tag-demain-nous-appartient-episode","10":"tag-divertissement","11":"tag-entertainment","12":"tag-episode","13":"tag-episode-demain-nous-appartient","14":"tag-fr","15":"tag-france","16":"tag-streaming-demain-nous-appartient","17":"tag-television","18":"tag-tv","19":"tag-video-demain-nous-appartient","20":"tag-video-en-streaming-demain-nous-appartient"},"share_on_mastodon":{"url":"https:\/\/pubeurope.com\/@fr\/114506111728686014","error":""},"_links":{"self":[{"href":"https:\/\/www.europesays.com\/fr\/wp-json\/wp\/v2\/posts\/99304","targetHints":{"allow":["GET"]}}],"collection":[{"href":"https:\/\/www.europesays.com\/fr\/wp-json\/wp\/v2\/posts"}],"about":[{"href":"https:\/\/www.europesays.com\/fr\/wp-json\/wp\/v2\/types\/post"}],"author":[{"embeddable":true,"href":"https:\/\/www.europesays.com\/fr\/wp-json\/wp\/v2\/users\/2"}],"replies":[{"embeddable":true,"href":"https:\/\/www.europesays.com\/fr\/wp-json\/wp\/v2\/comments?post=99304"}],"version-history":[{"count":0,"href":"https:\/\/www.europesays.com\/fr\/wp-json\/wp\/v2\/posts\/99304\/revisions"}],"wp:featuredmedia":[{"embeddable":true,"href":"https:\/\/www.europesays.com\/fr\/wp-json\/wp\/v2\/media\/99305"}],"wp:attachment":[{"href":"https:\/\/www.europesays.com\/fr\/wp-json\/wp\/v2\/media?parent=99304"}],"wp:term":[{"taxonomy":"category","embeddable":true,"href":"https:\/\/www.europesays.com\/fr\/wp-json\/wp\/v2\/categories?post=99304"},{"taxonomy":"post_tag","embeddable":true,"href":"https:\/\/www.europesays.com\/fr\/wp-json\/wp\/v2\/tags?post=99304"}],"curies":[{"name":"wp","href":"https:\/\/api.w.org\/{rel}","templated":true}]}}