{"id":99306,"date":"2025-05-14T12:09:11","date_gmt":"2025-05-14T12:09:11","guid":{"rendered":"https:\/\/www.europesays.com\/fr\/99306\/"},"modified":"2025-05-14T12:09:11","modified_gmt":"2025-05-14T12:09:11","slug":"milli-vanilli-de-la-gloire-au-cauchemar-le-chanteur-fab-morvan-revient-sur-le-scandale","status":"publish","type":"post","link":"https:\/\/www.europesays.com\/fr\/99306\/","title":{"rendered":"\u00ab\u00a0Milli Vanilli, de la gloire au cauchemar\u00a0\u00bb : le chanteur Fab Morvan revient sur le scandale"},"content":{"rendered":"<p>Le film \u00ab\u00a0Milli Vanilli, de la gloire au cauchemar\u00a0\u00bb sort ce mercredi 14 mai.Il retrace l\u2019ascension et la chute du duo pop des ann\u00e9es 80.Candice Mahout revient dans \u00ab\u00a0Bonjour ! La Matinale TF1\u00a0\u00bb sur les origines de ce groupe.<a href=\"https:\/\/www.tf1info.fr\/emissions\/tf1\/bonjour-la-matinale-tf1-13516\/\" rel=\"noopener\" class=\"jsx-3118104007 Link jsx-1428418400 jsx-640816507\" target=\"_blank\"><\/p>\n<p style=\"font-weight:400\" class=\"jsx-1837267516\">Suivez la couverture compl\u00e8te<\/p>\n<p style=\"font-weight:800\" class=\"jsx-1837267516\">Bonjour ! La Matinale TF1<\/p>\n<p><\/a><\/p>\n<p data-module=\"article-paragraph\" class=\"jsx-362436225 Paragraph\">Milli Vanilli a marqu\u00e9 le monde de la musique, pour le meilleur\u2026 mais aussi pour le pire. Compos\u00e9 du Fran\u00e7ais Fabrice Morvan et de l\u2019Allemand Robert Pilatus, le duo mythique de la fin des ann\u00e9es 1980 a connu une ascension fulgurante avec la <a href=\"https:\/\/www.tf1info.fr\/culture\/confession-mylene-farmer-festival-de-cannes-2025-la-chanson-hommage-pour-david-lynch-debarque-sur-les-plateformes-streaming-2370611.html\" target=\"_blank\" rel=\"noopener\">chanson<\/a> \u00ab\u00a0Girls, You Know It&rsquo;s True\u00a0\u00bb, avant de conna\u00eetre une chute extr\u00eamement brutale.<\/p>\n<p data-module=\"article-paragraph\" class=\"jsx-362436225 Paragraph\">En juillet 1989, le duo se produit sur sc\u00e8ne mais la bande-son s&rsquo;arr\u00eate en plein <a href=\"https:\/\/www.tf1info.fr\/culture\/video-reportage-tf1-c-etait-une-fausse-place-les-arnaques-aux-billets-de-concerts-se-multiplient-voici-les-pieges-a-eviter-2370407.html\" target=\"_blank\" rel=\"noopener\">concert<\/a>. C&rsquo;est \u00e0 ce moment-l\u00e0 que l&rsquo;on d\u00e9couvre qu\u2019ils ne chantaient pas eux-m\u00eames mais que leurs titres \u00e9taient interpr\u00e9t\u00e9s et compos\u00e9s par des artistes anonymes r\u00e9tribu\u00e9s par leur maison de disques.<\/p>\n<p data-module=\"article-paragraph\" class=\"jsx-362436225 Paragraph Paragraph__End\">\u00ab\u00a0L&rsquo;abandon total. En g\u00e9n\u00e9ral, la c\u00e9l\u00e9brit\u00e9 s&rsquo;en va graduellement. Mais l\u00e0, c&rsquo;est parti d&rsquo;un jour \u00e0 l&rsquo;autre. Ce qui fait que le respect a \u00e9t\u00e9 perdu. C&rsquo;est un cauchemar\u00a0\u00bb, se rappelle Fabrice Morvan, trente-cinq ans plus tard.\u00a0<\/p>\n<p>Un film retrace ce parcours<\/p>\n<p data-module=\"article-paragraph\" class=\"jsx-362436225 Paragraph\">En salles ce mercredi 14 mai, le film Milli Vanilli, de la gloire au cauchemar,\u00a0de Simon Verhoeven raconte cette histoire.\u00a0<\/p>\n<p data-module=\"article-paragraph\" class=\"jsx-362436225 Paragraph Paragraph__End\">Elan Ben Ali et Tijan Njie incarnent le Fran\u00e7ais Fabrice Morvan et l\u2019Allemand Rob Pilatus pour faire revivre l\u2019ascension fulgurante et la chute subite de ces gar\u00e7ons, propuls\u00e9s dans la lumi\u00e8re par le producteur Frank Farian, \u00e9galement cr\u00e9ateur du groupe Boney M.<\/p>\n<ul class=\"jsx-3657663356 ReadMoreArticle__List flex flex-column\">\n<li class=\"jsx-3657663356\"><a href=\"https:\/\/www.tf1info.fr\/culture\/programme-tv-tf1-filip-un-ancien-de-la-serie-ici-tout-commence-incarnera-le-chanteur-des-2be3-2370141.html\" rel=\"noopener\" class=\"jsx-4233824444 Link flex\" target=\"_blank\"><img decoding=\"async\" src=\"https:\/\/www.europesays.com\/fr\/wp-content\/uploads\/2025\/05\/filip-nicolic-2006-2e90fa-0@1x.jpeg\" alt=\"Filip Nicolic, le chanteur des 2Be3, en 2006.\" loading=\"lazy\" importance=\"low\" fetchpriority=\"low\" class=\"\"\/>\n<p class=\"jsx-3657663356 ReadMoreArticle__Title\">Lire aussi<\/p>\n<p class=\"jsx-3657663356\">\u00ab\u00a0Filip\u00a0\u00bb : un ancien de la s\u00e9rie \u00ab\u00a0Ici tout commence\u00a0\u00bb incarnera le chanteur des 2Be3 pour TF1<\/p>\n<p><\/a><\/li>\n<\/ul>\n<p data-module=\"article-paragraph\" class=\"jsx-362436225 Paragraph\">Le Fran\u00e7ais a mis longtemps \u00e0 accepter que l&rsquo;histoire soit port\u00e9e au cin\u00e9ma. Consultant sur le film, il a souhait\u00e9 r\u00e9tablir la responsabilit\u00e9 du producteur de la maison de disques, qui a, selon lui, abus\u00e9 de leur na\u00efvet\u00e9.\u00a0<\/p>\n<p data-module=\"article-paragraph\" class=\"jsx-362436225 Paragraph Paragraph__End\">Son acolyte Robert Pilatus lui, est d\u00e9c\u00e9d\u00e9 \u00e0 la fin des ann\u00e9es 90 \u00e0 l&rsquo;\u00e2ge de 33 ans.<\/p>\n<p>Thibault JEANNIN<\/p>\n","protected":false},"excerpt":{"rendered":"Le film \u00ab\u00a0Milli Vanilli, de la gloire au cauchemar\u00a0\u00bb sort ce mercredi 14 mai.Il retrace l\u2019ascension et la&hellip;\n","protected":false},"author":2,"featured_media":99307,"comment_status":"","ping_status":"","sticky":false,"template":"","format":"standard","meta":{"footnotes":""},"categories":[1355],"tags":[1111,11,672,1921,6778,58,59,1011,27,1922,2041,1361,873,133,2040],"class_list":{"0":"post-99306","1":"post","2":"type-post","3":"status-publish","4":"format-standard","5":"has-post-thumbnail","7":"category-musique","8":"tag-actu","9":"tag-actualites","10":"tag-allemagne","11":"tag-article-video","12":"tag-bonjour-la-matinale-tf1","13":"tag-divertissement","14":"tag-entertainment","15":"tag-fr","16":"tag-france","17":"tag-info","18":"tag-medias-et-divertissement","19":"tag-music","20":"tag-musique","21":"tag-video","22":"tag-video-culture"},"share_on_mastodon":{"url":"https:\/\/pubeurope.com\/@fr\/114506115538750630","error":""},"_links":{"self":[{"href":"https:\/\/www.europesays.com\/fr\/wp-json\/wp\/v2\/posts\/99306","targetHints":{"allow":["GET"]}}],"collection":[{"href":"https:\/\/www.europesays.com\/fr\/wp-json\/wp\/v2\/posts"}],"about":[{"href":"https:\/\/www.europesays.com\/fr\/wp-json\/wp\/v2\/types\/post"}],"author":[{"embeddable":true,"href":"https:\/\/www.europesays.com\/fr\/wp-json\/wp\/v2\/users\/2"}],"replies":[{"embeddable":true,"href":"https:\/\/www.europesays.com\/fr\/wp-json\/wp\/v2\/comments?post=99306"}],"version-history":[{"count":0,"href":"https:\/\/www.europesays.com\/fr\/wp-json\/wp\/v2\/posts\/99306\/revisions"}],"wp:featuredmedia":[{"embeddable":true,"href":"https:\/\/www.europesays.com\/fr\/wp-json\/wp\/v2\/media\/99307"}],"wp:attachment":[{"href":"https:\/\/www.europesays.com\/fr\/wp-json\/wp\/v2\/media?parent=99306"}],"wp:term":[{"taxonomy":"category","embeddable":true,"href":"https:\/\/www.europesays.com\/fr\/wp-json\/wp\/v2\/categories?post=99306"},{"taxonomy":"post_tag","embeddable":true,"href":"https:\/\/www.europesays.com\/fr\/wp-json\/wp\/v2\/tags?post=99306"}],"curies":[{"name":"wp","href":"https:\/\/api.w.org\/{rel}","templated":true}]}}