{"id":99310,"date":"2025-05-14T12:11:10","date_gmt":"2025-05-14T12:11:10","guid":{"rendered":"https:\/\/www.europesays.com\/fr\/99310\/"},"modified":"2025-05-14T12:11:10","modified_gmt":"2025-05-14T12:11:10","slug":"lalimentation-des-petites-filles-aurait-un-impact-sur-lage-de-larrivee-de-la-puberte","status":"publish","type":"post","link":"https:\/\/www.europesays.com\/fr\/99310\/","title":{"rendered":"L\u2019alimentation des petites filles aurait un impact sur l\u2019\u00e2ge de l\u2019arriv\u00e9e de la pubert\u00e9"},"content":{"rendered":"<p>Le r\u00f4le de <a href=\"https:\/\/www.20minutes.fr\/dossier\/alimentation\" class=\"color-ultramarine c-link\" target=\"_blank\" rel=\"noopener\">l\u2019alimentation<\/a> des petites filles aurait \u00e9t\u00e9 longtemps sous-estim\u00e9 en mati\u00e8re de d\u00e9termination de l\u2019\u00e2ge de la pubert\u00e9. Alors que la pr\u00e9disposition g\u00e9n\u00e9tique et le poids des enfants \u00e9taient jusque-l\u00e0 souvent consid\u00e9r\u00e9s comme des \u00e9l\u00e9ments d\u2019une importance capitale dans l\u2019arriv\u00e9e des premi\u00e8res r\u00e8gles, des chercheurs <a href=\"https:\/\/www.20minutes.fr\/monde\/etats-unis\/\" class=\"color-ultramarine c-link\" target=\"_blank\" rel=\"noopener\">am\u00e9ricains<\/a> ont publi\u00e9 le 6\u00a0mai dernier dans <a href=\"https:\/\/academic.oup.com\/humrep\/advance-article\/doi\/10.1093\/humrep\/deaf072\/8125832?login=false\" rel=\"nofollow noopener\" target=\"_blank\" class=\"color-ultramarine c-link\">Oxford Academic<\/a> une \u00e9tude insistant sur le r\u00f4le du \u00ab\u00a0sch\u00e9ma di\u00e9t\u00e9tique\u00a0\u00bb.<\/p>\n<p>Pour arriver \u00e0 leurs conclusions, les sp\u00e9cialistes ont \u00e9tudi\u00e9 les donn\u00e9es d\u2019un vaste projet scientifique et statistique ayant r\u00e9colt\u00e9 depuis les ann\u00e9es\u00a01990 des informations sur plus de 7.800 <a href=\"https:\/\/www.20minutes.fr\/dossier\/enfant\" class=\"color-ultramarine c-link\" target=\"_blank\" rel=\"noopener\">enfants<\/a> \u00e2g\u00e9s de 9 \u00e0 14 ans. Les auteurs des travaux se sont pench\u00e9s sur les r\u00e9ponses apport\u00e9es par les filles aux questions li\u00e9es \u00e0 leur alimentation avant l\u2019arriv\u00e9e de la pubert\u00e9 et ont \u00e9valu\u00e9 leur r\u00e9gime selon deux facteurs.<\/p>\n<p>Deux grilles de lecture utilis\u00e9es<\/p>\n<p>Dans leur analyse des choix alimentaires des jeunes filles, ils ont ainsi pris en compte \u00e0 la fois l\u2019\u00e9ventuel aspect inflammatoire, la concentration en nutriments et la capacit\u00e9 \u00e0 pr\u00e9venir certaines pathologies, explique <a href=\"https:\/\/www.futura-sciences.com\/sante\/actualites\/alimentation-ce-jeunes-filles-mangent-avant-10-ans-influence-arrivee-puberte-121891\/\" rel=\"nofollow noopener\" target=\"_blank\" class=\"color-ultramarine c-link\">Futura Sciences<\/a>. Les conclusions qu\u2019ils en ont tir\u00e9 \u00e9taient les m\u00eames quels que soient le poids et la taille des sujets\u00a0: un r\u00e9gime riche en nourriture pro-inflammatoire fait augmenter de 15\u00a0% la probabilit\u00e9 d\u2019une pubert\u00e9 pr\u00e9coce.<\/p>\n<\/p>\n<p>A l\u2019inverse, la pr\u00e9dominance d\u2019aliments riches en nutriments entra\u00eene l\u2019arriv\u00e9e plus tardive de la pubert\u00e9, en moyenne. Voil\u00e0 pourquoi Holly Harris, une des responsables de l\u2019\u00e9tude, a mis en avant l\u2019importance de donner aux petites filles pr\u00e9pub\u00e8res les moyens de se nourrir sainement. Pour l\u2019\u00e9pid\u00e9miologiste, il est n\u00e9cessaire \u00ab\u00a0que les petits-d\u00e9jeuners et les d\u00e9jeuners scolaires soient bas\u00e9s sur des directives fond\u00e9es sur des preuves\u202fscientifiques\u00a0\u00bb.<\/p>\n","protected":false},"excerpt":{"rendered":"Le r\u00f4le de l\u2019alimentation des petites filles aurait \u00e9t\u00e9 longtemps sous-estim\u00e9 en mati\u00e8re de d\u00e9termination de l\u2019\u00e2ge de&hellip;\n","protected":false},"author":2,"featured_media":99311,"comment_status":"","ping_status":"","sticky":false,"template":"","format":"standard","meta":{"footnotes":""},"categories":[10],"tags":[47,258,7078,1011,27,72,71,41],"class_list":{"0":"post-99310","1":"post","2":"type-post","3":"status-publish","4":"format-standard","5":"has-post-thumbnail","7":"category-sante","8":"tag-actualite","9":"tag-alimentation","10":"tag-etude","11":"tag-fr","12":"tag-france","13":"tag-health","14":"tag-sante","15":"tag-sciences"},"share_on_mastodon":{"url":"https:\/\/pubeurope.com\/@fr\/114506123434210720","error":""},"_links":{"self":[{"href":"https:\/\/www.europesays.com\/fr\/wp-json\/wp\/v2\/posts\/99310","targetHints":{"allow":["GET"]}}],"collection":[{"href":"https:\/\/www.europesays.com\/fr\/wp-json\/wp\/v2\/posts"}],"about":[{"href":"https:\/\/www.europesays.com\/fr\/wp-json\/wp\/v2\/types\/post"}],"author":[{"embeddable":true,"href":"https:\/\/www.europesays.com\/fr\/wp-json\/wp\/v2\/users\/2"}],"replies":[{"embeddable":true,"href":"https:\/\/www.europesays.com\/fr\/wp-json\/wp\/v2\/comments?post=99310"}],"version-history":[{"count":0,"href":"https:\/\/www.europesays.com\/fr\/wp-json\/wp\/v2\/posts\/99310\/revisions"}],"wp:featuredmedia":[{"embeddable":true,"href":"https:\/\/www.europesays.com\/fr\/wp-json\/wp\/v2\/media\/99311"}],"wp:attachment":[{"href":"https:\/\/www.europesays.com\/fr\/wp-json\/wp\/v2\/media?parent=99310"}],"wp:term":[{"taxonomy":"category","embeddable":true,"href":"https:\/\/www.europesays.com\/fr\/wp-json\/wp\/v2\/categories?post=99310"},{"taxonomy":"post_tag","embeddable":true,"href":"https:\/\/www.europesays.com\/fr\/wp-json\/wp\/v2\/tags?post=99310"}],"curies":[{"name":"wp","href":"https:\/\/api.w.org\/{rel}","templated":true}]}}